{"id":60174,"date":"2024-10-31T16:11:17","date_gmt":"2024-10-31T19:11:17","guid":{"rendered":"https:\/\/informateesquina.com\/?p=60174"},"modified":"2024-10-31T16:11:17","modified_gmt":"2024-10-31T19:11:17","slug":"celebracion-del-71-o-aniversario-de-pueblo-libertador-en-corrientes","status":"publish","type":"post","link":"http:\/\/informateesquina.com\/?p=60174","title":{"rendered":"Celebraci\u00f3n del 71.\u00ba Aniversario de Pueblo Libertador en Corrientes"},"content":{"rendered":"<div class=\"flex max-w-full flex-col flex-grow\">\n<div class=\"min-h-8 text-message flex w-full flex-col items-end gap-2 whitespace-normal break-words [.text-message+&amp;]:mt-5\" dir=\"auto\" data-message-author-role=\"assistant\" data-message-id=\"3c9698dc-dc32-419d-acc7-d7d9d3e3bc23\" data-message-model-slug=\"gpt-4o-mini\">\n<div class=\"flex w-full flex-col gap-1 empty:hidden first:pt-[3px]\">\n<div class=\"markdown prose w-full break-words dark:prose-invert light\">\n<p>Este a\u00f1o, Pueblo Libertador, una encantadora localidad del departamento Esquina en la provincia de Corrientes, conmemora su 71.\u00ba aniversario.<\/p>\n<p>Situada a 366 kil\u00f3metros de la capital provincial, esta comunidad ha crecido y evolucionado a lo largo de los a\u00f1os, consolid\u00e1ndose como un importante punto de encuentro cultural y social en la regi\u00f3n. Las festividades incluyen actividades recreativas y culturales que buscan celebrar la historia y el esp\u00edritu de unidad de sus habitantes.<\/p>\n<\/div>\n<\/div>\n<\/div>\n<\/div>\n","protected":false},"excerpt":{"rendered":"<p>Este a\u00f1o, Pueblo Libertador, una encantadora localidad del departamento Esquina en la provincia de Corrientes, conmemora su 71.\u00ba aniversario. Situada a 366 kil\u00f3metros de la capital provincial, esta comunidad ha crecido y evolucionado a lo largo de los a\u00f1os, consolid\u00e1ndose como un importante punto de encuentro cultural y social en la regi\u00f3n. Las festividades incluyen [&hellip;]<\/p>\n","protected":false},"author":3,"featured_media":60175,"comment_status":"open","ping_status":"open","sticky":false,"template":"","format":"standard","meta":{"footnotes":""},"categories":[10],"tags":[],"class_list":["post-60174","post","type-post","status-publish","format-standard","has-post-thumbnail","hentry","category-provinciales"],"_links":{"self":[{"href":"http:\/\/informateesquina.com\/index.php?rest_route=\/wp\/v2\/posts\/60174","targetHints":{"allow":["GET"]}}],"collection":[{"href":"http:\/\/informateesquina.com\/index.php?rest_route=\/wp\/v2\/posts"}],"about":[{"href":"http:\/\/informateesquina.com\/index.php?rest_route=\/wp\/v2\/types\/post"}],"author":[{"embeddable":true,"href":"http:\/\/informateesquina.com\/index.php?rest_route=\/wp\/v2\/users\/3"}],"replies":[{"embeddable":true,"href":"http:\/\/informateesquina.com\/index.php?rest_route=%2Fwp%2Fv2%2Fcomments&post=60174"}],"version-history":[{"count":1,"href":"http:\/\/informateesquina.com\/index.php?rest_route=\/wp\/v2\/posts\/60174\/revisions"}],"predecessor-version":[{"id":60176,"href":"http:\/\/informateesquina.com\/index.php?rest_route=\/wp\/v2\/posts\/60174\/revisions\/60176"}],"wp:featuredmedia":[{"embeddable":true,"href":"http:\/\/informateesquina.com\/index.php?rest_route=\/wp\/v2\/media\/60175"}],"wp:attachment":[{"href":"http:\/\/informateesquina.com\/index.php?rest_route=%2Fwp%2Fv2%2Fmedia&parent=60174"}],"wp:term":[{"taxonomy":"category","embeddable":true,"href":"http:\/\/informateesquina.com\/index.php?rest_route=%2Fwp%2Fv2%2Fcategories&post=60174"},{"taxonomy":"post_tag","embeddable":true,"href":"http:\/\/informateesquina.com\/index.php?rest_route=%2Fwp%2Fv2%2Ftags&post=60174"}],"curies":[{"name":"wp","href":"https:\/\/api.w.org\/{rel}","templated":true}]}}