{"id":60177,"date":"2024-10-31T16:30:34","date_gmt":"2024-10-31T19:30:34","guid":{"rendered":"https:\/\/informateesquina.com\/?p=60177"},"modified":"2024-10-31T16:30:34","modified_gmt":"2024-10-31T19:30:34","slug":"generacion-zoe-por-que-la-fiscalia-rechazo-el-acuerdo-entre-partes","status":"publish","type":"post","link":"http:\/\/informateesquina.com\/?p=60177","title":{"rendered":"Generaci\u00f3n Zoe: \u00bfPor qu\u00e9 la Fiscal\u00eda rechaz\u00f3 el acuerdo entre partes?"},"content":{"rendered":"<p class=\"copete\">El Tribunal deneg\u00f3 el acuerdo entre los imputados y los damnificados en Corrientes, en un caso de presunta estafa piramidal y asociaci\u00f3n il\u00edcita. El Dr. Ricardo Sosa explic\u00f3\u00a0los fundamentos legales que sostienen la decisi\u00f3n de la Fiscal\u00eda y el impacto para las v\u00edctimas.<\/p>\n<div class=\"fotos-y-videos\">\n<div class=\"tab-content\">\n<div id=\"fotos\" class=\"tab-pane fade in active\" role=\"tabpanel\"><a class=\"fotos-desarrollo unlink\" title=\"Generaci\u00f3n Zoe: \u00bfPor qu\u00e9 la Fiscal\u00eda rechaz\u00f3 el acuerdo entre partes?\" href=\"https:\/\/www.radiosudamericana.com\/notix\/multimedia\/imagenes\/fotos\/2024-10-31\/817176.jpg\"><img loading=\"lazy\" decoding=\"async\" class=\"img-responsive lazyload center-block\" src=\"https:\/\/www.radiosudamericana.com\/notix\/multimedia\/imagenes\/fotos\/2024-10-31\/817176.jpg_nota.jpg\" alt=\"Generaci\u00f3n Zoe: \u00bfPor qu\u00e9 la Fiscal\u00eda rechaz\u00f3 el acuerdo entre partes?\" width=\"700\" height=\"393\" \/><\/a><\/div>\n<\/div>\n<\/div>\n<p>&nbsp;<\/p>\n<div class=\"cuerpo\">\n<p>La \u00faltima semana de octubre, el Tribunal rechaz\u00f3 un acuerdo entre los imputados y los 98 damnificados, y el juicio sigue en curso. Seg\u00fan explic\u00f3 el Dr. Ricardo Sosa, abogado y colaborador de Radio Sudamericana,\u00a0<strong>\u201clos damnificados hab\u00edan acordado con los responsables un resarcimiento econ\u00f3mico, pero el Ministerio P\u00fablico se opuso al acuerdo al considerar que est\u00e1 en juego el orden p\u00fablico\u201d<\/strong>.<\/p>\n<p>&nbsp;<\/p>\n<p>&nbsp;<\/p>\n<p>El Dr. Sosa aclar\u00f3 que la figura de &#8220;asociaci\u00f3n il\u00edcita&#8221; exige la presencia de otro delito como la estafa para configurarse. \u201cSi se extingue el delito de estafa a trav\u00e9s del acuerdo, la asociaci\u00f3n il\u00edcita no subsistir\u00eda, ya que no existe para cometer \u2018la nada\u2019, y en este caso,\u00a0<strong>la asociaci\u00f3n estaba dirigida a las estafas\u201d<\/strong>, explic\u00f3.<\/p>\n<p>&nbsp;<\/p>\n<p>Adem\u00e1s, el Dr. Sosa se refiri\u00f3 a la complejidad jurisdiccional del caso, dado que Cositorto enfrenta cargos similares en otras provincias como La Plata y R\u00edo Tercero. \u201cExiste el riesgo de una doble persecuci\u00f3n penal por asociaci\u00f3n il\u00edcita en distintas jurisdicciones. La Corte Suprema ya determin\u00f3 que La Plata tiene jurisdicci\u00f3n en algunos de estos delitos, pero subsisten causas en Corrientes y R\u00edo Tercero,\u201d se\u00f1al\u00f3 el abogado.<\/p>\n<p>Fuente: Radio Sudamericana<\/p>\n<\/div>\n","protected":false},"excerpt":{"rendered":"<p>El Tribunal deneg\u00f3 el acuerdo entre los imputados y los damnificados en Corrientes, en un caso de presunta estafa piramidal y asociaci\u00f3n il\u00edcita. El Dr. Ricardo Sosa explic\u00f3\u00a0los fundamentos legales que sostienen la decisi\u00f3n de la Fiscal\u00eda y el impacto para las v\u00edctimas. &nbsp; La \u00faltima semana de octubre, el Tribunal rechaz\u00f3 un acuerdo entre [&hellip;]<\/p>\n","protected":false},"author":3,"featured_media":60178,"comment_status":"open","ping_status":"open","sticky":false,"template":"","format":"standard","meta":{"footnotes":""},"categories":[8],"tags":[],"class_list":["post-60177","post","type-post","status-publish","format-standard","has-post-thumbnail","hentry","category-policiales"],"_links":{"self":[{"href":"http:\/\/informateesquina.com\/index.php?rest_route=\/wp\/v2\/posts\/60177","targetHints":{"allow":["GET"]}}],"collection":[{"href":"http:\/\/informateesquina.com\/index.php?rest_route=\/wp\/v2\/posts"}],"about":[{"href":"http:\/\/informateesquina.com\/index.php?rest_route=\/wp\/v2\/types\/post"}],"author":[{"embeddable":true,"href":"http:\/\/informateesquina.com\/index.php?rest_route=\/wp\/v2\/users\/3"}],"replies":[{"embeddable":true,"href":"http:\/\/informateesquina.com\/index.php?rest_route=%2Fwp%2Fv2%2Fcomments&post=60177"}],"version-history":[{"count":1,"href":"http:\/\/informateesquina.com\/index.php?rest_route=\/wp\/v2\/posts\/60177\/revisions"}],"predecessor-version":[{"id":60179,"href":"http:\/\/informateesquina.com\/index.php?rest_route=\/wp\/v2\/posts\/60177\/revisions\/60179"}],"wp:featuredmedia":[{"embeddable":true,"href":"http:\/\/informateesquina.com\/index.php?rest_route=\/wp\/v2\/media\/60178"}],"wp:attachment":[{"href":"http:\/\/informateesquina.com\/index.php?rest_route=%2Fwp%2Fv2%2Fmedia&parent=60177"}],"wp:term":[{"taxonomy":"category","embeddable":true,"href":"http:\/\/informateesquina.com\/index.php?rest_route=%2Fwp%2Fv2%2Fcategories&post=60177"},{"taxonomy":"post_tag","embeddable":true,"href":"http:\/\/informateesquina.com\/index.php?rest_route=%2Fwp%2Fv2%2Ftags&post=60177"}],"curies":[{"name":"wp","href":"https:\/\/api.w.org\/{rel}","templated":true}]}}