{"id":60181,"date":"2024-11-01T12:54:19","date_gmt":"2024-11-01T15:54:19","guid":{"rendered":"https:\/\/informateesquina.com\/?p=60181"},"modified":"2024-11-01T12:54:19","modified_gmt":"2024-11-01T15:54:19","slug":"confirmaron-al-reemplazante-de-german-kiczka-en-la-legislatura-de-misiones","status":"publish","type":"post","link":"http:\/\/informateesquina.com\/?p=60181","title":{"rendered":"Confirmaron al reemplazante de Germ\u00e1n Kiczka en la Legislatura de Misiones"},"content":{"rendered":"<p class=\"copete\">El legislador ocupar\u00e1 el puesto de Kiczka, imputado por el delito de tenencia y distribuci\u00f3n de material de abuso sexual infantil.<\/p>\n<div class=\"fotos-y-videos\">\n<div class=\"tab-content\">\n<div id=\"fotos\" class=\"tab-pane fade in active\" role=\"tabpanel\"><a class=\"fotos-desarrollo unlink\" title=\"Confirmaron al reemplazante de Germ\u00e1n Kiczka en la Legislatura de Misiones\" href=\"https:\/\/www.radiosudamericana.com\/notix\/multimedia\/imagenes\/fotos\/2024-11-01\/343087.jpg\"><img loading=\"lazy\" decoding=\"async\" class=\"img-responsive lazyload center-block\" src=\"https:\/\/www.radiosudamericana.com\/notix\/multimedia\/imagenes\/fotos\/2024-11-01\/343087.jpg_nota.jpg\" alt=\"Confirmaron al reemplazante de Germ\u00e1n Kiczka en la Legislatura de Misiones\" width=\"700\" height=\"384\" \/><\/a><\/div>\n<\/div>\n<\/div>\n<p>&nbsp;<\/p>\n<div class=\"cuerpo\">\n<p>La Legislatura misionera aprob\u00f3 en la sesi\u00f3n de este jueves la incorporaci\u00f3n de\u00a0Javier Mela\u00a0al cuerpo, en reemplazo de\u00a0Germ\u00e1n Kiczka, el dirigente expulsado por estar involucrado en una red de distribuci\u00f3n de abuso infantil.<\/p>\n<p>La decisi\u00f3n de la Legislatura unicameral misionera lleg\u00f3 luego de que el Tribunal Electoral de la provincia indicara que era ese cuerpo pol\u00edtico quien deb\u00eda cubrir la vacancia del diputado del Partido Activar removido de su cargo hace casi dos meses.<\/p>\n<p>El \u00f3rgano electoral consider\u00f3 que el caso \u201cno registraba antecedentes\u201d y, por lo tanto, se estaba ante un vac\u00edo legal. Las posibilidades de completarlo eran dos:\u00a0incorporar a Mela por corrimiento de lista o dejar la banca vac\u00eda hasta la finalizaci\u00f3n del mandato de Kiczka, lo que ocurrir\u00eda en diciembre de 2025. Esta situaci\u00f3n hab\u00eda generado revuelo pol\u00edtico en la provincia de la tierra colorada, llegando incluso a \u00e1mbitos nacionales.<\/p>\n<p>De esta manera, el presidente Oscar Ahuad expuso sobre la mesa la propuesta y en la misma sesi\u00f3n la medida fue\u00a0aprobada por unanimidad.<\/p>\n<p>En dicho encuentro\u00a0no estuvieron presentes los legisladores Karen Fiege y Pedro Puerta, ex compa\u00f1ero de bloque del detenido.<\/p>\n<p><a class=\"fotos-desarrollo unlink\" title=\"Confirmaron al reemplazante de Germ\u00e1n Kiczka en la Legislatura de Misiones\" href=\"https:\/\/www.radiosudamericana.com\/notix\/multimedia\/imagenes\/fotos\/2024-11-01\/533200.jpg\"><img decoding=\"async\" class=\"img-responsive\" src=\"https:\/\/www.radiosudamericana.com\/notix\/multimedia\/imagenes\/fotos\/2024-11-01\/533200.jpg_nota.jpg\" \/><\/a><\/p>\n<p>La expulsi\u00f3n de Germ\u00e1n Kiczka ocurri\u00f3 a\u00a0mediados de septiembre\u00a0y a casi dos meses de dicha decisi\u00f3n reci\u00e9n este jueves se supo el reemplazo.<\/p>\n<p>Aun as\u00ed,\u00a0reci\u00e9n en diciembre Mela podr\u00e1 ocupar la banca del acusado\u00a0de tener en su poder y distribuir Material de Abuso Sexual Infantil (MASI) ya que en dicho mes se concretar\u00e1 la\u00a0sesi\u00f3n especial de renovaci\u00f3n de autoridades legislativas.<\/p>\n<p>Durante estos meses la Legislatura tuvo 39 diputados, algo que gener\u00f3 revuelo en la provincia ya que en esta instancia\u00a0la justicia electoral provincial se declar\u00f3 \u201cincompetente\u201d de designar al sucesor ya que exist\u00eda un \u201cvac\u00edo legal\u201d porque \u201cno registraba antecedentes\u201d.<\/p>\n<p>&nbsp;<\/p>\n<p>Germ\u00e1n Kiczka y su hermano Sebasti\u00e1n est\u00e1n imputados por el delito de tenencia y distribuci\u00f3n de material de abuso sexual\u00a0infantil (MASI). Tras su expulsi\u00f3n, el exlegislador se dio a la fuga. Fue capturado una semana m\u00e1s tarde en Corrientes. Sebasti\u00e1n tambi\u00e9n se hab\u00eda escapado, pero la Polic\u00eda misionera lo ubic\u00f3 un d\u00eda despu\u00e9s de la detenci\u00f3n de su hermano. Ambos est\u00e1n detenidos en la Unidad Penal VIII, de Cerro Azul, por disposici\u00f3n del Juez de Ap\u00f3stoles, Miguel Faria.<\/p>\n<p>Tras las detenciones, la Justicia orden\u00f3 diversos allanamientos en Ap\u00f3stoles, la localidad donde habitaban los Kiczka. Esto incluy\u00f3 viviendas particulares y oficinas. Tambi\u00e9n se realiz\u00f3 un procedimiento en el despacho del diputado en la Legislatura.<\/p>\n<p>Fuente: Radio Suamericana<\/p>\n<\/div>\n","protected":false},"excerpt":{"rendered":"<p>El legislador ocupar\u00e1 el puesto de Kiczka, imputado por el delito de tenencia y distribuci\u00f3n de material de abuso sexual infantil. &nbsp; La Legislatura misionera aprob\u00f3 en la sesi\u00f3n de este jueves la incorporaci\u00f3n de\u00a0Javier Mela\u00a0al cuerpo, en reemplazo de\u00a0Germ\u00e1n Kiczka, el dirigente expulsado por estar involucrado en una red de distribuci\u00f3n de abuso infantil. [&hellip;]<\/p>\n","protected":false},"author":3,"featured_media":60182,"comment_status":"open","ping_status":"open","sticky":false,"template":"","format":"standard","meta":{"footnotes":""},"categories":[8],"tags":[],"class_list":["post-60181","post","type-post","status-publish","format-standard","has-post-thumbnail","hentry","category-policiales"],"_links":{"self":[{"href":"http:\/\/informateesquina.com\/index.php?rest_route=\/wp\/v2\/posts\/60181","targetHints":{"allow":["GET"]}}],"collection":[{"href":"http:\/\/informateesquina.com\/index.php?rest_route=\/wp\/v2\/posts"}],"about":[{"href":"http:\/\/informateesquina.com\/index.php?rest_route=\/wp\/v2\/types\/post"}],"author":[{"embeddable":true,"href":"http:\/\/informateesquina.com\/index.php?rest_route=\/wp\/v2\/users\/3"}],"replies":[{"embeddable":true,"href":"http:\/\/informateesquina.com\/index.php?rest_route=%2Fwp%2Fv2%2Fcomments&post=60181"}],"version-history":[{"count":1,"href":"http:\/\/informateesquina.com\/index.php?rest_route=\/wp\/v2\/posts\/60181\/revisions"}],"predecessor-version":[{"id":60183,"href":"http:\/\/informateesquina.com\/index.php?rest_route=\/wp\/v2\/posts\/60181\/revisions\/60183"}],"wp:featuredmedia":[{"embeddable":true,"href":"http:\/\/informateesquina.com\/index.php?rest_route=\/wp\/v2\/media\/60182"}],"wp:attachment":[{"href":"http:\/\/informateesquina.com\/index.php?rest_route=%2Fwp%2Fv2%2Fmedia&parent=60181"}],"wp:term":[{"taxonomy":"category","embeddable":true,"href":"http:\/\/informateesquina.com\/index.php?rest_route=%2Fwp%2Fv2%2Fcategories&post=60181"},{"taxonomy":"post_tag","embeddable":true,"href":"http:\/\/informateesquina.com\/index.php?rest_route=%2Fwp%2Fv2%2Ftags&post=60181"}],"curies":[{"name":"wp","href":"https:\/\/api.w.org\/{rel}","templated":true}]}}