{"id":60184,"date":"2024-11-01T12:56:50","date_gmt":"2024-11-01T15:56:50","guid":{"rendered":"https:\/\/informateesquina.com\/?p=60184"},"modified":"2024-11-01T12:56:50","modified_gmt":"2024-11-01T15:56:50","slug":"valdes-y-tassano-inauguraron-el-paseo-terrazas-del-parana","status":"publish","type":"post","link":"http:\/\/informateesquina.com\/?p=60184","title":{"rendered":"Vald\u00e9s y Tassano inauguraron el Paseo &#8220;Terrazas del Paran\u00e1&#8221;"},"content":{"rendered":"<div>\n<p class=\"copete\">Continuando con la recuperaci\u00f3n de espacios p\u00fablicos en la ciudad de Corrientes, el gobernador Gustavo Vald\u00e9s junto al intendente de la Capital, Eduardo Tassano, inauguraron en la tarde noche de este jueves el Paseo \u201cTerrazas del Paran\u00e1\u201d, ubicado en la Costanera General San Mart\u00edn, la cual a trav\u00e9s del Plan \u00d1anderec\u00f3 tambi\u00e9n est\u00e1 siendo remodelado integralmente en toda su extensi\u00f3n. \u201cEsto es parte de una reparaci\u00f3n hist\u00f3rica, porque durante muchos a\u00f1os en Corrientes no hubo obra p\u00fablica por parte del Gobierno provincial, as\u00ed que nos comprometimos con los capitalinos a transformar la ciudad y convertirla en la Capital del Norte Argentino\u201d, remarc\u00f3 el primer Mandatario al respecto.<\/p>\n<div class=\"fotos-y-videos\">\n<div class=\"tab-content\">\n<div id=\"fotos\" class=\"tab-pane fade in active\" role=\"tabpanel\"><a class=\"fotos-desarrollo unlink\" title=\"Vald\u00e9s y Tassano inauguraron el Paseo Terrazas del Paran\u00e1\" href=\"https:\/\/www.radiosudamericana.com\/notix\/multimedia\/imagenes\/fotos\/2024-11-01\/522391.jpeg\"><img loading=\"lazy\" decoding=\"async\" class=\"img-responsive lazyload center-block\" src=\"https:\/\/www.radiosudamericana.com\/notix\/multimedia\/imagenes\/fotos\/2024-11-01\/522391.jpeg_nota.jpeg\" alt=\"Vald\u00e9s y Tassano inauguraron el Paseo Terrazas del Paran\u00e1\" width=\"700\" height=\"466\" \/><\/a><\/div>\n<\/div>\n<\/div>\n<p class=\"copete\">\n<div class=\"cuerpo\">\n<p>Los trabajos consistieron en sacar obst\u00e1culos de veredas, se crearon rampas de accesibilidad universal a terrazas y playas, veredas nuevas, iluminaci\u00f3n LED, incorporaci\u00f3n de murales nuevos, escaleras de acceso a las terrazas y a la playa, creaci\u00f3n de sectores para recreaci\u00f3n y deporte al aire libre. Tambi\u00e9n parquizaci\u00f3n, mobiliario urbano, recuperaci\u00f3n de espacios verdes y de actividad al aire libre, refacci\u00f3n y puesta nuevo de ba\u00f1os de playa, creaci\u00f3n de espacios de duchas, ejecuci\u00f3n de desag\u00fce pluvial y muelle hacia el r\u00edo, recuperaci\u00f3n y puesta en valor de monumento a las Islas Malvinas, y creaci\u00f3n del sector de paseo Terrazas del Paran\u00e1.<\/p>\n<p><a class=\"fotos-desarrollo unlink\" title=\"Vald\u00e9s y Tassano inauguraron el Paseo Terrazas del Paran\u00e1\" href=\"https:\/\/www.radiosudamericana.com\/notix\/multimedia\/imagenes\/fotos\/2024-11-01\/950578.jpeg\"><img decoding=\"async\" class=\"img-responsive\" src=\"https:\/\/www.radiosudamericana.com\/notix\/multimedia\/imagenes\/fotos\/2024-11-01\/950578.jpeg_nota.jpeg\" \/><\/a><\/p>\n<p>Vald\u00e9s destac\u00f3 al inicio de su discurso \u201cla gran obra que se llev\u00f3 adelante en la Costanera a trav\u00e9s del Plan \u00d1anderc\u00f3, que lo hicimos con recursos de los correntinos\u201d. Sin embargo, cont\u00f3 que a\u00fan \u201cno lo podemos inaugurar porque todav\u00eda seguimos esperando que TRASNEA termine una obra de cable subterr\u00e1neo que lleva 300 metros y est\u00e1 hace 6 meses sin poder recorrer esa extensi\u00f3n para finalizar con estos trabajos que son centrales para 400.000 personas\u201d, as\u00ed que en ese marco hizo un llamado p\u00fablico a la empresa nacional para que \u201cponga manos a la obra\u201d.<\/p>\n<p><a class=\"fotos-desarrollo unlink\" title=\"Vald\u00e9s y Tassano inauguraron el Paseo Terrazas del Paran\u00e1\" href=\"https:\/\/www.radiosudamericana.com\/notix\/multimedia\/imagenes\/fotos\/2024-11-01\/213635.jpeg\"><img decoding=\"async\" class=\"img-responsive\" src=\"https:\/\/www.radiosudamericana.com\/notix\/multimedia\/imagenes\/fotos\/2024-11-01\/213635.jpeg_nota.jpeg\" \/><\/a><\/p>\n<p>Seguidamente, el Gobernador valor\u00f3 \u201cla complementaci\u00f3n\u201d con la Municipalidad de Corrientes, porque si bien es una obra que implica recursos con los que la Capital no cuenta, \u201clos ciudadanos pueden transitar y estar en un lugar, tomar un mate en un espacio con condiciones de seguridad, de limpieza, entre otras condiciones adecuadas, y eso lo hace el Estado municipal\u201d, sostuvo. Mencion\u00f3 adem\u00e1s que es un espacio donde se conmemora \u201ca aquellos que estuvieron en Malvinas, donde est\u00e1 el nombre escrito de cada uno de ellos, los que fallecieron, los que nos acompa\u00f1aron, as\u00ed que tambi\u00e9n hace a un lugar que es central en lo que se refiere a nuestra historia\u201d.<\/p>\n<p><a class=\"fotos-desarrollo unlink\" title=\"Vald\u00e9s y Tassano inauguraron el Paseo Terrazas del Paran\u00e1\" href=\"https:\/\/www.radiosudamericana.com\/notix\/multimedia\/imagenes\/fotos\/2024-11-01\/875444.jpeg\"><img decoding=\"async\" class=\"img-responsive\" src=\"https:\/\/www.radiosudamericana.com\/notix\/multimedia\/imagenes\/fotos\/2024-11-01\/875444.jpeg_nota.jpeg\" \/><\/a><\/p>\n<p>Con el intendente Tassano \u201ctenemos muchas cosas que inaugurar, porque proyectamos una ciudad en este tiempo para que cada peso de los contribuyentes de la Capital vuelva en obras\u201d, se\u00f1al\u00f3. Asimismo, destac\u00f3 que \u201cesto es parte de una reparaci\u00f3n hist\u00f3rica: durante muchos a\u00f1os en Corrientes no hubo obras p\u00fablicas por parte del Gobierno de la Provincia, entonces nos comprometimos nosotros con los capitalinos a hacer obras que realmente puedan hacer de la ciudad la Capital del Norte Argentino, porque tiene todo el potencial para serlo\u201d.<\/p>\n<p><a class=\"fotos-desarrollo unlink\" title=\"Vald\u00e9s y Tassano inauguraron el Paseo Terrazas del Paran\u00e1\" href=\"https:\/\/www.radiosudamericana.com\/notix\/multimedia\/imagenes\/fotos\/2024-11-01\/970803.jpeg\"><img decoding=\"async\" class=\"img-responsive\" src=\"https:\/\/www.radiosudamericana.com\/notix\/multimedia\/imagenes\/fotos\/2024-11-01\/970803.jpeg_nota.jpeg\" \/><\/a><\/p>\n<p>Vald\u00e9s realz\u00f3 tambi\u00e9n las bondades del r\u00edo Paran\u00e1 que ba\u00f1a las costas de la Capital, y que como \u201cdecimos los gobernadores de la Regi\u00f3n del Litoral, ahora que estamos los seis juntos, es la vena aorta de lo que es el Litoral, que nos sirve para comunicarnos, por eso la Hidrov\u00eda es un gran motor y una gran fuerza que tenemos que aprovechar para poder cambiar el paradigma\u201d.<\/p>\n<p><a class=\"fotos-desarrollo unlink\" title=\"Vald\u00e9s y Tassano inauguraron el Paseo Terrazas del Paran\u00e1\" href=\"https:\/\/www.radiosudamericana.com\/notix\/multimedia\/imagenes\/fotos\/2024-11-01\/767686.jpeg\"><img decoding=\"async\" class=\"img-responsive\" src=\"https:\/\/www.radiosudamericana.com\/notix\/multimedia\/imagenes\/fotos\/2024-11-01\/767686.jpeg_nota.jpeg\" \/><\/a><\/p>\n<p>&nbsp;<\/p>\n<div id=\"embeds\" class=\"inser center-block\"><iframe loading=\"lazy\" title=\"Eduardo Tassano particip\u00c3\u00b3 de la Inauguraci\u00c3\u00b3n de Terrazas del Paran\u00c3\u00a1\" src=\"https:\/\/www.youtube.com\/embed\/drix5M1DrJo\" width=\"640\" height=\"400\" frameborder=\"0\" allowfullscreen=\"allowfullscreen\" data-mce-fragment=\"1\"><\/iframe><\/div>\n<p>&nbsp;<\/p>\n<p>Por \u00faltimo, el titular del Poder Ejecutivo provincial cont\u00f3 que \u201ccost\u00f3 mucho dar vuelta a la ciudad de Corrientes para que mire al r\u00edo Paran\u00e1, como un gran atractivo tur\u00edstico, lo cual estamos haciendo con obras que son centrales y cambiar\u00e1n definitivamente a la Capital\u201d. Advirti\u00f3 entonces que \u201cpor ah\u00ed no vean la magnitud que tiene esto, que genera industrias y no solo la del turismo, ya que hay otras industrias que est\u00e1n viniendo a Corrientes porque tenemos una buena Capital, porque hay conectividad, esparcimiento, y construimos lugares comunes\u201d.<\/p>\n<p><a class=\"fotos-desarrollo unlink\" title=\"Vald\u00e9s y Tassano inauguraron el Paseo Terrazas del Paran\u00e1\" href=\"https:\/\/www.radiosudamericana.com\/notix\/multimedia\/imagenes\/fotos\/2024-11-01\/633501.jpeg\"><img decoding=\"async\" class=\"img-responsive\" src=\"https:\/\/www.radiosudamericana.com\/notix\/multimedia\/imagenes\/fotos\/2024-11-01\/633501.jpeg_nota.jpeg\" \/><\/a><\/p>\n<h2><strong>Reparaci\u00f3n hist\u00f3rica<\/strong><\/h2>\n<p>Al tomar la palabra, el intendente de la ciudad de Corrientes, Eduardo Tassano, se\u00f1al\u00f3 que la Capital \u201ces un punto tur\u00edstico cada vez m\u00e1s importante en el Norte argentino y gran parte de eso se debe a nuestra Costanera\u201d. Record\u00f3 que \u201cla gran obra del \u00d1anderec\u00f3 que llev\u00f3 adelante el Gobierno provincial por decisi\u00f3n de Vald\u00e9s, es lo que nos est\u00e1 brindando en esta Costanera norte todas las reformas que ustedes ven de veredas, luces, sendas, bancos, toda esa actualizaci\u00f3n que se hizo respetando la arquitectura original de nuestro hist\u00f3rico paseo\u201d.<\/p>\n<p><a class=\"fotos-desarrollo unlink\" title=\"Vald\u00e9s y Tassano inauguraron el Paseo Terrazas del Paran\u00e1\" href=\"https:\/\/www.radiosudamericana.com\/notix\/multimedia\/imagenes\/fotos\/2024-11-01\/188889.jpeg\"><img decoding=\"async\" class=\"img-responsive\" src=\"https:\/\/www.radiosudamericana.com\/notix\/multimedia\/imagenes\/fotos\/2024-11-01\/188889.jpeg_nota.jpeg\" \/><\/a><\/p>\n<p>El Jefe comunal manifest\u00f3 que \u201cesta tarea fundamental del Gobierno provincial en la Capital, tiene que ver con una reparaci\u00f3n hist\u00f3rica que el Gobernador nos propuso a principios\u00a0 del 2018 cuando empezamos ambos la gesti\u00f3n y se tradujo en un mont\u00f3n de obras de mejoras, que tienen que ver con la infraestructura de la ciudad pero tambi\u00e9n con toda la dependencia de organismos provinciales que hay en la ciudad, como escuelas, comisar\u00edas y centros de salud, que implic\u00f3 un cambio profundo en la infraestructura global y por eso hoy a\u00f1os despu\u00e9s, Corrientes sin ninguna duda es otra\u201d.<\/p>\n<p>&nbsp;<\/p>\n<div id=\"leermas\">\n<div><b>Seguir Leyendo:<\/b><\/div>\n<div class=\"mitad\"><a class=\"leermas\" href=\"https:\/\/www.radiosudamericana.com\/nota\/politica\/317385-Valdes-y-Tassano-inauguraron-el-Paseo-Terrazas-del-Parana.htm\" target=\"_blank\" rel=\"noopener\"><img decoding=\"async\" src=\"https:\/\/www.radiosudamericana.com\/multimedia\/imagenes\/fotos\/2024-11-01\/522391.jpeg_crop.jpg_tb.jpg\" align=\"left\" \/>Vald\u00e9s y Tassano inauguraron el Paseo &#8220;Terrazas del Paran\u00e1&#8221;<\/a><\/div>\n<div class=\"mitad\"><a class=\"leermas\" href=\"https:\/\/www.radiosudamericana.com\/nota\/politica\/317199-Interna-radical--No-tengo-relacion-con-Ricardo-Colombi.htm\" target=\"_blank\" rel=\"noopener\"><img decoding=\"async\" src=\"https:\/\/www.radiosudamericana.com\/multimedia\/imagenes\/fotos\/2024-10-28\/271870.jpg_crop.jpg_tb.jpg\" align=\"left\" \/>Interna radical: &#8220;No tengo relaci\u00f3n con Ricardo Colombi&#8221;<\/a><\/div>\n<\/div>\n<p>&nbsp;<\/p>\n<p>La secretaria de Desarrollo Urbano de la Municipalidad de Corrientes, Alejandra Wichmann, manifest\u00f3 por su parte que \u201cestamos orgullosos de haber terminado esta obra, que llev\u00f3 su tiempo, pero la verdad es que hicimos un gran trabajo\u201d. Describi\u00f3 que \u201cla intenci\u00f3n fue recuperar el espacio p\u00fablico para la gente, para el ocio, para el ejercicio al aire libre, recuperar la playa, que estaba bastante fea, recuperar los ba\u00f1os, que tambi\u00e9n era un servicio que no se estaba brindando de buena manera, poner luces LED, crear esto como un espacio seguro para la gente, las madres, los ni\u00f1os, creando adem\u00e1s un punto panor\u00e1mico que tanto dese\u00e1bamos tener en la costanera\u201d.<\/p>\n<p><a class=\"fotos-desarrollo unlink\" title=\"Vald\u00e9s y Tassano inauguraron el Paseo Terrazas del Paran\u00e1\" href=\"https:\/\/www.radiosudamericana.com\/notix\/multimedia\/imagenes\/fotos\/2024-11-01\/643767.jpeg\"><img decoding=\"async\" class=\"img-responsive\" src=\"https:\/\/www.radiosudamericana.com\/notix\/multimedia\/imagenes\/fotos\/2024-11-01\/643767.jpeg_nota.jpeg\" \/><\/a><\/p>\n<p>Se cont\u00f3 con la presencia de Mose\u00f1or Adolfo Larregain, quien tuvo a su cargo la bendici\u00f3n de las obras, y con funcionarios nacionales, provinciales y municipales. El acto finaliz\u00f3 con el descubrimiento de placa, el tradicional corte de cintas y recorrido por el paseo Terrazas del Paran\u00e1.<\/p>\n<p>Fuente: Radio Sudamericana<\/p>\n<\/div>\n<\/div>\n","protected":false},"excerpt":{"rendered":"<p>Continuando con la recuperaci\u00f3n de espacios p\u00fablicos en la ciudad de Corrientes, el gobernador Gustavo Vald\u00e9s junto al intendente de la Capital, Eduardo Tassano, inauguraron en la tarde noche de este jueves el Paseo \u201cTerrazas del Paran\u00e1\u201d, ubicado en la Costanera General San Mart\u00edn, la cual a trav\u00e9s del Plan \u00d1anderec\u00f3 tambi\u00e9n est\u00e1 siendo remodelado [&hellip;]<\/p>\n","protected":false},"author":3,"featured_media":60185,"comment_status":"open","ping_status":"open","sticky":false,"template":"","format":"standard","meta":{"footnotes":""},"categories":[9],"tags":[],"class_list":["post-60184","post","type-post","status-publish","format-standard","has-post-thumbnail","hentry","category-politica"],"_links":{"self":[{"href":"http:\/\/informateesquina.com\/index.php?rest_route=\/wp\/v2\/posts\/60184","targetHints":{"allow":["GET"]}}],"collection":[{"href":"http:\/\/informateesquina.com\/index.php?rest_route=\/wp\/v2\/posts"}],"about":[{"href":"http:\/\/informateesquina.com\/index.php?rest_route=\/wp\/v2\/types\/post"}],"author":[{"embeddable":true,"href":"http:\/\/informateesquina.com\/index.php?rest_route=\/wp\/v2\/users\/3"}],"replies":[{"embeddable":true,"href":"http:\/\/informateesquina.com\/index.php?rest_route=%2Fwp%2Fv2%2Fcomments&post=60184"}],"version-history":[{"count":1,"href":"http:\/\/informateesquina.com\/index.php?rest_route=\/wp\/v2\/posts\/60184\/revisions"}],"predecessor-version":[{"id":60186,"href":"http:\/\/informateesquina.com\/index.php?rest_route=\/wp\/v2\/posts\/60184\/revisions\/60186"}],"wp:featuredmedia":[{"embeddable":true,"href":"http:\/\/informateesquina.com\/index.php?rest_route=\/wp\/v2\/media\/60185"}],"wp:attachment":[{"href":"http:\/\/informateesquina.com\/index.php?rest_route=%2Fwp%2Fv2%2Fmedia&parent=60184"}],"wp:term":[{"taxonomy":"category","embeddable":true,"href":"http:\/\/informateesquina.com\/index.php?rest_route=%2Fwp%2Fv2%2Fcategories&post=60184"},{"taxonomy":"post_tag","embeddable":true,"href":"http:\/\/informateesquina.com\/index.php?rest_route=%2Fwp%2Fv2%2Ftags&post=60184"}],"curies":[{"name":"wp","href":"https:\/\/api.w.org\/{rel}","templated":true}]}}