{"id":60187,"date":"2024-11-01T12:59:48","date_gmt":"2024-11-01T15:59:48","guid":{"rendered":"https:\/\/informateesquina.com\/?p=60187"},"modified":"2024-11-01T12:59:48","modified_gmt":"2024-11-01T15:59:48","slug":"valentina-cervantes-rompio-el-silencio-en-las-redes-y-ventilo-que-paso-con-enzo-fernandez","status":"publish","type":"post","link":"http:\/\/informateesquina.com\/?p=60187","title":{"rendered":"Valentina Cervantes rompi\u00f3 el silencio en las redes y ventil\u00f3 qu\u00e9 pas\u00f3 con Enzo Fern\u00e1ndez"},"content":{"rendered":"<p class=\"copete\">La influencer no pudo seguir disimulando la separaci\u00f3n y les habl\u00f3 a sus seguidores con mucha sinceridad.<\/p>\n<div class=\"fotos-y-videos\">\n<div class=\"tab-content\">\n<div id=\"fotos\" class=\"tab-pane fade in active\" role=\"tabpanel\"><a class=\"fotos-desarrollo unlink\" title=\"Valentina Cervantes rompi\u00f3 el silencio en las redes y ventil\u00f3 qu\u00e9 pas\u00f3 con Enzo Fern\u00e1ndez\" href=\"https:\/\/www.radiosudamericana.com\/notix\/multimedia\/imagenes\/fotos\/2024-10-31\/748223.jpg\"><img loading=\"lazy\" decoding=\"async\" class=\"img-responsive lazyload center-block\" src=\"https:\/\/www.radiosudamericana.com\/notix\/multimedia\/imagenes\/fotos\/2024-10-31\/748223.jpg_nota.jpg\" alt=\"Valentina Cervantes rompi\u00f3 el silencio en las redes y ventil\u00f3 qu\u00e9 pas\u00f3 con Enzo Fern\u00e1ndez\" width=\"700\" height=\"391\" \/><\/a><\/div>\n<\/div>\n<\/div>\n<p>&nbsp;<\/p>\n<div class=\"cuerpo\">\n<p>Valentina Cervantes\u00a0est\u00e1 en boca de todos por\u00a0su separaci\u00f3n de Enzo Fern\u00e1ndez,\u00a0el futbolista con el que tuvo dos hijos y acompa\u00f1\u00f3 desde sus inicios en el mundo del deporte. Luego de que en\u00a0LAM (Am\u00e9rica)\u00a0aseguraran que fue \u00e9l quien decidi\u00f3 ponerle punto final a la historia, horas despu\u00e9s ella eligi\u00f3 romper el silencio en las redes sociales, donde explic\u00f3 qu\u00e9 fue lo que realmente sucedi\u00f3 en la pareja.<\/p>\n<p>\u201cCon Enzo hoy decidimos tomar distancia uno del otro, pero siempre vamos a ser familia y nos vamos a apoyar en todo porque hay dos ni\u00f1os en el medio que necesitan mucho de nuestro amor. Yo s\u00e9 la persona y el excelente que es Enzo, y el coraz\u00f3n que tiene. Y con eso me basta. No quieran crear guerras donde no las hay\u201d, escribi\u00f3 en Instagram.<\/p>\n<p><a class=\"fotos-desarrollo unlink\" title=\"Valentina Cervantes rompi\u00f3 el silencio en las redes y ventil\u00f3 qu\u00e9 pas\u00f3 con Enzo Fern\u00e1ndez\" href=\"https:\/\/www.radiosudamericana.com\/notix\/multimedia\/imagenes\/fotos\/2024-10-31\/485272.jpg\"><img decoding=\"async\" class=\"img-responsive\" src=\"https:\/\/www.radiosudamericana.com\/notix\/multimedia\/imagenes\/fotos\/2024-10-31\/485272.jpg_nota.jpg\" \/><\/a><\/p>\n<p>Poco antes de ese posteo, se la hab\u00eda visto en el aeropuerto con sus hijos, y todo indica que emprendi\u00f3 viaje hacia la Argentina para refugiarse en su familia y amigos. Mientras tanto, el ex River todav\u00eda no emiti\u00f3 palabra sobre la ruptura.<\/p>\n<h2><strong>C\u00f3mo fue la historia de amor entre Enzo Fern\u00e1ndez y Valentina Cervantes<\/strong><\/h2>\n<p>El futbolista y la influencer\u00a0se conocieron en 2018.\u00a0Ella ten\u00eda 16 a\u00f1os y el actual jugador del Chelsea, 17. Aunque los dos viv\u00edan en\u00a0San Mart\u00edn, el flechazo entre ambos ocurri\u00f3 cuando\u00a0coincidieron en Mar del Tuy\u00fa\u00a0durante unas vacaciones en familia.<\/p>\n<p>&nbsp;<\/p>\n<p>En una entrevista brindada en\u00a0Urbana Play\u00a0durante la Copa Am\u00e9rica 2024, Valentina cont\u00f3 que la primera cita que tuvo con Enzo fue en un\u00a0contexto familiar, ya que el mediocampista la hab\u00eda invitado al cumplea\u00f1os de su sobrino en una\u00a0casa quinta.<\/p>\n<p>M\u00e1s tarde y con la relaci\u00f3n mucho m\u00e1s consolidada, decidieron tener un beb\u00e9 cuando el mediocampista\u00a0todav\u00eda no hab\u00eda debutado en la Primera de River. El 7 de mayo de 2020, en plena pandemia,\u00a0naci\u00f3 Olivia, su primera hija.<\/p>\n<p><a class=\"fotos-desarrollo unlink\" title=\"Valentina Cervantes rompi\u00f3 el silencio en las redes y ventil\u00f3 qu\u00e9 pas\u00f3 con Enzo Fern\u00e1ndez\" href=\"https:\/\/www.radiosudamericana.com\/notix\/multimedia\/imagenes\/fotos\/2024-10-31\/279520.jpg\"><img decoding=\"async\" class=\"img-responsive\" src=\"https:\/\/www.radiosudamericana.com\/notix\/multimedia\/imagenes\/fotos\/2024-10-31\/279520.jpg_nota.jpg\" \/><\/a><\/p>\n<p>Cuando fue transferido al Benfica a mediados de 2022, Valentina\u00a0abandon\u00f3 sus estudios de profesorado de ingl\u00e9s en la Argentina\u00a0y se mud\u00f3 junto al futbolista para acompa\u00f1arlo en su carrera. Sin embargo, solo jug\u00f3 seis meses antes de ser vendido al Chelsea de Inglaterra por\u00a0m\u00e1s de 120 millones de euros. El\u00a026 de octubre de 2023, ambos comunicaron el nacimiento de\u00a0Benjam\u00edn Fern\u00e1ndez, su segundo hijo. Un a\u00f1o despu\u00e9s, se convirtieron en noticia por su separaci\u00f3n.<\/p>\n<p>Radio Sudamericana<\/p>\n<\/div>\n","protected":false},"excerpt":{"rendered":"<p>La influencer no pudo seguir disimulando la separaci\u00f3n y les habl\u00f3 a sus seguidores con mucha sinceridad. &nbsp; Valentina Cervantes\u00a0est\u00e1 en boca de todos por\u00a0su separaci\u00f3n de Enzo Fern\u00e1ndez,\u00a0el futbolista con el que tuvo dos hijos y acompa\u00f1\u00f3 desde sus inicios en el mundo del deporte. Luego de que en\u00a0LAM (Am\u00e9rica)\u00a0aseguraran que fue \u00e9l quien [&hellip;]<\/p>\n","protected":false},"author":3,"featured_media":60188,"comment_status":"open","ping_status":"open","sticky":false,"template":"","format":"standard","meta":{"footnotes":""},"categories":[4],"tags":[],"class_list":["post-60187","post","type-post","status-publish","format-standard","has-post-thumbnail","hentry","category-espectaculos"],"_links":{"self":[{"href":"http:\/\/informateesquina.com\/index.php?rest_route=\/wp\/v2\/posts\/60187","targetHints":{"allow":["GET"]}}],"collection":[{"href":"http:\/\/informateesquina.com\/index.php?rest_route=\/wp\/v2\/posts"}],"about":[{"href":"http:\/\/informateesquina.com\/index.php?rest_route=\/wp\/v2\/types\/post"}],"author":[{"embeddable":true,"href":"http:\/\/informateesquina.com\/index.php?rest_route=\/wp\/v2\/users\/3"}],"replies":[{"embeddable":true,"href":"http:\/\/informateesquina.com\/index.php?rest_route=%2Fwp%2Fv2%2Fcomments&post=60187"}],"version-history":[{"count":1,"href":"http:\/\/informateesquina.com\/index.php?rest_route=\/wp\/v2\/posts\/60187\/revisions"}],"predecessor-version":[{"id":60189,"href":"http:\/\/informateesquina.com\/index.php?rest_route=\/wp\/v2\/posts\/60187\/revisions\/60189"}],"wp:featuredmedia":[{"embeddable":true,"href":"http:\/\/informateesquina.com\/index.php?rest_route=\/wp\/v2\/media\/60188"}],"wp:attachment":[{"href":"http:\/\/informateesquina.com\/index.php?rest_route=%2Fwp%2Fv2%2Fmedia&parent=60187"}],"wp:term":[{"taxonomy":"category","embeddable":true,"href":"http:\/\/informateesquina.com\/index.php?rest_route=%2Fwp%2Fv2%2Fcategories&post=60187"},{"taxonomy":"post_tag","embeddable":true,"href":"http:\/\/informateesquina.com\/index.php?rest_route=%2Fwp%2Fv2%2Ftags&post=60187"}],"curies":[{"name":"wp","href":"https:\/\/api.w.org\/{rel}","templated":true}]}}