{"id":60190,"date":"2024-11-01T18:10:52","date_gmt":"2024-11-01T21:10:52","guid":{"rendered":"https:\/\/informateesquina.com\/?p=60190"},"modified":"2024-11-01T18:10:52","modified_gmt":"2024-11-01T21:10:52","slug":"la-justicia-cito-a-indagatoria-a-alberto-fernandez-por-la-causa-de-los-seguros","status":"publish","type":"post","link":"http:\/\/informateesquina.com\/?p=60190","title":{"rendered":"La Justicia cit\u00f3 a indagatoria a Alberto Fern\u00e1ndez por la causa de los seguros"},"content":{"rendered":"<div>\n<div>\n<p class=\"copete\">\u00a0deber\u00e1n declarar el empresario H\u00e9ctor Martinez Sosa y su mujer Mar\u00eda Cantero, y varios ex integrantes de Naci\u00f3n Seguros<\/p>\n<\/div>\n<div class=\"banner wline space-bottom\"><ins id=\"revive-1-0\" data-revive-zoneid=\"1\" data-revive-id=\"1c3d14747cf2349fcbcdfd4cba4872d0\" data-revive-seq=\"0\" data-revive-loaded=\"1\"><a href=\"https:\/\/ads.donnet.com.ar\/revive-ads\/www\/delivery\/cl.php?bannerid=71&amp;zoneid=1&amp;sig=685902b5da35cd4411ebae45ee997912a4788bcdb8503a0accc814e8a7d66586&amp;dest=https%3A%2F%2Fwa.me%2F5493794783312%3Ftext%3DHola%21%2520Quiero%2520un%2520turno%2520para%2520mi%2520Ford\" target=\"_blank\" rel=\"noopener nofollow\"><img loading=\"lazy\" decoding=\"async\" title=\"\" src=\"https:\/\/ads.donnet.com.ar\/revive-ads\/www\/images\/a0dcb16d8263dcce0c0e8539f2e95295.gif\" alt=\"\" width=\"640\" height=\"92\" border=\"0\" \/><\/a><\/p>\n<div id=\"beacon_3985e8cbd8\"><img loading=\"lazy\" decoding=\"async\" src=\"https:\/\/ads.donnet.com.ar\/revive-ads\/www\/delivery\/lg.php?bannerid=71&amp;campaignid=12&amp;zoneid=1&amp;loc=https%3A%2F%2Fwww.radiosudamericana.com%2Fnota%2Fpolitica%2F317426-La-Justicia-cito-a-indagatoria-a-Alberto-Fernandez-por-la-causa-de-los-seguros.htm&amp;referer=https%3A%2F%2Fwww.radiosudamericana.com%2Fnoticias%2F1%2Fpolitica.htm&amp;cb=3985e8cbd8\" alt=\"\" width=\"0\" height=\"0\" \/><\/div>\n<p><\/ins><\/div>\n<div class=\"acciones\"><a class=\"accion\" title=\"Comentar esta Noticia\" href=\"https:\/\/www.radiosudamericana.com\/nota\/politica\/317426-La-Justicia-cito-a-indagatoria-a-Alberto-Fernandez-por-la-causa-de-los-seguros.htm#comentar-noticia\">comentar\u00a0<span class=\"transition space\"><i class=\"fa fa-comment-o transition\"><\/i>\u00a00<\/span><\/a>\u00a0<a class=\"accion\" title=\"Imprimir esta Nota\" href=\"https:\/\/www.radiosudamericana.com\/317426\/imprimir\"><span class=\"transition\"><i class=\"fa fa-print transition\"><\/i>\u00a0<strong class=\"hidden-xs hidden-sm\">imprimir<\/strong><\/span><\/a>\u00a0<a class=\"accion\" title=\"Modificar el tama\u00f1o de la fuente\" href=\"https:\/\/www.radiosudamericana.com\/\"><span class=\"transition\"><span class=\"font-menos transition\" title=\"Disminuir tama\u00f1o de la fuente\">A-<\/span>\u00a0<span class=\"font-mas transition\" title=\"Aumentar tama\u00f1o de la fuente\">A+<\/span>\u00a0<strong class=\"hidden-xs\">tama\u00f1o<\/strong><\/span><\/a>\u00a0<a class=\"accion unlink\" title=\"Recomendar\" href=\"https:\/\/www.radiosudamericana.com\/\" data-toggle=\"modal\" data-target=\"#form-recomendar-noticia\"><span class=\"transition\"><i class=\"fa fa-paper-plane transition\"><\/i>\u00a0<strong class=\"hidden-xs hidden-sm\">recomendar<\/strong><\/span><\/a><i class=\"fa fa-twitter\"><\/i><i class=\"fa fa-facebook\"><\/i><\/div>\n<div class=\"fotos-y-videos\">\n<ul class=\"nav nav-tabs\" role=\"tablist\">\n<li class=\"active\" role=\"presentation\"><a class=\"unlink\" role=\"tab\" href=\"https:\/\/www.radiosudamericana.com\/#fotos\" aria-controls=\"fotos\" data-toggle=\"tab\"><i class=\"fa fa-camera\"><\/i>4<\/a><\/li>\n<\/ul>\n<div class=\"tab-content\">\n<div id=\"fotos\" class=\"tab-pane fade in active\" role=\"tabpanel\"><a class=\"fotos-desarrollo unlink\" title=\"La Justicia cit\u00f3 a indagatoria a Alberto Fern\u00e1ndez por la causa de los seguros\" href=\"https:\/\/www.radiosudamericana.com\/notix\/multimedia\/imagenes\/fotos\/2024-11-01\/114355.jpg\"><img loading=\"lazy\" decoding=\"async\" class=\"img-responsive lazyload center-block\" src=\"https:\/\/www.radiosudamericana.com\/notix\/multimedia\/imagenes\/fotos\/2024-11-01\/114355.jpg_nota.jpg\" alt=\"La Justicia cit\u00f3 a indagatoria a Alberto Fern\u00e1ndez por la causa de los seguros\" width=\"700\" height=\"391\" \/><\/a><\/div>\n<\/div>\n<\/div>\n<div class=\"cuerpo\">\n<p>El juez federal\u00a0Juli\u00e1n Ercolini cit\u00f3 a indagatoria al ex presidente Alberto Fern\u00e1ndez\u00a0por el esc\u00e1ndalo de los seguros y a otros 38 personas, seg\u00fan pudo saber\u00a0Infobae\u00a0de fuentes judiciales.\u00a0Tambi\u00e9n fueron convocados el empresario H\u00e9ctor Martinez Sosa, su mujer Mar\u00eda Cantero,\u00a0y varios ex funcionarios de directorio de Naci\u00f3n Seguros.<\/p>\n<p>&nbsp;<\/p>\n<div id=\"leermas\">\n<div><b>Seguir Leyendo:<\/b><\/div>\n<\/div>\n<p>&nbsp;<\/p>\n<p>Fern\u00e1ndez deber\u00e1 presentarse el\u00a020 de noviembre. Al d\u00eda siguiente fueron citados Mart\u00ednez Sosa y su mujer, la hist\u00f3rica secretaria del ex presidente.<\/p>\n<p>La extensa lista incluye al ex presidente de Naci\u00f3n Seguros Alberto Pagliano, y a otros ex funcionarios de ese organismo como\u00a0Gustavo Garc\u00eda Argibay, Sebasti\u00e1n Diaz Bancalari, y Mauro Tanos.<\/p>\n<p><a class=\"fotos-desarrollo unlink\" title=\"La Justicia cit\u00f3 a indagatoria a Alberto Fern\u00e1ndez por la causa de los seguros\" href=\"https:\/\/www.radiosudamericana.com\/notix\/multimedia\/imagenes\/fotos\/2024-11-01\/504624.jpg\"><img decoding=\"async\" class=\"img-responsive\" src=\"https:\/\/www.radiosudamericana.com\/notix\/multimedia\/imagenes\/fotos\/2024-11-01\/504624.jpg_nota.jpg\" \/><\/a><\/p>\n<p>Tambi\u00e9n fueron citados los due\u00f1os de las principales empresas aseguradoras que tuvieron contratos con el Estado entre 2019 y 2023.<\/p>\n<p>La empresa Bachellier\u00a0encabez\u00f3 el ranking de las comisiones.\u00a0El a\u00f1o que m\u00e1s cobr\u00f3 fue en 2022, con $700.416.803, tras el decreto de Alberto Fern\u00e1ndez que termin\u00f3 con el sistema de coaseguro y le entreg\u00f3 el monopolio a esa firma.\u00a0Solo el contrato con Gendarmer\u00eda le signific\u00f3 un ingreso de $1.363 millones, aunque tambi\u00e9n tuvo las p\u00f3lizas del Ministerio de Seguridad, PFA, PSA y Prefectura.<\/p>\n<p><a class=\"fotos-desarrollo unlink\" title=\"La Justicia cit\u00f3 a indagatoria a Alberto Fern\u00e1ndez por la causa de los seguros\" href=\"https:\/\/www.radiosudamericana.com\/notix\/multimedia\/imagenes\/fotos\/2024-11-01\/117232.jpg\"><img decoding=\"async\" class=\"img-responsive\" src=\"https:\/\/www.radiosudamericana.com\/notix\/multimedia\/imagenes\/fotos\/2024-11-01\/117232.jpg_nota.jpg\" \/><\/a><\/p>\n<p>Los chats encontrados en los tel\u00e9fonos de los imputados revelaron que Mart\u00ednez Sosa gestion\u00f3 esa p\u00f3liza.\u00a0El broker le contaba a su mujer detalles de las reuniones y hasta se sacaba fotos con Andr\u00e9s Severino,\u00a0por entonces director nacional de la fuerza.\u00a0\u201cTodav\u00eda aqu\u00ed. Ahora con \u00e9l y el 2do comandante\u201d, le cuenta a su mujer el 8 de julio de 2021.<\/p>\n<p>Severino es uno de los citados. Deber\u00e1 presentarse el 2 de diciembre.<\/p>\n<p>Al frente de Bachellier figuran Osvaldo Alfredo Tortora y Ricardo Daniel Gonz\u00e1lez, pero los investigadores\u00a0hace tiempo trabajan sobre la hip\u00f3tesis de que es un sat\u00e9lite de Mart\u00ednez Sosa. Sin embargo, Tortora fue sumado a la lista de indagatorias.<\/p>\n<p>Detr\u00e1s de esa empresa aparec\u00eda la firma de \u201cHecky\u201d Mart\u00ednez Sosa, que recibi\u00f3 $366.635.744 en comisiones. Una auditor\u00eda de Naci\u00f3n Seguros revel\u00f3 que el amigo de Fern\u00e1ndez tuvo contratos con\u00a019 organismos p\u00fablicos.\u00a0En el listado aparecen cuatro ministerios, Vialidad Nacional, Casa de la Moneda, Corredores Viales SA, el Fondo de las Artes, y la Corte Suprema, entre otros.\u00a0Solo entre esas dos empresas cobraron m\u00e1s de $2000 millones.<\/p>\n<p><a class=\"fotos-desarrollo unlink\" title=\"La Justicia cit\u00f3 a indagatoria a Alberto Fern\u00e1ndez por la causa de los seguros\" href=\"https:\/\/www.radiosudamericana.com\/notix\/multimedia\/imagenes\/fotos\/2024-11-01\/772980.jpg\"><img decoding=\"async\" class=\"img-responsive\" src=\"https:\/\/www.radiosudamericana.com\/notix\/multimedia\/imagenes\/fotos\/2024-11-01\/772980.jpg_nota.jpg\" \/><\/a><\/p>\n<p>\u201cLa maniobra habri\u0301a requerido de la intervencio\u0301n intencional de funcionarios pu\u0301blicos de \u201cNaci\u00f3n Seguros SA\u201d y tambie\u0301n de las distintas reparticiones estatales tomadoras de los seguros en cuestio\u0301n que, segu\u0301n los casos, de modo impuesto o acordado, directa o indirectamente o por actos simulados,\u00a0habri\u0301an mostrado intere\u0301s para un propio beneficio o de terceros, en la designacio\u0301n irregular o informal de productores, organizadores y ma\u0301sters e, incluso, de coaseguradoras privadas, con la consecuente incorporacio\u0301n en las po\u0301lizas y liquidacio\u0301n de dividendos en favor de dichos particulares por parte de \u201cNaci\u00f3n Seguros\u201d, dice la resoluci\u00f3n del juez Ercolini a la que tuvo acceso\u00a0Infobae.<\/p>\n<p>Detr\u00e1s de Mart\u00ednez Sosa aparec\u00edan varios \u201csat\u00e9lites\u201d que tambi\u00e9n fueron citados a declarar:\u00a0Manuel Rau\u0301l Andre\u0301s Calvo, Laura Elena Crisafulli, Norberto Mati\u0301as Garrido, y Fernando Carlos Salim.<\/p>\n<p>El juez apunt\u00f3 tambi\u00e9n a la empresa Castello Mercuri SA y al broker Pablo Torres Garc\u00eda, due\u00f1o de TG Broker. \u201cComo resultado de este direccionamiento indebido, las empresas y productores afines a Mart\u00ednez Sosa, Castello y Torres Garc\u00eda pasaron a percibir ma\u0301s del 87% del monto abonado por \u201cNACIO\u0301N SEGUROS S.A.\u201d por las comisiones de las po\u0301lizas emitidas durante el peri\u0301odo en que se habri\u0301a desarrollado la maniobra\u201d, se destaca en el fallo de 46 carillas.<\/p>\n<p>Respecto a Mart\u00ednez Sosa, la resoluci\u00f3n destaca\u00a0la relaci\u00f3n de amistad con Fern\u00e1ndez\u00a0y los regalos que le hac\u00eda al ex presidente junto a su pareja. En los chats de la causa se mencionan corbatas, relojes, y hasta un cuadro original de Per\u00f3n y Evita abraz\u00e1ndose.\u00a0Esa obra, de Juan Manuel N\u00fa\u00f1ez Lencinas, termin\u00f3 colgada en el despacho de Olivos.<\/p>\n<p>En 2019, cuando todav\u00eda Fern\u00e1ndez no era presidente, Cantero compr\u00f3\u00a0un Tag Heuer, de la serie Aston Martin, valuado en 1800 d\u00f3lares. La foto fue borrada pero los peritos lograron recuperarla. El destinatario era el \u201cGordo\u201d Rodr\u00edguez, un nexo privilegiado entre el Presidente y Mart\u00ednez Sosa.<\/p>\n<p>No fue el \u00fanico reloj lujoso que compr\u00f3 Cantero. El 8 de diciembre de 2019, dos d\u00edas antes de la asunci\u00f3n del flamante presidente, la secretaria entr\u00f3 a la oficina a los gritos y se dirigi\u00f3 a Alberto Fern\u00e1ndez:\u00a0\u201cMir\u00e1 lo que te compramos con H\u00e9ctor\u201d.\u00a0Adentro de la bolsa hab\u00eda un\u00a0Rolex. El presidente electo se incomod\u00f3 con la situaci\u00f3n y rechaz\u00f3 el regalo. Un dirigente pol\u00edtico, que luego tendr\u00eda un cargo importante en ese gobierno, fue testigo de toda la escena.<\/p>\n<p>La causa comenz\u00f3 a fines de febrero, tras un art\u00edculo publicado por el editor general adjunto del diario Clar\u00edn, Ricardo Roa.\u00a0En marzo, el juez Ercolini realiz\u00f3 decenas de allanamientos en los domicilios de los principales imputados y en decenas de organismos. En esos operativos, se secuestraron decenas de celulares y se analiz\u00f3 su contenido. De esa manera se encontraron los mensajes y las fotos que le hab\u00eda mandado Fabiola Ya\u00f1ez a Cantero en 2023.<\/p>\n<p>Entre los citados a indagatoria tambi\u00e9n aparece ex titular del Fondo de Garant\u00edas de Sustentabilidad (FGS),\u00a0Federico D\u2019Angelo Campos,\u00a0quien intercedi\u00f3 ante Naci\u00f3n Seguros por el contrato para los cr\u00e9ditos de los jubilados con la ANSES.<\/p>\n<p>Luego de los primeros allanamientos ordenados por el juez, Naci\u00f3n Seguros ech\u00f3 al entonces gerente general\u00a0Mauro Tanos,\u00a0al gerente de compras\u00a0Marcos Eufemio,\u00a0y al gerente del \u00e1rea comercial,\u00a0Mat\u00edas Caselli. Semanas despu\u00e9s, tambi\u00e9n fue apartado D\u2019Angelo Campos de la ANSES.<\/p>\n<p>&nbsp;<\/p>\n<p>Adem\u00e1s fue citado a indagatoria el empresario\u00a0Alfredo Del Corro,\u00a0uno de los \u201cdue\u00f1os\u201d de la cooperativa 7 de mayo,\u00a0que recibi\u00f3 decenas de transferencias sospechosas de algunos brokers investigados, tal como revel\u00f3 Infobae.<\/p>\n<p>Esa cooperativa apareci\u00f3 en escena al comienzo del esc\u00e1ndalo. Fue un hallazgo totalmente casual: la Polic\u00eda sigui\u00f3 un auto luego de un allanamiento en la empresa San Ignacio y termin\u00f3 descubriendo dos camionetas 4&#215;4 registradas a nombre de esa firma. Esa pista expuso una red de contactos entre ex funcionarios de\u00a0Naci\u00f3n Seguros\u00a0y empresas aseguradoras.<\/p>\n<p>Al menos dos aseguradoras investigadas por el juez Juli\u00e1n Ercolini figuran en las transferencias ingresadas a las cuentas de 7 de Mayo. El dinero entraba a cambio de un supuesto servicio. En este caso, se hablaba de\u00a0eventos gastron\u00f3micos. Para no despertar sospechas, la cooperativa emit\u00eda facturas por esos montos. Pero no hab\u00eda ning\u00fan catering.<\/p>\n<p>La cooperativa 7 de mayo era\u00a0la due\u00f1a de una franquicia de \u201cLa Birreria\u201d, que funcionaba en Honduras al 5500,\u00a0y hab\u00eda tramitado\u00a0un subsidio con el INAES de $15 millones.\u00a0El dinero ingres\u00f3 a la cuenta el 24 de octubre de 2022. Una semana despu\u00e9s, se esfum\u00f3 a trav\u00e9s de 16 cheques, seg\u00fan consta en un documento oficial al que tuvo acceso\u00a0Infobae. \u201cLa Cooperativa no dio respuesta a la informaci\u00f3n acerca de a qu\u00e9 persona, humana o jur\u00eddica, se ha extendido cada uno de esos cheques\u201d, admiti\u00f3 el INAES en mayo de este a\u00f1o. Un mes despu\u00e9s, tuvo que suspenderla ante la magnitud del esc\u00e1ndalo.<\/p>\n<p>Fuente: Radio Sudamericana<\/p>\n<\/div>\n<\/div>\n","protected":false},"excerpt":{"rendered":"<p>\u00a0deber\u00e1n declarar el empresario H\u00e9ctor Martinez Sosa y su mujer Mar\u00eda Cantero, y varios ex integrantes de Naci\u00f3n Seguros comentar\u00a0\u00a00\u00a0\u00a0imprimir\u00a0A-\u00a0A+\u00a0tama\u00f1o\u00a0\u00a0recomendar 4 El juez federal\u00a0Juli\u00e1n Ercolini cit\u00f3 a indagatoria al ex presidente Alberto Fern\u00e1ndez\u00a0por el esc\u00e1ndalo de los seguros y a otros 38 personas, seg\u00fan pudo saber\u00a0Infobae\u00a0de fuentes judiciales.\u00a0Tambi\u00e9n fueron convocados el empresario H\u00e9ctor Martinez Sosa, [&hellip;]<\/p>\n","protected":false},"author":3,"featured_media":60191,"comment_status":"open","ping_status":"open","sticky":false,"template":"","format":"standard","meta":{"footnotes":""},"categories":[9],"tags":[],"class_list":["post-60190","post","type-post","status-publish","format-standard","has-post-thumbnail","hentry","category-politica"],"_links":{"self":[{"href":"http:\/\/informateesquina.com\/index.php?rest_route=\/wp\/v2\/posts\/60190","targetHints":{"allow":["GET"]}}],"collection":[{"href":"http:\/\/informateesquina.com\/index.php?rest_route=\/wp\/v2\/posts"}],"about":[{"href":"http:\/\/informateesquina.com\/index.php?rest_route=\/wp\/v2\/types\/post"}],"author":[{"embeddable":true,"href":"http:\/\/informateesquina.com\/index.php?rest_route=\/wp\/v2\/users\/3"}],"replies":[{"embeddable":true,"href":"http:\/\/informateesquina.com\/index.php?rest_route=%2Fwp%2Fv2%2Fcomments&post=60190"}],"version-history":[{"count":1,"href":"http:\/\/informateesquina.com\/index.php?rest_route=\/wp\/v2\/posts\/60190\/revisions"}],"predecessor-version":[{"id":60192,"href":"http:\/\/informateesquina.com\/index.php?rest_route=\/wp\/v2\/posts\/60190\/revisions\/60192"}],"wp:featuredmedia":[{"embeddable":true,"href":"http:\/\/informateesquina.com\/index.php?rest_route=\/wp\/v2\/media\/60191"}],"wp:attachment":[{"href":"http:\/\/informateesquina.com\/index.php?rest_route=%2Fwp%2Fv2%2Fmedia&parent=60190"}],"wp:term":[{"taxonomy":"category","embeddable":true,"href":"http:\/\/informateesquina.com\/index.php?rest_route=%2Fwp%2Fv2%2Fcategories&post=60190"},{"taxonomy":"post_tag","embeddable":true,"href":"http:\/\/informateesquina.com\/index.php?rest_route=%2Fwp%2Fv2%2Ftags&post=60190"}],"curies":[{"name":"wp","href":"https:\/\/api.w.org\/{rel}","templated":true}]}}