{"id":60193,"date":"2024-11-04T09:02:34","date_gmt":"2024-11-04T12:02:34","guid":{"rendered":"https:\/\/informateesquina.com\/?p=60193"},"modified":"2024-11-04T09:02:34","modified_gmt":"2024-11-04T12:02:34","slug":"valdes-participara-de-la-reunion-de-gobernadores-radicales-con-milei","status":"publish","type":"post","link":"http:\/\/informateesquina.com\/?p=60193","title":{"rendered":"Vald\u00e9s participar\u00e1 de la reuni\u00f3n de gobernadores radicales con MIlei"},"content":{"rendered":"<div>\n<p class=\"copete\">El presidente conversar\u00e1 a solas con Gustavo Vald\u00e9s (Corrientes) , Alfredo Cornejo (Mendoza), Maximiliano Pullaro (Santa Fe), Carlos Sadir (Jujuy) y Leandro Zdero (Chaco), como ya lo hizo con mandatarios del PJ y del PRO<\/p>\n<div class=\"fotos-y-videos\">\n<div class=\"tab-content\">\n<div id=\"fotos\" class=\"tab-pane fade in active\" role=\"tabpanel\"><a class=\"fotos-desarrollo unlink\" title=\"Vald\u00e9s participar\u00e1 de la reuni\u00f3n de gobernadores radicales con MIlei\" href=\"https:\/\/www.radiosudamericana.com\/notix\/multimedia\/imagenes\/fotos\/2024-11-04\/915398.jpg\"><img loading=\"lazy\" decoding=\"async\" class=\"img-responsive lazyload center-block\" src=\"https:\/\/www.radiosudamericana.com\/notix\/multimedia\/imagenes\/fotos\/2024-11-04\/915398.jpg_nota.jpg\" alt=\"Vald\u00e9s participar\u00e1 de la reuni\u00f3n de gobernadores radicales con MIlei\" width=\"700\" height=\"393\" \/><\/a><\/div>\n<\/div>\n<\/div>\n<p>&nbsp;<\/p>\n<div class=\"audios-desarrollo\">\n<div id=\"audio-1\"><audio src=\"https:\/\/www.radiosudamericana.com\/notix\/multimedia\/audios\/2024-11-04\/176803.mp3\" controls=\"controls\" data-mce-fragment=\"1\"><\/audio><\/div>\n<\/div>\n<div class=\"cuerpo\">\n<p>En medio de las discusiones por los\u00a0fondos universitarios, la ruptura del partido y un reciente ataque a su comit\u00e9 nacional, el presidente\u00a0Javier Milei\u00a0recibir\u00e1 el martes a los\u00a0gobernadores de la Uni\u00f3n C\u00edvica Radical\u00a0(UCR) para conversar en persona sobre el rumbo del pa\u00eds y escuchar sus reclamos, como ya lo hizo con los del peronismo, los del PRO y los de espacios independientes que formaban parte de Juntos por el Cambio.<\/p>\n<p><a class=\"fotos-desarrollo unlink\" title=\"Vald\u00e9s participar\u00e1 de la reuni\u00f3n de gobernadores radicales con MIlei\" href=\"https:\/\/www.radiosudamericana.com\/notix\/multimedia\/imagenes\/fotos\/2024-11-04\/313402.jpg\"><img decoding=\"async\" class=\"img-responsive\" src=\"https:\/\/www.radiosudamericana.com\/notix\/multimedia\/imagenes\/fotos\/2024-11-04\/313402.jpg_nota.jpg\" \/><\/a><\/p>\n<p>De acuerdo con lo que precisaron a\u00a0Infobae\u00a0fuentes oficiales, al igual que en las ocasiones anteriores, el l\u00edder libertario los recibir\u00e1 al mediod\u00eda para almorzar y estar\u00e1 acompa\u00f1ado, en principio, por el jefe de Gabinete,\u00a0Guillermo Francos, y por su vice del Interior,\u00a0Lisandro Catal\u00e1n, aunque no se descarta que se sumen otros funcionarios nacionales.<\/p>\n<p>Por el lado de los mandatarios provinciales, participar\u00e1n, en esta oportunidad, los de Mendoza,\u00a0Alfredo Cornejo; de Santa Fe,\u00a0Maximiliano Pullaro; de Jujuy,\u00a0Carlos Sadir; de Corrientes,\u00a0<strong>Gustavo Vald\u00e9s<\/strong>, y de Chaco,\u00a0Leandro Zdero.<\/p>\n<p>Cada uno de ellos ir\u00e1 con reclamos puntuales vinculados a sus respectivos territorios, aunque\u00a0la mayor\u00eda coincidir\u00e1 en pedir por la reactivaci\u00f3n de las obras\u00a0que estaban en manos de la Casa Rosada y que se encuentran frenadas.<\/p>\n<p><a class=\"fotos-desarrollo unlink\" title=\"Vald\u00e9s participar\u00e1 de la reuni\u00f3n de gobernadores radicales con MIlei\" href=\"https:\/\/www.radiosudamericana.com\/notix\/multimedia\/imagenes\/fotos\/2024-11-04\/545986.jpg\"><img decoding=\"async\" class=\"img-responsive\" src=\"https:\/\/www.radiosudamericana.com\/notix\/multimedia\/imagenes\/fotos\/2024-11-04\/545986.jpg_nota.jpg\" \/><\/a><\/p>\n<p>Si bien todos firmaron el acuerdo con Francos aceptando el traspaso de estos proyectos de infraestructura para terminarlos con recursos propios, al igual que sus pares del PRO, solicitan que la Naci\u00f3n se haga cargo primero la deuda que tiene con las empresas constructoras, en algunos casos, desde mediados del 2023, durante la administraci\u00f3n de\u00a0Alberto Fern\u00e1ndez.<\/p>\n<p>Por su parte,\u00a0<strong>Vald\u00e9s tambi\u00e9n le reclamar\u00e1 a Milei el pago de regal\u00edas adeudadas de la represa de Yacyret\u00e1<\/strong>\u00a0-una causa que incluso lleg\u00f3 hasta la\u00a0Corte Suprema de Justicia\u00a0el a\u00f1o pasado, cuando el monto era de m\u00e1s de 13 mil millones de pesos- e insistir\u00e1 con los fondos para las cajas previsionales.<\/p>\n<p>&nbsp;<\/p>\n<div id=\"leermas\">\n<div><b>Seguir Leyendo:<\/b><\/div>\n<div class=\"mitad\"><a class=\"leermas\" href=\"https:\/\/www.radiosudamericana.com\/nota\/politica\/317491-Valdes-participara-de-la-reunion-de-gobernadores-radicales-con-MIlei.htm\" target=\"_blank\" rel=\"noopener\"><img decoding=\"async\" src=\"https:\/\/www.radiosudamericana.com\/multimedia\/imagenes\/fotos\/2024-11-04\/915398.jpg_crop.jpg_tb.jpg\" align=\"left\" \/>Vald\u00e9s participar\u00e1 de la reuni\u00f3n de gobernadores radicales con MIlei<\/a><\/div>\n<div class=\"mitad\"><a class=\"leermas\" href=\"https:\/\/www.radiosudamericana.com\/nota\/politica\/317498-La-solucion-es-tener-una-politica-que-responda--que-entienda.htm\" target=\"_blank\" rel=\"noopener\"><img decoding=\"async\" src=\"https:\/\/www.radiosudamericana.com\/multimedia\/imagenes\/fotos\/2024-11-04\/954129.jpg_crop.jpg_tb.jpg\" align=\"left\" \/>&#8220;La soluci\u00f3n es tener una pol\u00edtica que responda, que entienda&#8221;<\/a><\/div>\n<\/div>\n<p>&nbsp;<\/p>\n<p>Originalmente,\u00a0la reuni\u00f3n con los gobernadores radicales estaba prevista para la semana pasada, pero por problemas de agenda, sumado a algunos problemas internos, como la salida de la ahora ex canciller\u00a0Diana Mondino, obligaron a postergarla unos d\u00edas.<\/p>\n<p>Desde hace algunos meses, el Presidente se puso al frente de las negociaciones pol\u00edticas con la oposici\u00f3n blanda, una tarea que sol\u00eda delegar en diferentes miembros de su Gabinete, con el objetivo de sumar apoyo de otros espacios y evitar derrotas en el Congreso.<\/p>\n<p>De hecho, los cinco radicales son los \u00faltimos mandatarios provinciales que Milei a\u00fan no hab\u00eda recibido, exceptuando a aquellos que se muestran muy alejados del oficialismo y son muy cr\u00edticos de la actual gesti\u00f3n nacional, como\u00a0Gildo Insfr\u00e1n, de Formosa;\u00a0Ricardo Quintela, de La Rioja;\u00a0Axel Kicillof, de Buenos Aires, y\u00a0Gerardo Zamora, de Santiago del Estero.<\/p>\n<p><a class=\"fotos-desarrollo unlink\" title=\"Vald\u00e9s participar\u00e1 de la reuni\u00f3n de gobernadores radicales con MIlei\" href=\"https:\/\/www.radiosudamericana.com\/notix\/multimedia\/imagenes\/fotos\/2024-11-04\/653509.jpg\"><img decoding=\"async\" class=\"img-responsive\" src=\"https:\/\/www.radiosudamericana.com\/notix\/multimedia\/imagenes\/fotos\/2024-11-04\/653509.jpg_nota.jpg\" \/><\/a><\/p>\n<p>Por otra parte, el almuerzo con los referentes de la UCR se dar\u00e1\u00a0en medio de la discusi\u00f3n por el financiamiento a las universidades, que ya forma parte del debate por el\u00a0Presupuesto del 2025\u00a0y que el oficialismo aprovech\u00f3 para discutir tambi\u00e9n otros temas, como la eliminaci\u00f3n de las PASO y un eventual recorte al dinero que el Estado le entrega a los partidos pol\u00edticos.<\/p>\n<p>Fuente: Radio Sudamericana<\/p>\n<\/div>\n<\/div>\n","protected":false},"excerpt":{"rendered":"<p>El presidente conversar\u00e1 a solas con Gustavo Vald\u00e9s (Corrientes) , Alfredo Cornejo (Mendoza), Maximiliano Pullaro (Santa Fe), Carlos Sadir (Jujuy) y Leandro Zdero (Chaco), como ya lo hizo con mandatarios del PJ y del PRO &nbsp; En medio de las discusiones por los\u00a0fondos universitarios, la ruptura del partido y un reciente ataque a su comit\u00e9 [&hellip;]<\/p>\n","protected":false},"author":3,"featured_media":60194,"comment_status":"open","ping_status":"open","sticky":false,"template":"","format":"standard","meta":{"footnotes":""},"categories":[9],"tags":[],"class_list":["post-60193","post","type-post","status-publish","format-standard","has-post-thumbnail","hentry","category-politica"],"_links":{"self":[{"href":"http:\/\/informateesquina.com\/index.php?rest_route=\/wp\/v2\/posts\/60193","targetHints":{"allow":["GET"]}}],"collection":[{"href":"http:\/\/informateesquina.com\/index.php?rest_route=\/wp\/v2\/posts"}],"about":[{"href":"http:\/\/informateesquina.com\/index.php?rest_route=\/wp\/v2\/types\/post"}],"author":[{"embeddable":true,"href":"http:\/\/informateesquina.com\/index.php?rest_route=\/wp\/v2\/users\/3"}],"replies":[{"embeddable":true,"href":"http:\/\/informateesquina.com\/index.php?rest_route=%2Fwp%2Fv2%2Fcomments&post=60193"}],"version-history":[{"count":1,"href":"http:\/\/informateesquina.com\/index.php?rest_route=\/wp\/v2\/posts\/60193\/revisions"}],"predecessor-version":[{"id":60195,"href":"http:\/\/informateesquina.com\/index.php?rest_route=\/wp\/v2\/posts\/60193\/revisions\/60195"}],"wp:featuredmedia":[{"embeddable":true,"href":"http:\/\/informateesquina.com\/index.php?rest_route=\/wp\/v2\/media\/60194"}],"wp:attachment":[{"href":"http:\/\/informateesquina.com\/index.php?rest_route=%2Fwp%2Fv2%2Fmedia&parent=60193"}],"wp:term":[{"taxonomy":"category","embeddable":true,"href":"http:\/\/informateesquina.com\/index.php?rest_route=%2Fwp%2Fv2%2Fcategories&post=60193"},{"taxonomy":"post_tag","embeddable":true,"href":"http:\/\/informateesquina.com\/index.php?rest_route=%2Fwp%2Fv2%2Ftags&post=60193"}],"curies":[{"name":"wp","href":"https:\/\/api.w.org\/{rel}","templated":true}]}}