{"id":60203,"date":"2024-11-04T09:46:45","date_gmt":"2024-11-04T12:46:45","guid":{"rendered":"https:\/\/informateesquina.com\/?p=60203"},"modified":"2024-11-04T09:46:45","modified_gmt":"2024-11-04T12:46:45","slug":"la-solucion-es-tener-una-politica-que-responda-que-entienda","status":"publish","type":"post","link":"http:\/\/informateesquina.com\/?p=60203","title":{"rendered":"&#8220;La soluci\u00f3n es tener una pol\u00edtica que responda, que entienda&#8221;"},"content":{"rendered":"<div>\n<p class=\"copete\">El exgobernador Ricardo Colombi realiz\u00f3 una \u00a0convocatoria este domingo en Bella Vista, donde present\u00f3 su primer acto pol\u00edtico con militantes y dirigentes de toda la provincia.<\/p>\n<div class=\"fotos-y-videos\">\n<div class=\"tab-content\">\n<div id=\"fotos\" class=\"tab-pane fade in active\" role=\"tabpanel\"><a class=\"fotos-desarrollo unlink\" title=\"La soluci\u00f3n es tener una pol\u00edtica que responda, que entienda\" href=\"https:\/\/www.radiosudamericana.com\/notix\/multimedia\/imagenes\/fotos\/2024-11-04\/954129.jpg\"><img loading=\"lazy\" decoding=\"async\" class=\"img-responsive lazyload center-block\" src=\"https:\/\/www.radiosudamericana.com\/notix\/multimedia\/imagenes\/fotos\/2024-11-04\/954129.jpg_nota.jpg\" alt=\"La soluci\u00f3n es tener una pol\u00edtica que responda, que entienda\" width=\"700\" height=\"466\" \/><\/a><\/div>\n<\/div>\n<\/div>\n<p>&nbsp;<\/p>\n<div class=\"cuerpo\">\n<p>La reuni\u00f3n, celebrada en el sal\u00f3n Mar\u00eda Olivetti del Aero Club de Bella Vista, reuni\u00f3 a \u00a0j\u00f3venes, dirigentes y militantes provenientes de diferentes puntos de Corrientes. Seg\u00fan Colombi, el evento fue una oportunidad para compartir su visi\u00f3n pol\u00edtica, escuchar las inquietudes de los presentes y delinear un camino conjunto: &#8220;Fue una reuni\u00f3n con dirigentes, militantes, j\u00f3venes, de distintas partes de la provincia, para explicarles una visi\u00f3n, escucharlos y juntos trazar un camino que se va a ir consolidando en el tiempo&#8221;, afirm\u00f3.<\/p>\n<p>&nbsp;<\/p>\n<p>El exmandatario destac\u00f3 la importancia de construir pol\u00edticas &#8220;de abajo hacia arriba&#8221;, resaltando que estas son las que &#8220;perduran y se concretan&#8221;. En declaraciones a Radio Sudamericana, Colombi subray\u00f3 la necesidad de una pol\u00edtica &#8220;humanista, que se relacione con las instituciones del sector privado y p\u00fablico, porque ambos se deben retroalimentar&#8221;.<\/p>\n<p>Esta reuni\u00f3n\u00a0cobra relevancia en un contexto de reestructuraci\u00f3n interna en la UCR provincial, que fue intervenida por el Comit\u00e9 Nacional &#8211; vale recordar que Colombi est\u00e1 peleando por el sello-\u00a0mientras tanto \u00a0un interventor asumir\u00e1 esta semana para preparar las internas partidarias.<\/p>\n<p>Fuente: Radio Sudamericana<\/p>\n<\/div>\n<\/div>\n","protected":false},"excerpt":{"rendered":"<p>El exgobernador Ricardo Colombi realiz\u00f3 una \u00a0convocatoria este domingo en Bella Vista, donde present\u00f3 su primer acto pol\u00edtico con militantes y dirigentes de toda la provincia. &nbsp; La reuni\u00f3n, celebrada en el sal\u00f3n Mar\u00eda Olivetti del Aero Club de Bella Vista, reuni\u00f3 a \u00a0j\u00f3venes, dirigentes y militantes provenientes de diferentes puntos de Corrientes. Seg\u00fan Colombi, [&hellip;]<\/p>\n","protected":false},"author":3,"featured_media":60204,"comment_status":"open","ping_status":"open","sticky":false,"template":"","format":"standard","meta":{"footnotes":""},"categories":[9],"tags":[],"class_list":["post-60203","post","type-post","status-publish","format-standard","has-post-thumbnail","hentry","category-politica"],"_links":{"self":[{"href":"http:\/\/informateesquina.com\/index.php?rest_route=\/wp\/v2\/posts\/60203","targetHints":{"allow":["GET"]}}],"collection":[{"href":"http:\/\/informateesquina.com\/index.php?rest_route=\/wp\/v2\/posts"}],"about":[{"href":"http:\/\/informateesquina.com\/index.php?rest_route=\/wp\/v2\/types\/post"}],"author":[{"embeddable":true,"href":"http:\/\/informateesquina.com\/index.php?rest_route=\/wp\/v2\/users\/3"}],"replies":[{"embeddable":true,"href":"http:\/\/informateesquina.com\/index.php?rest_route=%2Fwp%2Fv2%2Fcomments&post=60203"}],"version-history":[{"count":1,"href":"http:\/\/informateesquina.com\/index.php?rest_route=\/wp\/v2\/posts\/60203\/revisions"}],"predecessor-version":[{"id":60205,"href":"http:\/\/informateesquina.com\/index.php?rest_route=\/wp\/v2\/posts\/60203\/revisions\/60205"}],"wp:featuredmedia":[{"embeddable":true,"href":"http:\/\/informateesquina.com\/index.php?rest_route=\/wp\/v2\/media\/60204"}],"wp:attachment":[{"href":"http:\/\/informateesquina.com\/index.php?rest_route=%2Fwp%2Fv2%2Fmedia&parent=60203"}],"wp:term":[{"taxonomy":"category","embeddable":true,"href":"http:\/\/informateesquina.com\/index.php?rest_route=%2Fwp%2Fv2%2Fcategories&post=60203"},{"taxonomy":"post_tag","embeddable":true,"href":"http:\/\/informateesquina.com\/index.php?rest_route=%2Fwp%2Fv2%2Ftags&post=60203"}],"curies":[{"name":"wp","href":"https:\/\/api.w.org\/{rel}","templated":true}]}}