{"id":60210,"date":"2024-11-04T16:27:26","date_gmt":"2024-11-04T19:27:26","guid":{"rendered":"https:\/\/informateesquina.com\/?p=60210"},"modified":"2024-11-04T16:27:26","modified_gmt":"2024-11-04T19:27:26","slug":"valdes-adelanto-que-esta-semana-llegaria-el-interventor-de-la-ucr","status":"publish","type":"post","link":"http:\/\/informateesquina.com\/?p=60210","title":{"rendered":"Vald\u00e9s adelant\u00f3 que esta semana llegar\u00eda el interventor de la UCR"},"content":{"rendered":"<p class=\"copete\">En di\u00e1logo con la prensa\u00a0el gobernador Gustavo Vald\u00e9s adelant\u00f3 que el interventor de la Uni\u00f3n C\u00edvica Radical Corrientes Juli\u00e1n Galdeano llegar\u00eda\u00a0este viernes. Adem\u00e1s, confirm\u00f3 que remiti\u00f3 el Presupuesto 2025 a la Legislatura provincial.<\/p>\n<div class=\"fotos-y-videos\">\n<div class=\"tab-content\">\n<div id=\"fotos\" class=\"tab-pane fade in active\" role=\"tabpanel\"><a class=\"fotos-desarrollo unlink\" title=\"Vald\u00e9s adelant\u00f3 que esta semana llegar\u00eda el interventor de la UCR\" href=\"https:\/\/www.radiosudamericana.com\/notix\/multimedia\/imagenes\/fotos\/2024-11-04\/245854.jpg\"><img loading=\"lazy\" decoding=\"async\" class=\"img-responsive lazyload center-block\" src=\"https:\/\/www.radiosudamericana.com\/notix\/multimedia\/imagenes\/fotos\/2024-11-04\/245854.jpg_nota.jpg\" alt=\"Vald\u00e9s adelant\u00f3 que esta semana llegar\u00eda el interventor de la UCR\" width=\"700\" height=\"466\" \/><\/a><\/div>\n<\/div>\n<\/div>\n<p>&nbsp;<\/p>\n<div class=\"audios-desarrollo\">\n<div id=\"audio-1\"><\/div>\n<\/div>\n<div class=\"cuerpo\">\n<p>El gobernador Gustavo Vald\u00e9s confirm\u00f3 que este martes participar\u00e1 de una reuni\u00f3n en Buenos Aires con el Presidente Javier Milei, de la que formar\u00e1n parte tambi\u00e9n otros mandatarios provinciales; entre los que se contar\u00eda al mendocino Alfredo Cornejo; al titular del ejecutivo de Chaco, Leandro Zdero y al de Santa Fe, Maximiliano Pullaro.<\/p>\n<p>Seg\u00fan se espera, el financiamiento de obras; los presupuestos provinciales y el financiamiento para las universidades nacionales formar\u00edan parte de la agenda que abordar\u00eda el Presidente con los gobernadores. \u201cRecibimos una invitaci\u00f3n y vamos a concurrir\u201d, confirm\u00f3 el gobernador. \u00a0El encuentro con mandatarios radicales se realizar\u00e1 luego de varios d\u00edas de cuestionamientos al l\u00edder libertario, que en medio de un discurso acus\u00f3 al ex presidente Ra\u00fal Alfons\u00edn de haber organizado un \u201cgolpe de Estado\u201d en 2001 contra el entonces presidente Fernando De la R\u00faa. \u201cConsidero que Alfons\u00edn era un dem\u00f3crata, para nada creo que fuera un golpista. Esas declaraciones tienen m\u00e1s que ver con el car\u00e1cter del Presidente, que con lo que Alfons\u00edn hizo en toda su vida\u201d, opin\u00f3.<\/p>\n<p><a class=\"fotos-desarrollo unlink\" title=\"Vald\u00e9s adelant\u00f3 que esta semana llegar\u00eda el interventor de la UCR\" href=\"https:\/\/www.radiosudamericana.com\/notix\/multimedia\/imagenes\/fotos\/2024-11-04\/822700.jpg\"><img decoding=\"async\" class=\"img-responsive\" src=\"https:\/\/www.radiosudamericana.com\/notix\/multimedia\/imagenes\/fotos\/2024-11-04\/822700.jpg_nota.jpg\" \/><\/a><\/p>\n<p>Por otra parte, Vald\u00e9s adelant\u00f3 tambi\u00e9n que\u00a0 se remiti\u00f3 el proyecto de Presupuesto 2025 a la C\u00e1mara de Diputados de la provincia. \u201cYa hemos remitido el Presupuesto, que va a llegar a los 2 billones 340 mil millones de pesos\u201d, apunt\u00f3, \u00a0en tanto sostuvoque en paralelo \u201cestamos trabajando en materia presupuestaria con el gobierno Nacional, para ver c\u00f3mo cerramos los n\u00fameros\u201d, dijo respecto de los requerimientos de fondos que se estiman tendr\u00e1 la provincia en el nuevo per\u00edodo.<\/p>\n<h2><strong>Intervenci\u00f3n de la UCR<\/strong><\/h2>\n<p>Al ser consultado sobre la presencia del nuevo interventor de la Uni\u00f3n C\u00edvica Radical Corrientes, el Mandatario correntino respondi\u00f3 \u201cme dijeron que esta semana est\u00e1 llegando el interventor\u201d.\u00a0 De acuerdo a los datos que obtuvo Radio Sudamericana Juli\u00e1n Galdeano llegar\u00eda este viernes.<\/p>\n<p>&nbsp;<\/p>\n<div id=\"leermas\"><\/div>\n<p>&nbsp;<\/p>\n<h2><strong>Respaldo a empresarios ante el BidInvestment<\/strong><\/h2>\n<p>En di\u00e1logo con la prensa, el gobernador Gustavo Vald\u00e9s tambi\u00e9n confirm\u00f3 que dentro de su agenda, tiene previsto asistir el pr\u00f3ximo viernes a la reuni\u00f3n de gobernadores del Norte Grande, convocada para este 8 de noviembre en Santiago del Estero.<\/p>\n<p>\u201cEs necesario que acompa\u00f1emos a los empresarios. Estamos hablando del BID en su car\u00e1cter de inversor con los privados, de manera que estamos invitando a las c\u00e1maras \u2013empresariales correntinas \u2013 a participar y tambi\u00e9n estamos trabajando con los gobernadores del Norte Grande para ver qu\u00e9 oportunidades tenemos de invertir y desarrollarnos\u201d, adelant\u00f3 Vald\u00e9s.<\/p>\n<p>\u201cCuando hablamos del BID Investment ni se trata de financiar al Estado, sino al sector privado que pueda estar interesado en tomar esos recursos para proyectos grandes. Por ejemplo, todo lo que incluy\u00f3 el PPP (proyectos de Participaci\u00f3n P\u00fablico Privadas) que se ha hablado mucho en su tiempo. Hay proyectos dando vuelta\u201d, desliz\u00f3 Vald\u00e9s al final.<\/p>\n<p>Fuente: Radio Sudamericana<\/p>\n<h2><\/h2>\n<\/div>\n","protected":false},"excerpt":{"rendered":"<p>En di\u00e1logo con la prensa\u00a0el gobernador Gustavo Vald\u00e9s adelant\u00f3 que el interventor de la Uni\u00f3n C\u00edvica Radical Corrientes Juli\u00e1n Galdeano llegar\u00eda\u00a0este viernes. Adem\u00e1s, confirm\u00f3 que remiti\u00f3 el Presupuesto 2025 a la Legislatura provincial. &nbsp; El gobernador Gustavo Vald\u00e9s confirm\u00f3 que este martes participar\u00e1 de una reuni\u00f3n en Buenos Aires con el Presidente Javier Milei, de [&hellip;]<\/p>\n","protected":false},"author":3,"featured_media":60211,"comment_status":"open","ping_status":"open","sticky":false,"template":"","format":"standard","meta":{"footnotes":""},"categories":[9],"tags":[],"class_list":["post-60210","post","type-post","status-publish","format-standard","has-post-thumbnail","hentry","category-politica"],"_links":{"self":[{"href":"http:\/\/informateesquina.com\/index.php?rest_route=\/wp\/v2\/posts\/60210","targetHints":{"allow":["GET"]}}],"collection":[{"href":"http:\/\/informateesquina.com\/index.php?rest_route=\/wp\/v2\/posts"}],"about":[{"href":"http:\/\/informateesquina.com\/index.php?rest_route=\/wp\/v2\/types\/post"}],"author":[{"embeddable":true,"href":"http:\/\/informateesquina.com\/index.php?rest_route=\/wp\/v2\/users\/3"}],"replies":[{"embeddable":true,"href":"http:\/\/informateesquina.com\/index.php?rest_route=%2Fwp%2Fv2%2Fcomments&post=60210"}],"version-history":[{"count":1,"href":"http:\/\/informateesquina.com\/index.php?rest_route=\/wp\/v2\/posts\/60210\/revisions"}],"predecessor-version":[{"id":60212,"href":"http:\/\/informateesquina.com\/index.php?rest_route=\/wp\/v2\/posts\/60210\/revisions\/60212"}],"wp:featuredmedia":[{"embeddable":true,"href":"http:\/\/informateesquina.com\/index.php?rest_route=\/wp\/v2\/media\/60211"}],"wp:attachment":[{"href":"http:\/\/informateesquina.com\/index.php?rest_route=%2Fwp%2Fv2%2Fmedia&parent=60210"}],"wp:term":[{"taxonomy":"category","embeddable":true,"href":"http:\/\/informateesquina.com\/index.php?rest_route=%2Fwp%2Fv2%2Fcategories&post=60210"},{"taxonomy":"post_tag","embeddable":true,"href":"http:\/\/informateesquina.com\/index.php?rest_route=%2Fwp%2Fv2%2Ftags&post=60210"}],"curies":[{"name":"wp","href":"https:\/\/api.w.org\/{rel}","templated":true}]}}