{"id":60213,"date":"2024-11-04T16:29:59","date_gmt":"2024-11-04T19:29:59","guid":{"rendered":"https:\/\/informateesquina.com\/?p=60213"},"modified":"2024-11-04T16:29:59","modified_gmt":"2024-11-04T19:29:59","slug":"video-asi-se-derrumbo-el-hotel-de-10-pisos-en-villa-gesell","status":"publish","type":"post","link":"http:\/\/informateesquina.com\/?p=60213","title":{"rendered":"Video: as\u00ed se derrumb\u00f3 el hotel de 10 pisos en Villa Gesell"},"content":{"rendered":"<div>\n<p class=\"copete\">El derrumbe del hotel Dubrovnik en Villa Gesell dej\u00f3 hasta el momento tres muertos y cinco desaparecidos, mientras las condiciones clim\u00e1ticas adversas complican las tareas de rescate.<\/p>\n<div>\n<div class=\"fotos-y-videos\">\n<div class=\"tab-content\">\n<div id=\"fotos\" class=\"tab-pane fade in active\" role=\"tabpanel\"><a class=\"fotos-desarrollo unlink\" title=\"Video: as\u00ed se derrumb\u00f3 el hotel de 10 pisos en Villa Gesell\" href=\"https:\/\/www.radiosudamericana.com\/notix\/multimedia\/imagenes\/fotos\/2024-11-04\/817857.jpeg\"><img loading=\"lazy\" decoding=\"async\" class=\"img-responsive lazyload center-block\" src=\"https:\/\/www.radiosudamericana.com\/notix\/multimedia\/imagenes\/fotos\/2024-11-04\/817857.jpeg_nota.jpeg\" alt=\"Video: as\u00ed se derrumb\u00f3 el hotel de 10 pisos en Villa Gesell\" width=\"700\" height=\"466\" \/><\/a><\/div>\n<\/div>\n<\/div>\n<div class=\"cuerpo\">\n<p>En las \u00faltimas horas de este lunes se difundieron las primeras im\u00e1genes del momento previo al derrumbe. Las im\u00e1genes, capturadas por c\u00e1maras de edificios linderos, y publicadas por el sitio 24con muestran\u00a0<strong>c\u00f3mo una luz se apaga y el hotel desaparece en un instante.<\/strong><\/p>\n<p>En la secuencia,\u00a0<strong>se observa a una mujer que sale del garaje de un complejo vecino, pero su imagen es r\u00e1pidamente cubierta por el polvo de los escombros que se levantan tras el colapso.<\/strong><\/p>\n<p>&nbsp;<\/p>\n<div><video id=\"video-id-28991\" class=\"video-js vjs-default-skin vjs-16-9 vjs-big-play-centered\" poster=\"https:\/\/www.radiosudamericana.com\/notix\/multimedia\/img_videos\/2024110410064865.jpg\" preload=\"auto\" controls=\"controls\" width=\"640\" height=\"150\" data-setup=\"{}\" data-mce-fragment=\"1\"><\/video><\/div>\n<p>&nbsp;<\/p>\n<p>&nbsp;<\/p>\n<div id=\"leermas\">\n<div><b>Seguir Leyendo:<\/b><\/div>\n<div class=\"mitad\"><a class=\"leermas\" href=\"https:\/\/www.radiosudamericana.com\/nota\/policiales\/317230-Se-derrumbo-un-edificio-en-Villa-Gesell--hay-personas-atrapadas-.htm\" target=\"_blank\" rel=\"noopener\"><img decoding=\"async\" src=\"https:\/\/www.radiosudamericana.com\/multimedia\/imagenes\/fotos\/2024-10-29\/610889.jpg_crop.jpg_tb.jpg\" align=\"left\" \/>Se derrumb\u00f3 un edificio en Villa Gesell: hay personas atrapadas<\/a><\/div>\n<div class=\"mitad\"><a class=\"leermas\" href=\"https:\/\/www.radiosudamericana.com\/nota\/policiales\/317238-Fundado-por-croatas---asi-era-el-hotel-que-se-derrumbo-en-Villa-Gesell.htm\" target=\"_blank\" rel=\"noopener\"><img decoding=\"async\" src=\"https:\/\/www.radiosudamericana.com\/multimedia\/imagenes\/fotos\/2024-10-29\/304595.jpg_crop.jpg_tb.jpg\" align=\"left\" \/>Fundado por croatas: as\u00ed era el hotel que se derrumb\u00f3 en Villa Gesell<\/a><\/div>\n<\/div>\n<p>&nbsp;<\/p>\n<p>Las operaciones de rescate, que cuentan con m\u00e1s de 450 rescatistas, se ven seriamente afectadas por una alerta meteorol\u00f3gica por fuertes tormentas y granizo. Osvaldo Lori, presidente de la Federaci\u00f3n de Bomberos Buenos Aires, destac\u00f3: \u201cSi el tiempo nos deja ingresar, seguramente haya noticias\u201d. La situaci\u00f3n es cr\u00edtica, ya que las lluvias y r\u00e1fagas de viento pueden alcanzar hasta 80 km\/h, complicando a\u00fan m\u00e1s los esfuerzos de b\u00fasqueda.<\/p>\n<\/div>\n<\/div>\n<div class=\"banner wline space-bottom\">Fuente: Radio Sudamericana<\/div>\n<\/div>\n","protected":false},"excerpt":{"rendered":"<p>El derrumbe del hotel Dubrovnik en Villa Gesell dej\u00f3 hasta el momento tres muertos y cinco desaparecidos, mientras las condiciones clim\u00e1ticas adversas complican las tareas de rescate. En las \u00faltimas horas de este lunes se difundieron las primeras im\u00e1genes del momento previo al derrumbe. Las im\u00e1genes, capturadas por c\u00e1maras de edificios linderos, y publicadas por [&hellip;]<\/p>\n","protected":false},"author":3,"featured_media":60214,"comment_status":"open","ping_status":"open","sticky":false,"template":"","format":"standard","meta":{"footnotes":""},"categories":[8],"tags":[],"class_list":["post-60213","post","type-post","status-publish","format-standard","has-post-thumbnail","hentry","category-policiales"],"_links":{"self":[{"href":"http:\/\/informateesquina.com\/index.php?rest_route=\/wp\/v2\/posts\/60213","targetHints":{"allow":["GET"]}}],"collection":[{"href":"http:\/\/informateesquina.com\/index.php?rest_route=\/wp\/v2\/posts"}],"about":[{"href":"http:\/\/informateesquina.com\/index.php?rest_route=\/wp\/v2\/types\/post"}],"author":[{"embeddable":true,"href":"http:\/\/informateesquina.com\/index.php?rest_route=\/wp\/v2\/users\/3"}],"replies":[{"embeddable":true,"href":"http:\/\/informateesquina.com\/index.php?rest_route=%2Fwp%2Fv2%2Fcomments&post=60213"}],"version-history":[{"count":1,"href":"http:\/\/informateesquina.com\/index.php?rest_route=\/wp\/v2\/posts\/60213\/revisions"}],"predecessor-version":[{"id":60215,"href":"http:\/\/informateesquina.com\/index.php?rest_route=\/wp\/v2\/posts\/60213\/revisions\/60215"}],"wp:featuredmedia":[{"embeddable":true,"href":"http:\/\/informateesquina.com\/index.php?rest_route=\/wp\/v2\/media\/60214"}],"wp:attachment":[{"href":"http:\/\/informateesquina.com\/index.php?rest_route=%2Fwp%2Fv2%2Fmedia&parent=60213"}],"wp:term":[{"taxonomy":"category","embeddable":true,"href":"http:\/\/informateesquina.com\/index.php?rest_route=%2Fwp%2Fv2%2Fcategories&post=60213"},{"taxonomy":"post_tag","embeddable":true,"href":"http:\/\/informateesquina.com\/index.php?rest_route=%2Fwp%2Fv2%2Ftags&post=60213"}],"curies":[{"name":"wp","href":"https:\/\/api.w.org\/{rel}","templated":true}]}}