{"id":60216,"date":"2024-11-04T21:49:07","date_gmt":"2024-11-05T00:49:07","guid":{"rendered":"https:\/\/informateesquina.com\/?p=60216"},"modified":"2024-11-04T21:49:07","modified_gmt":"2024-11-05T00:49:07","slug":"carnavales2025-los-organizadores-del-carnaval-de-esquina-se-reunieron-con-el-gobernador-gustavo-valdes","status":"publish","type":"post","link":"http:\/\/informateesquina.com\/?p=60216","title":{"rendered":"#Carnavales2025 Los organizadores del Carnaval de Esquina se reunieron con el gobernador Gustavo Vald\u00e9s"},"content":{"rendered":"<p>Hoy en Casa de Gobierno el primer mandatario recibi\u00f3 a los integrantes de @celtagroup para coordinar acciones tendientes a la reactivaci\u00f3n de este evento tradicional. El objetivo es recuperar el esplendor del carnaval, que ha sido un s\u00edmbolo importante de la cultura y la identidad de la regi\u00f3n.<\/p>\n<p>Durante la reuni\u00f3n, se abordaron estrategias para mejorar la infraestructura y los servicios tur\u00edsticos, as\u00ed como para aumentar la participaci\u00f3n de la comunidad local y los visitantes. El gobernador Vald\u00e9s expres\u00f3 su compromiso con el desarrollo del carnaval y su apoyo para que siga siendo un evento emblem\u00e1tico para la provincia.<\/p>\n<p>\u201cEl Carnaval de Esquina es una parte fundamental de nuestra identidad cultural y un atractivo tur\u00edstico importante para nuestra provincia\u201d, declar\u00f3 Vald\u00e9s. \u201cEstamos comprometidos con su reactivaci\u00f3n y crecimiento, y trabajaremos en estrecha colaboraci\u00f3n con los organizadores y la comunidad para lograrlo\u201d.<\/p>\n<p>Los organizadores del carnaval tambi\u00e9n anunciaron que se est\u00e1n preparando para recibir a miles de visitantes de toda la regi\u00f3n y del pa\u00eds, y que se est\u00e1n llevando a cabo importantes mejoras en la infraestructura y los servicios para garantizar una experiencia segura y disfrutable para todos.<\/p>\n<p>El Carnaval de Esquina es conocido por sus coloridos desfiles, m\u00fasica en vivo y la participaci\u00f3n de comparsas locales, como Car\u00fa Cur\u00e1, Yasi Ber\u00e1, Yeroqu\u00ed Por\u00e1 y Esquina Samba Show. La reuni\u00f3n con el gobernador Vald\u00e9s es un paso importante hacia la reactivaci\u00f3n de este evento tradicional y su consolidaci\u00f3n como uno de los m\u00e1s importantes de la regi\u00f3n.<\/p>\n","protected":false},"excerpt":{"rendered":"<p>Hoy en Casa de Gobierno el primer mandatario recibi\u00f3 a los integrantes de @celtagroup para coordinar acciones tendientes a la reactivaci\u00f3n de este evento tradicional. El objetivo es recuperar el esplendor del carnaval, que ha sido un s\u00edmbolo importante de la cultura y la identidad de la regi\u00f3n. Durante la reuni\u00f3n, se abordaron estrategias para [&hellip;]<\/p>\n","protected":false},"author":3,"featured_media":60217,"comment_status":"open","ping_status":"open","sticky":false,"template":"","format":"standard","meta":{"footnotes":""},"categories":[6],"tags":[],"class_list":["post-60216","post","type-post","status-publish","format-standard","has-post-thumbnail","hentry","category-locales"],"_links":{"self":[{"href":"http:\/\/informateesquina.com\/index.php?rest_route=\/wp\/v2\/posts\/60216","targetHints":{"allow":["GET"]}}],"collection":[{"href":"http:\/\/informateesquina.com\/index.php?rest_route=\/wp\/v2\/posts"}],"about":[{"href":"http:\/\/informateesquina.com\/index.php?rest_route=\/wp\/v2\/types\/post"}],"author":[{"embeddable":true,"href":"http:\/\/informateesquina.com\/index.php?rest_route=\/wp\/v2\/users\/3"}],"replies":[{"embeddable":true,"href":"http:\/\/informateesquina.com\/index.php?rest_route=%2Fwp%2Fv2%2Fcomments&post=60216"}],"version-history":[{"count":1,"href":"http:\/\/informateesquina.com\/index.php?rest_route=\/wp\/v2\/posts\/60216\/revisions"}],"predecessor-version":[{"id":60218,"href":"http:\/\/informateesquina.com\/index.php?rest_route=\/wp\/v2\/posts\/60216\/revisions\/60218"}],"wp:featuredmedia":[{"embeddable":true,"href":"http:\/\/informateesquina.com\/index.php?rest_route=\/wp\/v2\/media\/60217"}],"wp:attachment":[{"href":"http:\/\/informateesquina.com\/index.php?rest_route=%2Fwp%2Fv2%2Fmedia&parent=60216"}],"wp:term":[{"taxonomy":"category","embeddable":true,"href":"http:\/\/informateesquina.com\/index.php?rest_route=%2Fwp%2Fv2%2Fcategories&post=60216"},{"taxonomy":"post_tag","embeddable":true,"href":"http:\/\/informateesquina.com\/index.php?rest_route=%2Fwp%2Fv2%2Ftags&post=60216"}],"curies":[{"name":"wp","href":"https:\/\/api.w.org\/{rel}","templated":true}]}}