{"id":60219,"date":"2024-11-05T09:07:30","date_gmt":"2024-11-05T12:07:30","guid":{"rendered":"https:\/\/informateesquina.com\/?p=60219"},"modified":"2024-11-05T09:07:30","modified_gmt":"2024-11-05T12:07:30","slug":"valdes-se-reunira-este-martes-con-milei-y-gobernadores-radicales","status":"publish","type":"post","link":"http:\/\/informateesquina.com\/?p=60219","title":{"rendered":"Vald\u00e9s se reunir\u00e1 este martes con Milei y gobernadores radicales"},"content":{"rendered":"<div>\n<p class=\"copete\">Este martes se concretar\u00e1 un almuerzo con gobernadores de la UCR con el Presidente Javier Milei, que hab\u00eda estado prevista para la semana pasada pero luego se suspendi\u00f3 tras la salida de lacanciller Diana Mondino de su cargo.<\/p>\n<div class=\"fotos-y-videos\">\n<div class=\"tab-content\">\n<div id=\"fotos\" class=\"tab-pane fade in active\" role=\"tabpanel\"><a class=\"fotos-desarrollo unlink\" title=\"Vald\u00e9s se reunir\u00e1 este martes con Milei y gobernadores radicales\" href=\"https:\/\/www.radiosudamericana.com\/notix\/multimedia\/imagenes\/fotos\/2024-11-05\/158345.jpg\"><img loading=\"lazy\" decoding=\"async\" class=\"img-responsive lazyload center-block\" src=\"https:\/\/www.radiosudamericana.com\/notix\/multimedia\/imagenes\/fotos\/2024-11-05\/158345.jpg_nota.jpg\" alt=\"Vald\u00e9s se reunir\u00e1 este martes con Milei y gobernadores radicales\" width=\"700\" height=\"474\" \/><\/a><\/div>\n<\/div>\n<\/div>\n<p>&nbsp;<\/p>\n<div class=\"cuerpo\">\n<p>El gobernador Gustavo Vald\u00e9s confirm\u00f3 que este martes participar\u00e1 de una reuni\u00f3n en Buenos Aires con el Presidente Javier Milei, de la que formar\u00e1n parte tambi\u00e9n otros mandatarios provinciales; entre los que se contar\u00eda al mendocino Alfredo Cornejo; al titular del ejecutivo de Chaco, Leandro Zdero y al de Santa Fe, Maximiliano Pullaro.<\/p>\n<p>&nbsp;<\/p>\n<div id=\"leermas\">\n<div><b>Seguir Leyendo:<\/b><\/div>\n<div class=\"mitad\"><a class=\"leermas\" href=\"https:\/\/www.radiosudamericana.com\/nota\/politica\/317491-Valdes-participara-de-la-reunion-de-gobernadores-radicales-con-MIlei.htm\" target=\"_blank\" rel=\"noopener\"><img decoding=\"async\" src=\"https:\/\/www.radiosudamericana.com\/multimedia\/imagenes\/fotos\/2024-11-04\/915398.jpg_crop.jpg_tb.jpg\" align=\"left\" \/>Vald\u00e9s participar\u00e1 de la reuni\u00f3n de gobernadores radicales con MIlei<\/a><\/div>\n<\/div>\n<p>&nbsp;<\/p>\n<p>Seg\u00fan se espera, el financiamiento de obras; los presupuestos provinciales y el financiamiento para las universidades nacionales formar\u00edan parte de la agenda que abordar\u00eda el Presidente con los gobernadores. \u201cRecibimos una invitaci\u00f3n y vamos a concurrir\u201d, confirm\u00f3 el gobernador.\u00a0 El encuentro con mandatarios radicales se realizar\u00e1 luego de varios d\u00edas de cuestionamientos al l\u00edder libertario, que en medio de un discurso acus\u00f3 al ex presidente Ra\u00fal Alfons\u00edn de haber organizado un \u201cgolpe de Estado\u201d en 2001 contra el entonces presidente Fernando De la R\u00faa. \u201cConsidero que Alfons\u00edn era un dem\u00f3crata, para nada creo que fuera un golpista. Esas declaraciones tienen m\u00e1s que ver con el car\u00e1cter del Presidente, que con lo que Alfons\u00edn hizo en toda su vida\u201d, opin\u00f3.<\/p>\n<p>Cada uno de los gobernadores ir\u00e1 con reclamos puntuales vinculados a sus respectivos territorios, aunque la mayor\u00eda coincidir\u00e1 en pedir por la reactivaci\u00f3n de las obras que estaban en manos de la Casa Rosada y que se encuentran frenadas.<\/p>\n<p>Fuente: Radio Sudamericana<\/p>\n<\/div>\n<\/div>\n","protected":false},"excerpt":{"rendered":"<p>Este martes se concretar\u00e1 un almuerzo con gobernadores de la UCR con el Presidente Javier Milei, que hab\u00eda estado prevista para la semana pasada pero luego se suspendi\u00f3 tras la salida de lacanciller Diana Mondino de su cargo. &nbsp; El gobernador Gustavo Vald\u00e9s confirm\u00f3 que este martes participar\u00e1 de una reuni\u00f3n en Buenos Aires con [&hellip;]<\/p>\n","protected":false},"author":3,"featured_media":60220,"comment_status":"open","ping_status":"open","sticky":false,"template":"","format":"standard","meta":{"footnotes":""},"categories":[9],"tags":[],"class_list":["post-60219","post","type-post","status-publish","format-standard","has-post-thumbnail","hentry","category-politica"],"_links":{"self":[{"href":"http:\/\/informateesquina.com\/index.php?rest_route=\/wp\/v2\/posts\/60219","targetHints":{"allow":["GET"]}}],"collection":[{"href":"http:\/\/informateesquina.com\/index.php?rest_route=\/wp\/v2\/posts"}],"about":[{"href":"http:\/\/informateesquina.com\/index.php?rest_route=\/wp\/v2\/types\/post"}],"author":[{"embeddable":true,"href":"http:\/\/informateesquina.com\/index.php?rest_route=\/wp\/v2\/users\/3"}],"replies":[{"embeddable":true,"href":"http:\/\/informateesquina.com\/index.php?rest_route=%2Fwp%2Fv2%2Fcomments&post=60219"}],"version-history":[{"count":1,"href":"http:\/\/informateesquina.com\/index.php?rest_route=\/wp\/v2\/posts\/60219\/revisions"}],"predecessor-version":[{"id":60221,"href":"http:\/\/informateesquina.com\/index.php?rest_route=\/wp\/v2\/posts\/60219\/revisions\/60221"}],"wp:featuredmedia":[{"embeddable":true,"href":"http:\/\/informateesquina.com\/index.php?rest_route=\/wp\/v2\/media\/60220"}],"wp:attachment":[{"href":"http:\/\/informateesquina.com\/index.php?rest_route=%2Fwp%2Fv2%2Fmedia&parent=60219"}],"wp:term":[{"taxonomy":"category","embeddable":true,"href":"http:\/\/informateesquina.com\/index.php?rest_route=%2Fwp%2Fv2%2Fcategories&post=60219"},{"taxonomy":"post_tag","embeddable":true,"href":"http:\/\/informateesquina.com\/index.php?rest_route=%2Fwp%2Fv2%2Ftags&post=60219"}],"curies":[{"name":"wp","href":"https:\/\/api.w.org\/{rel}","templated":true}]}}