{"id":60222,"date":"2024-11-05T09:24:39","date_gmt":"2024-11-05T12:24:39","guid":{"rendered":"https:\/\/informateesquina.com\/?p=60222"},"modified":"2024-11-05T09:24:39","modified_gmt":"2024-11-05T12:24:39","slug":"un-periodista-fue-asesinado-a-golpes-frente-a-su-nieto-durante-un-robo-en-su-casa","status":"publish","type":"post","link":"http:\/\/informateesquina.com\/?p=60222","title":{"rendered":"Un periodista fue asesinado a golpes frente a su nieto durante un robo en su casa"},"content":{"rendered":"<div>\n<p class=\"copete\">Miguel \u00c1ngel Montefusco ten\u00eda 77 a\u00f1os. Estuvo internado por 10 d\u00edas, no pudo recuperarse de las heridas y muri\u00f3. Ocurri\u00f3 en la localidad bonaerense de Turdera.<\/p>\n<div class=\"fotos-y-videos\">\n<div class=\"tab-content\">\n<div id=\"fotos\" class=\"tab-pane fade in active\" role=\"tabpanel\"><a class=\"fotos-desarrollo unlink\" title=\"Un periodista fue asesinado a golpes frente a su nieto durante un robo en su casa\" href=\"https:\/\/www.radiosudamericana.com\/notix\/multimedia\/imagenes\/fotos\/2024-11-05\/783307.jpg\"><img loading=\"lazy\" decoding=\"async\" class=\"img-responsive lazyload center-block\" src=\"https:\/\/www.radiosudamericana.com\/notix\/multimedia\/imagenes\/fotos\/2024-11-05\/783307.jpg_nota.jpg\" alt=\"Un periodista fue asesinado a golpes frente a su nieto durante un robo en su casa\" width=\"700\" height=\"397\" \/><\/a><\/div>\n<\/div>\n<\/div>\n<p>&nbsp;<\/p>\n<div class=\"cuerpo\">\n<p>Un periodista fue\u00a0asesinado a golpes en un robo\u00a0en la ciudad de Turdera, partido de Lomas de Zamora. Se trata de\u00a0Miguel \u00c1ngel Montefusco, de 77 a\u00f1os, que fue atacado por delincuentes que entraron a su casa.<\/p>\n<p>Ocurri\u00f3 en la tarde del martes 22 de octubre, cuando estaba con su nieto, de 12 a\u00f1os, en su domicilio, en la calle Puig al 500. En el momento de asalto, el nene fue maniatado, mientras que el abuelo era agredido.<\/p>\n<p>&nbsp;<\/p>\n<div id=\"leermas\"><\/div>\n<p>&nbsp;<\/p>\n<p>Montefusco termin\u00f3 con la cara desfigurada y el cr\u00e1neo quebrado, al igual que las costillas. Ten\u00edan que operarlo, pero\u00a0no pudo recuperarse\u00a0y muri\u00f3 el s\u00e1bado 2 de noviembre.<\/p>\n<p>El fallecimiento fue dado a conocer en redes por el Club Social y Deportivo Juventud Obrera, donde el periodista era un referente: \u201cCon mucha tristeza y dolor despedimos a nuestro querido Miguel Montefusco, una excelente persona y formadora siempre predispuesta para y por el club, mandamos nuestras condolencias y apoyo a toda la familia\u201d.<\/p>\n<p>El posteo en la cuenta de Facebook del club gener\u00f3 mensajes de apoyo y condolencias hacia la familia.\u00a0\u201cQue descanse en paz el padre y abuelo de los pibes del club\u201d, lo describi\u00f3 una de las personas.<\/p>\n<p>&nbsp;<\/p>\n<p>Otro usuario lament\u00f3 la p\u00e9rdida y reclam\u00f3 por la inseguridad que se vive en la zona: \u201cLo m\u00e1s triste de todo es el motivo de su muerte, causada por asesinos que ingresaron a su domicilio y lo golpearon frente a su nieto.\u00a0La violencia y delincuencia que se vive en Turdera es lamentable\u201d.<\/p>\n<p>\u201cUna forma de pedir Justicia por Miguel es juntarnos todos e implorar que se haga justicia, que agarren a esos asesinos y el fiscal que suelta a alguno escracharlo por todos lados,\u00a0no podemos permitir que nos sigan matando\u201d, complet\u00f3.<\/p>\n<p>&nbsp;<\/p>\n<p>Al enterarse del crimen, el concejal Jorge Villalba se\u00f1al\u00f3: \u201cSe necesita un esclarecimiento urgente, es necesario no solo encontrar a los autores, sino tambi\u00e9n que la polic\u00eda garantice la seguridad las 24 horas, los 365 d\u00edas del a\u00f1o\u201d.<\/p>\n<p>Adem\u00e1s, anticip\u00f3 que presentar\u00e1 pedidos de informes \u201cpara la urgente aplicaci\u00f3n de medidas para esclarecer lo acontecido y garantizar que no se vuelvan a repetir episodios como los vividos\u201d.<\/p>\n<p>En 2019, Montefusco fue reconocido con el premio\u00a0\u201cOrgullo de ser de Lomas\u201d\u00a0por su trayectoria en el Club Social y Deportivo Juventud Obrera y su aporte a la formaci\u00f3n de j\u00f3venes deportistas.<\/p>\n<p>Fuente: Radio Sudamericana<\/p>\n<\/div>\n<\/div>\n","protected":false},"excerpt":{"rendered":"<p>Miguel \u00c1ngel Montefusco ten\u00eda 77 a\u00f1os. Estuvo internado por 10 d\u00edas, no pudo recuperarse de las heridas y muri\u00f3. Ocurri\u00f3 en la localidad bonaerense de Turdera. &nbsp; Un periodista fue\u00a0asesinado a golpes en un robo\u00a0en la ciudad de Turdera, partido de Lomas de Zamora. Se trata de\u00a0Miguel \u00c1ngel Montefusco, de 77 a\u00f1os, que fue atacado [&hellip;]<\/p>\n","protected":false},"author":3,"featured_media":60225,"comment_status":"open","ping_status":"open","sticky":false,"template":"","format":"standard","meta":{"footnotes":""},"categories":[8],"tags":[],"class_list":["post-60222","post","type-post","status-publish","format-standard","has-post-thumbnail","hentry","category-policiales"],"_links":{"self":[{"href":"http:\/\/informateesquina.com\/index.php?rest_route=\/wp\/v2\/posts\/60222","targetHints":{"allow":["GET"]}}],"collection":[{"href":"http:\/\/informateesquina.com\/index.php?rest_route=\/wp\/v2\/posts"}],"about":[{"href":"http:\/\/informateesquina.com\/index.php?rest_route=\/wp\/v2\/types\/post"}],"author":[{"embeddable":true,"href":"http:\/\/informateesquina.com\/index.php?rest_route=\/wp\/v2\/users\/3"}],"replies":[{"embeddable":true,"href":"http:\/\/informateesquina.com\/index.php?rest_route=%2Fwp%2Fv2%2Fcomments&post=60222"}],"version-history":[{"count":1,"href":"http:\/\/informateesquina.com\/index.php?rest_route=\/wp\/v2\/posts\/60222\/revisions"}],"predecessor-version":[{"id":60226,"href":"http:\/\/informateesquina.com\/index.php?rest_route=\/wp\/v2\/posts\/60222\/revisions\/60226"}],"wp:featuredmedia":[{"embeddable":true,"href":"http:\/\/informateesquina.com\/index.php?rest_route=\/wp\/v2\/media\/60225"}],"wp:attachment":[{"href":"http:\/\/informateesquina.com\/index.php?rest_route=%2Fwp%2Fv2%2Fmedia&parent=60222"}],"wp:term":[{"taxonomy":"category","embeddable":true,"href":"http:\/\/informateesquina.com\/index.php?rest_route=%2Fwp%2Fv2%2Fcategories&post=60222"},{"taxonomy":"post_tag","embeddable":true,"href":"http:\/\/informateesquina.com\/index.php?rest_route=%2Fwp%2Fv2%2Ftags&post=60222"}],"curies":[{"name":"wp","href":"https:\/\/api.w.org\/{rel}","templated":true}]}}