{"id":60234,"date":"2024-11-05T20:22:16","date_gmt":"2024-11-05T23:22:16","guid":{"rendered":"https:\/\/informateesquina.com\/?p=60234"},"modified":"2024-11-05T20:22:16","modified_gmt":"2024-11-05T23:22:16","slug":"nena-desaparecida-en-mocoreta-habria-tres-personas-demoradas","status":"publish","type":"post","link":"http:\/\/informateesquina.com\/?p=60234","title":{"rendered":"Nena desaparecida en Mocoret\u00e1: habr\u00eda tres personas demoradas"},"content":{"rendered":"<p class=\"copete\">Mariel, mam\u00e1 de la nena S, quien desapareci\u00f3 el s\u00e1bado 2 de noviembre por la noche y fue encontrada en la ma\u00f1ana de este martes dialog\u00f3 con Sudamericana y brind\u00f3 algunos detalles del hecho que puso en vilo a Corrientes. &#8220;La corrieron tres personas&#8221;, se\u00f1al\u00f3 la mujer. Adem\u00e1s, destac\u00f3 que el comisario de la causa le inform\u00f3 que hay tres demorados.<\/p>\n<div>\n<div class=\"fotos-y-videos\">\n<div class=\"tab-content\">\n<div id=\"fotos\" class=\"tab-pane fade in active\" role=\"tabpanel\"><a class=\"fotos-desarrollo unlink\" title=\"Nena desaparecida en Mocoret\u00e1: habr\u00eda tres personas demoradas\" href=\"https:\/\/www.radiosudamericana.com\/notix\/multimedia\/imagenes\/fotos\/2024-11-05\/193486.png\"><img loading=\"lazy\" decoding=\"async\" class=\"img-responsive lazyload center-block\" src=\"https:\/\/www.radiosudamericana.com\/notix\/multimedia\/imagenes\/fotos\/2024-11-05\/193486.png_nota.png\" alt=\"Nena desaparecida en Mocoret\u00e1: habr\u00eda tres personas demoradas\" width=\"700\" height=\"700\" \/><\/a><\/div>\n<\/div>\n<\/div>\n<div class=\"cuerpo\">\n<p>Mariel relat\u00f3 a Sudamericana que su hija sali\u00f3 de la casa de su novio alrededor de las 3:30 a.m. y desde ese momento fue perseguida por tres personas, lo que la llev\u00f3 a esconderse en el campo.\u00a0<strong>\u201cElla ten\u00eda miedo de que la agarraran, que le hicieran algo\u201d<\/strong>, explic\u00f3 la madre. La ni\u00f1a se ocult\u00f3 por miedo y permaneci\u00f3 sola en la intemperie, sin atreverse a salir. \u201cPensaba que la estaban buscando, que esas personas estaban cerca\u201d, detall\u00f3 Mariel.<\/p>\n<p>En este sentido,\u00a0<strong>destac\u00f3 que el comisario de la localidad le inform\u00f3 que hay tres personas demoradas.<\/strong>\u00a0Adem\u00e1s, se\u00f1al\u00f3 que al salir de la casa de su novio, &#8220;la corrieron tres personas&#8221;, por lo cual la ni\u00f1a estaba asustada.<\/p>\n<p>&nbsp;<\/p>\n<p>&nbsp;<\/p>\n<p>La mujer agreg\u00f3: \u201cMe dijo: \u2018Mami, si corr\u00eda para la casa de alguien, ten\u00eda miedo que no me atendieran o me agarraran\u2019\u201d, cont\u00f3 la madre, describiendo el temor de su hija. S. G se escondi\u00f3 en el campo para protegerse y evit\u00f3 salir durante los dos d\u00edas en que estuvo desaparecida.\u00a0<strong>\u201cElla no se animaba a salir, aun siendo de d\u00eda; pensaba que las personas estaban cerca\u201d,<\/strong>\u00a0a\u00f1adi\u00f3 Mariel.<\/p>\n<p>La madre explic\u00f3 que durante su ausencia, la hija sufri\u00f3 las inclemencias del tiempo. \u201cEstaba deshidratada, sin comer, mojada y sin contacto con esas personas\u201d, relat\u00f3. Seg\u00fan Mariel, S. intent\u00f3 buscar ayuda, pero el miedo a ser capturada la mantuvo oculta en una zona rural. \u201cSe meti\u00f3 campo adentro y caminaba sin rumbo; estaba desorientada\u201d, coment\u00f3.<\/p>\n<p>Finalmente lleg\u00f3 por sus propios medios hasta una casa abandonada cercana a la vivienda de su abuela, donde fue hallada. Al reencontrarse, Mariel record\u00f3 la confusi\u00f3n de su hija: \u201cLe pregunt\u00e9 la hora y me qued\u00f3 mirando; no pod\u00eda creer el tiempo que hab\u00eda pasado\u201d, relat\u00f3.<\/p>\n<div id=\"leermas\"><\/div>\n<p>&nbsp;<\/p>\n<p>Durante la conversaci\u00f3n, Mariel tambi\u00e9n expres\u00f3 la incertidumbre que vivi\u00f3 la familia. \u201cPasamos dos d\u00edas muy duros, no sab\u00edamos d\u00f3nde est\u00e1bamos parados\u201d, afirm\u00f3. Refiri\u00e9ndose a otros casos de desapariciones, reflexion\u00f3: \u201cMe pongo a pensar en otros chicos que no aparecen y pasan m\u00e1s tiempo, y me pregunto c\u00f3mo estar\u00e1n esos padres\u201d.<\/p>\n<p>Por el momento, Mariel explic\u00f3 que su hija se encuentra en observaci\u00f3n en el hospital y que esperan que las investigaciones aclaren los detalles de lo sucedido.<\/p>\n<p>Fuente; Radio Sudamericana<\/p>\n<\/div>\n<\/div>\n","protected":false},"excerpt":{"rendered":"<p>Mariel, mam\u00e1 de la nena S, quien desapareci\u00f3 el s\u00e1bado 2 de noviembre por la noche y fue encontrada en la ma\u00f1ana de este martes dialog\u00f3 con Sudamericana y brind\u00f3 algunos detalles del hecho que puso en vilo a Corrientes. &#8220;La corrieron tres personas&#8221;, se\u00f1al\u00f3 la mujer. Adem\u00e1s, destac\u00f3 que el comisario de la causa [&hellip;]<\/p>\n","protected":false},"author":3,"featured_media":60235,"comment_status":"open","ping_status":"open","sticky":false,"template":"","format":"standard","meta":{"footnotes":""},"categories":[8],"tags":[],"class_list":["post-60234","post","type-post","status-publish","format-standard","has-post-thumbnail","hentry","category-policiales"],"_links":{"self":[{"href":"http:\/\/informateesquina.com\/index.php?rest_route=\/wp\/v2\/posts\/60234","targetHints":{"allow":["GET"]}}],"collection":[{"href":"http:\/\/informateesquina.com\/index.php?rest_route=\/wp\/v2\/posts"}],"about":[{"href":"http:\/\/informateesquina.com\/index.php?rest_route=\/wp\/v2\/types\/post"}],"author":[{"embeddable":true,"href":"http:\/\/informateesquina.com\/index.php?rest_route=\/wp\/v2\/users\/3"}],"replies":[{"embeddable":true,"href":"http:\/\/informateesquina.com\/index.php?rest_route=%2Fwp%2Fv2%2Fcomments&post=60234"}],"version-history":[{"count":1,"href":"http:\/\/informateesquina.com\/index.php?rest_route=\/wp\/v2\/posts\/60234\/revisions"}],"predecessor-version":[{"id":60236,"href":"http:\/\/informateesquina.com\/index.php?rest_route=\/wp\/v2\/posts\/60234\/revisions\/60236"}],"wp:featuredmedia":[{"embeddable":true,"href":"http:\/\/informateesquina.com\/index.php?rest_route=\/wp\/v2\/media\/60235"}],"wp:attachment":[{"href":"http:\/\/informateesquina.com\/index.php?rest_route=%2Fwp%2Fv2%2Fmedia&parent=60234"}],"wp:term":[{"taxonomy":"category","embeddable":true,"href":"http:\/\/informateesquina.com\/index.php?rest_route=%2Fwp%2Fv2%2Fcategories&post=60234"},{"taxonomy":"post_tag","embeddable":true,"href":"http:\/\/informateesquina.com\/index.php?rest_route=%2Fwp%2Fv2%2Ftags&post=60234"}],"curies":[{"name":"wp","href":"https:\/\/api.w.org\/{rel}","templated":true}]}}