{"id":60237,"date":"2024-11-06T09:11:43","date_gmt":"2024-11-06T12:11:43","guid":{"rendered":"https:\/\/informateesquina.com\/?p=60237"},"modified":"2024-11-06T09:11:43","modified_gmt":"2024-11-06T12:11:43","slug":"karina-milei-y-menem-en-corrientes-tendran-una-charla-con-militantes","status":"publish","type":"post","link":"http:\/\/informateesquina.com\/?p=60237","title":{"rendered":"Karina Milei y Menem en Corrientes: &#8220;Tendr\u00e1n una charla con militantes&#8221;"},"content":{"rendered":"<div>\n<p class=\"copete\">El diputado nacional por La Libertad Avanza (LLA) , Lisandro Almir\u00f3n, dialog\u00f3 con Radio Sudamericana sobre la llegada de la secretaria general de la Presidencia y el Presidente de la C\u00e1mara de Diputados. Adem\u00e1s, se\u00f1al\u00f3 que la visita de este s\u00e1bado servir\u00e1 como punto de inflexi\u00f3n para fortalecer la sede partidaria.<\/p>\n<div>\n<div class=\"fotos-y-videos\">\n<div class=\"tab-content\">\n<div id=\"fotos\" class=\"tab-pane fade in active\" role=\"tabpanel\"><a class=\"fotos-desarrollo unlink\" title=\"Karina Milei y Menem en Corrientes: Tendr\u00e1n una charla con militantes\" href=\"https:\/\/www.radiosudamericana.com\/notix\/multimedia\/imagenes\/fotos\/2024-11-06\/241215.jpg\"><img loading=\"lazy\" decoding=\"async\" class=\"img-responsive lazyload center-block\" src=\"https:\/\/www.radiosudamericana.com\/notix\/multimedia\/imagenes\/fotos\/2024-11-06\/241215.jpg_nota.jpg\" alt=\"Karina Milei y Menem en Corrientes: Tendr\u00e1n una charla con militantes\" width=\"700\" height=\"446\" \/><\/a><\/div>\n<\/div>\n<\/div>\n<div class=\"cuerpo\">\n<p>Este s\u00e1bado 9 de noviembre, las autoridades nacionales de La Libertad Avanza, Karina Milei y Mart\u00edn Menem, estar\u00e1n en Corrientes como parte de una gira para consolidar el partido en todo el pa\u00eds. Lisandro Almir\u00f3n, diputado nacional y referente de la Libertad Avanza en Corrientes, confirm\u00f3 el evento que incluir\u00e1 una conferencia de prensa y un acto con militantes.<\/p>\n<p>&nbsp;<\/p>\n<div id=\"leermas\"><\/div>\n<p>&nbsp;<\/p>\n<p>A las 18:30, Milei y Menem, junto a Almir\u00f3n y la presidenta del partido en Corrientes, Laura Oderda Marcor\u00e9, brindar\u00e1n una conferencia de prensa en la sede partidaria ubicada en 25 de Mayo 1648. La charla, que promete fortalecer el v\u00ednculo con los seguidores locales, ya agot\u00f3 sus acreditaciones.\u00a0<em><strong>&#8220;Muy contento de que puedan estar en Corrientes y que puedan ver el esfuerzo del correntino&#8221;<\/strong><\/em>, expres\u00f3 Almir\u00f3n, destacando el inter\u00e9s de los ciudadanos en sumarse al espacio.<\/p>\n<p><a class=\"fotos-desarrollo unlink\" title=\"Karina Milei y Menem en Corrientes: Tendr\u00e1n una charla con militantes\" href=\"https:\/\/www.radiosudamericana.com\/notix\/multimedia\/imagenes\/fotos\/2024-11-06\/872707.jpg\"><img decoding=\"async\" class=\"img-responsive\" src=\"https:\/\/www.radiosudamericana.com\/notix\/multimedia\/imagenes\/fotos\/2024-11-06\/872707.jpg_nota.jpg\" \/><\/a><\/p>\n<p>Posteriormente, a las 20, los l\u00edderes encabezar\u00e1n un acto en el Hotel de Turismo de la capital, donde se reunir\u00e1n con militantes para reforzar el mensaje de &#8220;libertad&#8221; y &#8220;transformaci\u00f3n&#8221; que promueve el partido.<\/p>\n<p>La gira de Karina Milei y Mart\u00edn Menem ya pas\u00f3 por provincias como Entre R\u00edos, Santa Fe y Chaco, en una estrategia para expandir la representaci\u00f3n de La Libertad Avanza en cada rinc\u00f3n de Argentina.<\/p>\n<p>Fuente: Radio Sudamericana<\/p>\n<\/div>\n<\/div>\n<\/div>\n","protected":false},"excerpt":{"rendered":"<p>El diputado nacional por La Libertad Avanza (LLA) , Lisandro Almir\u00f3n, dialog\u00f3 con Radio Sudamericana sobre la llegada de la secretaria general de la Presidencia y el Presidente de la C\u00e1mara de Diputados. Adem\u00e1s, se\u00f1al\u00f3 que la visita de este s\u00e1bado servir\u00e1 como punto de inflexi\u00f3n para fortalecer la sede partidaria. Este s\u00e1bado 9 de [&hellip;]<\/p>\n","protected":false},"author":3,"featured_media":60238,"comment_status":"open","ping_status":"open","sticky":false,"template":"","format":"standard","meta":{"footnotes":""},"categories":[9],"tags":[],"class_list":["post-60237","post","type-post","status-publish","format-standard","has-post-thumbnail","hentry","category-politica"],"_links":{"self":[{"href":"http:\/\/informateesquina.com\/index.php?rest_route=\/wp\/v2\/posts\/60237","targetHints":{"allow":["GET"]}}],"collection":[{"href":"http:\/\/informateesquina.com\/index.php?rest_route=\/wp\/v2\/posts"}],"about":[{"href":"http:\/\/informateesquina.com\/index.php?rest_route=\/wp\/v2\/types\/post"}],"author":[{"embeddable":true,"href":"http:\/\/informateesquina.com\/index.php?rest_route=\/wp\/v2\/users\/3"}],"replies":[{"embeddable":true,"href":"http:\/\/informateesquina.com\/index.php?rest_route=%2Fwp%2Fv2%2Fcomments&post=60237"}],"version-history":[{"count":1,"href":"http:\/\/informateesquina.com\/index.php?rest_route=\/wp\/v2\/posts\/60237\/revisions"}],"predecessor-version":[{"id":60239,"href":"http:\/\/informateesquina.com\/index.php?rest_route=\/wp\/v2\/posts\/60237\/revisions\/60239"}],"wp:featuredmedia":[{"embeddable":true,"href":"http:\/\/informateesquina.com\/index.php?rest_route=\/wp\/v2\/media\/60238"}],"wp:attachment":[{"href":"http:\/\/informateesquina.com\/index.php?rest_route=%2Fwp%2Fv2%2Fmedia&parent=60237"}],"wp:term":[{"taxonomy":"category","embeddable":true,"href":"http:\/\/informateesquina.com\/index.php?rest_route=%2Fwp%2Fv2%2Fcategories&post=60237"},{"taxonomy":"post_tag","embeddable":true,"href":"http:\/\/informateesquina.com\/index.php?rest_route=%2Fwp%2Fv2%2Ftags&post=60237"}],"curies":[{"name":"wp","href":"https:\/\/api.w.org\/{rel}","templated":true}]}}