{"id":60244,"date":"2024-11-06T18:42:00","date_gmt":"2024-11-06T21:42:00","guid":{"rendered":"https:\/\/informateesquina.com\/?p=60244"},"modified":"2024-11-06T18:42:00","modified_gmt":"2024-11-06T21:42:00","slug":"condenaron-a-cuatro-anos-de-prision-por-exceso-en-legitima-defensa-al-abuelo-que-mato-a-su-nieto","status":"publish","type":"post","link":"http:\/\/informateesquina.com\/?p=60244","title":{"rendered":"Condenaron a cuatro a\u00f1os de prisi\u00f3n por exceso en leg\u00edtima defensa al abuelo que mat\u00f3 a su nieto"},"content":{"rendered":"<div>\n<p class=\"copete\">Domingo Verna fue declarado culpable por un jurado popular y hoy el juez del Tribunal en lo Criminal N\u00b01 le impuso la pena.<\/p>\n<div class=\"fotos-y-videos\">\n<div class=\"tab-content\">\n<div id=\"fotos\" class=\"tab-pane fade in active\" role=\"tabpanel\"><a class=\"fotos-desarrollo unlink\" title=\"Condenaron a cuatro a\u00f1os de prisi\u00f3n por exceso en leg\u00edtima defensa al abuelo que mat\u00f3 a su nieto\" href=\"https:\/\/www.radiosudamericana.com\/notix\/multimedia\/imagenes\/fotos\/2024-11-06\/271570.jpg\"><img loading=\"lazy\" decoding=\"async\" class=\"img-responsive lazyload center-block\" src=\"https:\/\/www.radiosudamericana.com\/notix\/multimedia\/imagenes\/fotos\/2024-11-06\/271570.jpg_nota.jpg\" alt=\"Condenaron a cuatro a\u00f1os de prisi\u00f3n por exceso en leg\u00edtima defensa al abuelo que mat\u00f3 a su nieto\" width=\"700\" height=\"394\" \/><\/a><\/div>\n<\/div>\n<\/div>\n<p>&nbsp;<\/p>\n<div class=\"cuerpo\">\n<p>El Tribunal en lo Criminal N\u00b01 de Bah\u00eda Blanca conden\u00f3 a cuatro a\u00f1os de prisi\u00f3n a\u00a0Domingo Verna,\u00a0el abuelo de 78 a\u00f1os que mat\u00f3 de cinco balazos a su nieto.<\/p>\n<p>El acusado fue encontrado culpable de \u201chomicidio agravado en exceso de la leg\u00edtima defensa\u201d por\u00a0el crimen de Brian Batalla Verna (29)\u00a0en junio de 2022.<\/p>\n<p>&nbsp;<\/p>\n<div id=\"leermas\">\n<div><b>Seguir Leyendo:<\/b><\/div>\n<div class=\"mitad\"><a class=\"leermas\" href=\"https:\/\/www.radiosudamericana.com\/nota\/policiales\/317504-Denuncio-maltrato-escolar--La-maestra-le-agarro-del-cuello.htm\" target=\"_blank\" rel=\"noopener\"><img decoding=\"async\" src=\"https:\/\/www.radiosudamericana.com\/multimedia\/imagenes\/fotos\/2024-11-04\/265122.jpg_crop.jpg_tb.jpg\" align=\"left\" \/>Denunci\u00f3 maltrato escolar: &#8220;La maestra le agarr\u00f3 del cuello&#8221;<\/a><\/div>\n<div class=\"mitad\"><a class=\"leermas\" href=\"https:\/\/www.radiosudamericana.com\/nota\/policiales\/317545-Encontraron-a-la-menor-que-era-buscada--Estaba-desorientada.htm\" target=\"_blank\" rel=\"noopener\"><img decoding=\"async\" src=\"https:\/\/www.radiosudamericana.com\/multimedia\/imagenes\/fotos\/2024-11-05\/376228.jpeg_crop.jpg_tb.jpg\" align=\"left\" \/>Encontraron a la menor que era buscada: &#8220;Estaba desorientada&#8221;<\/a><\/div>\n<\/div>\n<p>&nbsp;<\/p>\n<p>En la audiencia anterior,\u00a0la fiscal\u00eda encabezada por Jorge Viego hab\u00eda pedido una pena de\u00a0tres a\u00f1os de prisi\u00f3n en suspenso\u00a0para el acusado. La querella reclam\u00f3 seis a\u00f1os de c\u00e1rcel y los defensores solicitaron un a\u00f1o en suspenso.<\/p>\n<p>El jurado debi\u00f3 dirimirse entre tres posibilidades: si era un\u00a0homicidio calificado\u00a0(se necesitaba unanimidad, es decir, los 12 votos), un\u00a0homicidio con exceso en la leg\u00edtima defensa\u00a0(10 de 12 votos) o un caso de\u00a0leg\u00edtima defensa\u00a0(4 de 12).<\/p>\n<p>&nbsp;<\/p>\n<p><em><strong>Como todav\u00eda el fallo no est\u00e1 firme, el condenado seguir\u00e1 en libertad, ya que nunca estuvo preso. De todos modos, por su avanzada edad, cuando la condena est\u00e9 firme, quedar\u00e1 con domiciliaria.<\/strong><\/em><\/p>\n<h2><strong>El crimen<\/strong><\/h2>\n<p>Brian Batalla ten\u00eda trastornos psiqui\u00e1tricos\u00a0y, minutos antes ser asesinado, hab\u00eda golpeado a su abuelo. En ese hecho se apoya el fiscal para sostener la calificaci\u00f3n de un exceso en la leg\u00edtima defensa.<\/p>\n<p><a class=\"fotos-desarrollo unlink\" title=\"Condenaron a cuatro a\u00f1os de prisi\u00f3n por exceso en leg\u00edtima defensa al abuelo que mat\u00f3 a su nieto\" href=\"https:\/\/www.radiosudamericana.com\/notix\/multimedia\/imagenes\/fotos\/2024-11-06\/826495.jpg\"><img decoding=\"async\" class=\"img-responsive\" src=\"https:\/\/www.radiosudamericana.com\/notix\/multimedia\/imagenes\/fotos\/2024-11-06\/826495.jpg_nota.jpg\" \/><\/a><\/p>\n<p>Las im\u00e1genes muestran el desarrollo de la pelea hasta el fatal desenlace\u00a0en dos momentos:\u00a0<em><strong>primero se ve al abuelo llegar en bicicleta y el nieto lo intercepta para agredirlo con un palo a pesar de los intentos desesperados de su novia, que se aferra a su ropa hasta que Brian se zafa.\u00a0<\/strong><\/em><strong>All\u00ed el nieto somete a golpes al abuelo en la cabeza.<\/strong><\/p>\n<p>La secuencia siguiente exhibe a Brian que llega solo a la casa de su abuelo\u00a0y empieza a darle patadas a la puerta.\u00a0La puerta se abre enseguida y, sin salir de su casa,\u00a0Domingo Verna acribilla a su nieto\u00a0con un rev\u00f3lver calibre 32. El joven se tambalea y cae muerto al suelo, con impactos de bala en el\u00a0est\u00f3mago, pecho, cuello, mejilla y hombro.<\/p>\n<p>Fuente: Radio Sudamericana<\/p>\n<\/div>\n<\/div>\n","protected":false},"excerpt":{"rendered":"<p>Domingo Verna fue declarado culpable por un jurado popular y hoy el juez del Tribunal en lo Criminal N\u00b01 le impuso la pena. &nbsp; El Tribunal en lo Criminal N\u00b01 de Bah\u00eda Blanca conden\u00f3 a cuatro a\u00f1os de prisi\u00f3n a\u00a0Domingo Verna,\u00a0el abuelo de 78 a\u00f1os que mat\u00f3 de cinco balazos a su nieto. El acusado [&hellip;]<\/p>\n","protected":false},"author":3,"featured_media":60245,"comment_status":"open","ping_status":"open","sticky":false,"template":"","format":"standard","meta":{"footnotes":""},"categories":[8],"tags":[],"class_list":["post-60244","post","type-post","status-publish","format-standard","has-post-thumbnail","hentry","category-policiales"],"_links":{"self":[{"href":"http:\/\/informateesquina.com\/index.php?rest_route=\/wp\/v2\/posts\/60244","targetHints":{"allow":["GET"]}}],"collection":[{"href":"http:\/\/informateesquina.com\/index.php?rest_route=\/wp\/v2\/posts"}],"about":[{"href":"http:\/\/informateesquina.com\/index.php?rest_route=\/wp\/v2\/types\/post"}],"author":[{"embeddable":true,"href":"http:\/\/informateesquina.com\/index.php?rest_route=\/wp\/v2\/users\/3"}],"replies":[{"embeddable":true,"href":"http:\/\/informateesquina.com\/index.php?rest_route=%2Fwp%2Fv2%2Fcomments&post=60244"}],"version-history":[{"count":1,"href":"http:\/\/informateesquina.com\/index.php?rest_route=\/wp\/v2\/posts\/60244\/revisions"}],"predecessor-version":[{"id":60246,"href":"http:\/\/informateesquina.com\/index.php?rest_route=\/wp\/v2\/posts\/60244\/revisions\/60246"}],"wp:featuredmedia":[{"embeddable":true,"href":"http:\/\/informateesquina.com\/index.php?rest_route=\/wp\/v2\/media\/60245"}],"wp:attachment":[{"href":"http:\/\/informateesquina.com\/index.php?rest_route=%2Fwp%2Fv2%2Fmedia&parent=60244"}],"wp:term":[{"taxonomy":"category","embeddable":true,"href":"http:\/\/informateesquina.com\/index.php?rest_route=%2Fwp%2Fv2%2Fcategories&post=60244"},{"taxonomy":"post_tag","embeddable":true,"href":"http:\/\/informateesquina.com\/index.php?rest_route=%2Fwp%2Fv2%2Ftags&post=60244"}],"curies":[{"name":"wp","href":"https:\/\/api.w.org\/{rel}","templated":true}]}}