{"id":60248,"date":"2024-11-06T23:41:29","date_gmt":"2024-11-07T02:41:29","guid":{"rendered":"https:\/\/informateesquina.com\/?p=60248"},"modified":"2024-11-06T23:41:29","modified_gmt":"2024-11-07T02:41:29","slug":"gustavo-valdes-recorrio-en-paso-de-los-libres-obras-en-ejecucion","status":"publish","type":"post","link":"http:\/\/informateesquina.com\/?p=60248","title":{"rendered":"Gustavo Vald\u00e9s recorri\u00f3 en Paso de los Libres obras en ejecuci\u00f3n"},"content":{"rendered":"<div>\n<p class=\"copete\">El gobernador Gustavo Vald\u00e9s recorri\u00f3 en la tarde de este mi\u00e9rcoles obras que se est\u00e1n llevando adelante en Paso de los Libres, con inversi\u00f3n de recursos del Gobierno provincial. De esta manera, visit\u00f3 los trabajos en el Parque Industrial, donde adem\u00e1s se construye la Estaci\u00f3n de Bomberos Forestales; y las tareas que comprenden la recuperaci\u00f3n del Aeropuerto de la ciudad fronteriza, como as\u00ed tambi\u00e9n el tendido de red de agua potable en dicha zona.<\/p>\n<div class=\"fotos-y-videos\">\n<div class=\"tab-content\">\n<div id=\"fotos\" class=\"tab-pane fade in active\" role=\"tabpanel\"><a class=\"fotos-desarrollo unlink\" title=\"Gustavo Vald\u00e9s recorri\u00f3 en Paso de los Libres obras en ejecuci\u00f3n\" href=\"https:\/\/www.radiosudamericana.com\/notix\/multimedia\/imagenes\/fotos\/2024-11-06\/586274.jpg\"><img loading=\"lazy\" decoding=\"async\" class=\"img-responsive lazyload center-block\" src=\"https:\/\/www.radiosudamericana.com\/notix\/multimedia\/imagenes\/fotos\/2024-11-06\/586274.jpg_nota.jpg\" alt=\"Gustavo Vald\u00e9s recorri\u00f3 en Paso de los Libres obras en ejecuci\u00f3n\" width=\"700\" height=\"470\" \/><\/a><\/div>\n<\/div>\n<\/div>\n<p>&nbsp;<\/p>\n<div class=\"cuerpo\">\n<p>Tras la recorrida, en contacto con la prensa, el primer Mandatario detall\u00f3 que \u201cestuvimos viendo los avances en el Parque Industrial, donde se est\u00e1 construyendo la avenida, en la que vamos a\u00a0<strong>invertir 1.200 millones de pesos en una zona que es el alma del Parque Industrial\u201d.<\/strong><\/p>\n<p>En esa oportunidad, tambi\u00e9n supervis\u00f3 las acciones que se llevan adelante en la instalaci\u00f3n de la reductora de gas natural valuada en 800 millones de pesos, que tiene como fin dotar a las empresas a instalarse en el Parque de gas natural. \u201cEsto ser\u00e1 un atractivo m\u00e1s que interesante para las futuras industrias que quieran radicarse en la zona\u201d, expres\u00f3.<\/p>\n<p><a class=\"fotos-desarrollo unlink\" title=\"Gustavo Vald\u00e9s recorri\u00f3 en Paso de los Libres obras en ejecuci\u00f3n\" href=\"https:\/\/www.radiosudamericana.com\/notix\/multimedia\/imagenes\/fotos\/2024-11-06\/300115.jpg\"><img decoding=\"async\" class=\"img-responsive\" src=\"https:\/\/www.radiosudamericana.com\/notix\/multimedia\/imagenes\/fotos\/2024-11-06\/300115.jpg_nota.jpg\" \/><\/a><\/p>\n<p>\u201cVenimos invirtiendo mucho\u201d, remarc\u00f3 Vald\u00e9s ante las obras visitadas y a\u00f1adi\u00f3 que las inversiones provienen del Gobierno de Corrientes y ratific\u00f3 el compromiso con la concreci\u00f3n de obras en la zona apuntando a que en el futuro m\u00e1s empresas se instalen y trabajen en el lugar.\u00a0<strong>\u201cDebemos seguir creciendo y empujando\u201d, sostuvo al respecto.<\/strong><\/p>\n<p>\u201cTenemos que ir hacia adelante y apuntalar a los correntinos que se sumen a estas inversiones\u201d, insisti\u00f3.<\/p>\n<p><a class=\"fotos-desarrollo unlink\" title=\"Gustavo Vald\u00e9s recorri\u00f3 en Paso de los Libres obras en ejecuci\u00f3n\" href=\"https:\/\/www.radiosudamericana.com\/notix\/multimedia\/imagenes\/fotos\/2024-11-06\/799562.jpg\"><img decoding=\"async\" class=\"img-responsive\" src=\"https:\/\/www.radiosudamericana.com\/notix\/multimedia\/imagenes\/fotos\/2024-11-06\/799562.jpg_nota.jpg\" \/><\/a><\/p>\n<h2><strong>Estaci\u00f3n de Bomberos Forestales<\/strong><\/h2>\n<p>Seguidamente, Vald\u00e9s supervis\u00f3 las obras que hacen al cuartel de Bomberos Forestales ubicado cercano al acceso de la ciudad, que comprende un lote casi de 40.500 metros cuadrados, donde precis\u00f3 que \u201cestuvimos recorriendo las instalaciones de la obra que esperamos inaugurar a mediados del 2025\u201d, donde \u201cdotaremos de seguridad y contaremos con una\u00a0<strong>Brigada Forestal en el lugar con un total de 200 personas\u201d detall\u00f3.<\/strong><\/p>\n<p><a class=\"fotos-desarrollo unlink\" title=\"Gustavo Vald\u00e9s recorri\u00f3 en Paso de los Libres obras en ejecuci\u00f3n\" href=\"https:\/\/www.radiosudamericana.com\/notix\/multimedia\/imagenes\/fotos\/2024-11-06\/787945.jpg\"><img decoding=\"async\" class=\"img-responsive\" src=\"https:\/\/www.radiosudamericana.com\/notix\/multimedia\/imagenes\/fotos\/2024-11-06\/787945.jpg_nota.jpg\" \/><\/a><\/p>\n<p>\u201cBuscamos que este personal se sume al trabajo excelente que realizan los Bomberos Voluntarios y as\u00ed poder ayudar a mitigar el fuego\u201d, coment\u00f3 Vald\u00e9s y agreg\u00f3 que \u201cvamos a estar al pendiente de lo que se requiera en cada ocasi\u00f3n\u201d. Cabe mencionar que los cuarteles de este tipo que se construyen en la Provincia, estar\u00e1n ubicados en predios de parques industriales pr\u00f3ximos a<strong>\u00a0las localidades que asistan y tendr\u00e1n la misma disposici\u00f3n edilicia,<\/strong>\u00a0repartida en dos plantas.<\/p>\n<p>Es decir, que la construcci\u00f3n tendr\u00e1 un prototipo de estructura de avanzada, donde el edificio estar\u00e1 distribuido dentro de un lote cuya superficie \u00f3ptima variar\u00e1 en un rango de 1 a 4 hect\u00e1reas aproximadamente. Este bloque edilicio, de 1.848 metros cuadrados cubiertos, se articular\u00e1 partiendo de una gran nave principal que, adem\u00e1s de contener la flota vehicular, tambi\u00e9n tendr\u00e1 cierta versatilidad que le permitir\u00e1 a la dependencia generar diferentes funciones.<\/p>\n<p><a class=\"fotos-desarrollo unlink\" title=\"Gustavo Vald\u00e9s recorri\u00f3 en Paso de los Libres obras en ejecuci\u00f3n\" href=\"https:\/\/www.radiosudamericana.com\/notix\/multimedia\/imagenes\/fotos\/2024-11-06\/826416.jpg\"><img decoding=\"async\" class=\"img-responsive\" src=\"https:\/\/www.radiosudamericana.com\/notix\/multimedia\/imagenes\/fotos\/2024-11-06\/826416.jpg_nota.jpg\" \/><\/a><\/p>\n<p>Adelantaron que en la planta baja se distribuir\u00e1n las \u00e1reas de trabajo y servicios, mientras que la planta alta ser\u00e1 destinada para los dormitorios y sanitarios del personal activo en emergencia. La obra consiste en 3 etapas, de las cuales la primera est\u00e1 finalizada y la segunda cuenta con un estado de avance del 53%.<\/p>\n<p>&nbsp;<\/p>\n<div id=\"embeds\" class=\"inser center-block\"><iframe loading=\"lazy\" title=\"VALD\u00c3\u0089S RECORRI\u00c3\u0093 OBRAS EN PASO DE LOS LIBRES Y DESTAC\u00c3\u0093 LA INVERSI\u00c3\u0093N QUE REALIZA LA PROVINCIA\" src=\"https:\/\/www.youtube.com\/embed\/WlZk2ALKckI\" width=\"640\" height=\"400\" frameborder=\"0\" allowfullscreen=\"allowfullscreen\" data-mce-fragment=\"1\"><\/iframe><\/div>\n<p>&nbsp;<\/p>\n<h2><strong>Obras para la recuperaci\u00f3n del Aeropuerto<\/strong><\/h2>\n<p>Finalmente, el gobernador se dirigi\u00f3 a la zona del Aeropuerto de la localidad donde verific\u00f3 el avance de la obra de tendido de red de agua potable que dar\u00e1 asistencia a m\u00e1s de 1.200 personas. \u201cTenemos una fuerte inversi\u00f3n en la zona\u201d, indic\u00f3 Vald\u00e9s y resalt\u00f3 que \u201cvenimos trabajando en la recuperaci\u00f3n de infraestructura \u00e1rea en la zona del aeropuerto con plata de la provincia\u201d.<\/p>\n<p><a class=\"fotos-desarrollo unlink\" title=\"Gustavo Vald\u00e9s recorri\u00f3 en Paso de los Libres obras en ejecuci\u00f3n\" href=\"https:\/\/www.radiosudamericana.com\/notix\/multimedia\/imagenes\/fotos\/2024-11-06\/217155.jpg\"><img decoding=\"async\" class=\"img-responsive\" src=\"https:\/\/www.radiosudamericana.com\/notix\/multimedia\/imagenes\/fotos\/2024-11-06\/217155.jpg_nota.jpg\" \/><\/a><\/p>\n<p>La rehabilitaci\u00f3n del Aeropuerto de Paso de los Libres representa un proyecto de vital importancia para mejorar la infraestructura aeroportuaria de la regi\u00f3n y potenciar su conectividad.\u00a0<strong>En este contexto, se prev\u00e9 la ejecuci\u00f3n de dos elementos fundamentales<\/strong>\u00a0que contribuir\u00e1n a la operatividad y seguridad de la terminal a\u00e9rea, una alcantarilla tipo sobre la pista de rodaje y la ampliaci\u00f3n de la plataforma de carga y descarga.<\/p>\n<p><a class=\"fotos-desarrollo unlink\" title=\"Gustavo Vald\u00e9s recorri\u00f3 en Paso de los Libres obras en ejecuci\u00f3n\" href=\"https:\/\/www.radiosudamericana.com\/notix\/multimedia\/imagenes\/fotos\/2024-11-06\/566958.jpg\"><img decoding=\"async\" class=\"img-responsive\" src=\"https:\/\/www.radiosudamericana.com\/notix\/multimedia\/imagenes\/fotos\/2024-11-06\/566958.jpg_nota.jpg\" \/><\/a><\/p>\n<p>Fuente: Radio Sudamericana<\/p>\n<\/div>\n<\/div>\n","protected":false},"excerpt":{"rendered":"<p>El gobernador Gustavo Vald\u00e9s recorri\u00f3 en la tarde de este mi\u00e9rcoles obras que se est\u00e1n llevando adelante en Paso de los Libres, con inversi\u00f3n de recursos del Gobierno provincial. De esta manera, visit\u00f3 los trabajos en el Parque Industrial, donde adem\u00e1s se construye la Estaci\u00f3n de Bomberos Forestales; y las tareas que comprenden la recuperaci\u00f3n [&hellip;]<\/p>\n","protected":false},"author":3,"featured_media":60249,"comment_status":"open","ping_status":"open","sticky":false,"template":"","format":"standard","meta":{"footnotes":""},"categories":[9],"tags":[],"class_list":["post-60248","post","type-post","status-publish","format-standard","has-post-thumbnail","hentry","category-politica"],"_links":{"self":[{"href":"http:\/\/informateesquina.com\/index.php?rest_route=\/wp\/v2\/posts\/60248","targetHints":{"allow":["GET"]}}],"collection":[{"href":"http:\/\/informateesquina.com\/index.php?rest_route=\/wp\/v2\/posts"}],"about":[{"href":"http:\/\/informateesquina.com\/index.php?rest_route=\/wp\/v2\/types\/post"}],"author":[{"embeddable":true,"href":"http:\/\/informateesquina.com\/index.php?rest_route=\/wp\/v2\/users\/3"}],"replies":[{"embeddable":true,"href":"http:\/\/informateesquina.com\/index.php?rest_route=%2Fwp%2Fv2%2Fcomments&post=60248"}],"version-history":[{"count":1,"href":"http:\/\/informateesquina.com\/index.php?rest_route=\/wp\/v2\/posts\/60248\/revisions"}],"predecessor-version":[{"id":60250,"href":"http:\/\/informateesquina.com\/index.php?rest_route=\/wp\/v2\/posts\/60248\/revisions\/60250"}],"wp:featuredmedia":[{"embeddable":true,"href":"http:\/\/informateesquina.com\/index.php?rest_route=\/wp\/v2\/media\/60249"}],"wp:attachment":[{"href":"http:\/\/informateesquina.com\/index.php?rest_route=%2Fwp%2Fv2%2Fmedia&parent=60248"}],"wp:term":[{"taxonomy":"category","embeddable":true,"href":"http:\/\/informateesquina.com\/index.php?rest_route=%2Fwp%2Fv2%2Fcategories&post=60248"},{"taxonomy":"post_tag","embeddable":true,"href":"http:\/\/informateesquina.com\/index.php?rest_route=%2Fwp%2Fv2%2Ftags&post=60248"}],"curies":[{"name":"wp","href":"https:\/\/api.w.org\/{rel}","templated":true}]}}