{"id":60251,"date":"2024-11-07T09:14:37","date_gmt":"2024-11-07T12:14:37","guid":{"rendered":"https:\/\/informateesquina.com\/?p=60251"},"modified":"2024-11-07T09:14:37","modified_gmt":"2024-11-07T12:14:37","slug":"este-miercoles-llegaria-a-corrientes-el-interventor-de-la-ucr","status":"publish","type":"post","link":"http:\/\/informateesquina.com\/?p=60251","title":{"rendered":"Este mi\u00e9rcoles llegar\u00eda a Corrientes el interventor de la UCR"},"content":{"rendered":"<p class=\"copete\">El cronista de Radio Sudamericana inform\u00f3 que en la jornada de este mi\u00e9rcoles llegar\u00eda a la ciudad de Corrientes el interventor de la UCR. El gobernador Gustavo Vald\u00e9s mantendr\u00eda una reuni\u00f3n con Juli\u00e1n Galdeano.<\/p>\n<div>\n<div class=\"fotos-y-videos\">\n<div class=\"tab-content\">\n<div id=\"fotos\" class=\"tab-pane fade in active\" role=\"tabpanel\"><a class=\"fotos-desarrollo unlink\" title=\"Este mi\u00e9rcoles llegar\u00eda a Corrientes el interventor de la UCR\" href=\"https:\/\/www.radiosudamericana.com\/notix\/multimedia\/imagenes\/fotos\/2024-11-07\/132501.jpg\"><img loading=\"lazy\" decoding=\"async\" class=\"img-responsive lazyload center-block\" src=\"https:\/\/www.radiosudamericana.com\/notix\/multimedia\/imagenes\/fotos\/2024-11-07\/132501.jpg_nota.jpg\" alt=\"Este mi\u00e9rcoles llegar\u00eda a Corrientes el interventor de la UCR\" width=\"700\" height=\"466\" \/><\/a><\/div>\n<\/div>\n<\/div>\n<div class=\"audios-desarrollo\">\n<div id=\"audio-1\"><\/div>\n<\/div>\n<div class=\"cuerpo\">\n<p>El gobernador Gustavo Vald\u00e9s hab\u00eda confirmado ante los micr\u00f3fonos de Radio Sudamericana que esta semana llegar\u00eda a Corrientes Juli\u00e1n Galdeano, interventor de la Uni\u00f3n C\u00edvica Radical de la provincia.<\/p>\n<div id=\"leermas\"><\/div>\n<p>&nbsp;<\/p>\n<p>De acuerdo a la informaci\u00f3n del cronista de este medio Galdeano, pisar\u00eda suelo correntino en horas de la tarde y mantendr\u00eda un encuentro con el Mandatario provincial.<\/p>\n<\/div>\n<\/div>\n<div class=\"banner wline space-bottom\">Fuente: Radio Sudamericana<\/div>\n","protected":false},"excerpt":{"rendered":"<p>El cronista de Radio Sudamericana inform\u00f3 que en la jornada de este mi\u00e9rcoles llegar\u00eda a la ciudad de Corrientes el interventor de la UCR. El gobernador Gustavo Vald\u00e9s mantendr\u00eda una reuni\u00f3n con Juli\u00e1n Galdeano. El gobernador Gustavo Vald\u00e9s hab\u00eda confirmado ante los micr\u00f3fonos de Radio Sudamericana que esta semana llegar\u00eda a Corrientes Juli\u00e1n Galdeano, interventor [&hellip;]<\/p>\n","protected":false},"author":3,"featured_media":60252,"comment_status":"open","ping_status":"open","sticky":false,"template":"","format":"standard","meta":{"footnotes":""},"categories":[9],"tags":[],"class_list":["post-60251","post","type-post","status-publish","format-standard","has-post-thumbnail","hentry","category-politica"],"_links":{"self":[{"href":"http:\/\/informateesquina.com\/index.php?rest_route=\/wp\/v2\/posts\/60251","targetHints":{"allow":["GET"]}}],"collection":[{"href":"http:\/\/informateesquina.com\/index.php?rest_route=\/wp\/v2\/posts"}],"about":[{"href":"http:\/\/informateesquina.com\/index.php?rest_route=\/wp\/v2\/types\/post"}],"author":[{"embeddable":true,"href":"http:\/\/informateesquina.com\/index.php?rest_route=\/wp\/v2\/users\/3"}],"replies":[{"embeddable":true,"href":"http:\/\/informateesquina.com\/index.php?rest_route=%2Fwp%2Fv2%2Fcomments&post=60251"}],"version-history":[{"count":1,"href":"http:\/\/informateesquina.com\/index.php?rest_route=\/wp\/v2\/posts\/60251\/revisions"}],"predecessor-version":[{"id":60253,"href":"http:\/\/informateesquina.com\/index.php?rest_route=\/wp\/v2\/posts\/60251\/revisions\/60253"}],"wp:featuredmedia":[{"embeddable":true,"href":"http:\/\/informateesquina.com\/index.php?rest_route=\/wp\/v2\/media\/60252"}],"wp:attachment":[{"href":"http:\/\/informateesquina.com\/index.php?rest_route=%2Fwp%2Fv2%2Fmedia&parent=60251"}],"wp:term":[{"taxonomy":"category","embeddable":true,"href":"http:\/\/informateesquina.com\/index.php?rest_route=%2Fwp%2Fv2%2Fcategories&post=60251"},{"taxonomy":"post_tag","embeddable":true,"href":"http:\/\/informateesquina.com\/index.php?rest_route=%2Fwp%2Fv2%2Ftags&post=60251"}],"curies":[{"name":"wp","href":"https:\/\/api.w.org\/{rel}","templated":true}]}}