{"id":60255,"date":"2024-11-07T11:27:29","date_gmt":"2024-11-07T14:27:29","guid":{"rendered":"https:\/\/informateesquina.com\/?p=60255"},"modified":"2024-11-07T11:30:26","modified_gmt":"2024-11-07T14:30:26","slug":"para-cositorto-la-causa-generacion-zoe-esta-armada-el-juicio-es-ilegal","status":"publish","type":"post","link":"http:\/\/informateesquina.com\/?p=60255","title":{"rendered":"Para Cositorto la causa Generaci\u00f3n Zoe est\u00e1 armada: &#8220;El juicio es ilegal&#8221;"},"content":{"rendered":"<p class=\"copete\">En comunicaci\u00f3n exclusiva con Radio Sudamericana Leonardo Cositorto se refiri\u00f3 al juicio de la principal causa de Generaci\u00f3n Zoe. \u201cSe pag\u00f3 hasta \u00faltimo momento a las personas, por una denuncia infunda pidieron captura internacional\u201d, expres\u00f3. \u201cMi intenci\u00f3n es tener un equipo de abogados y no desplazar a nadie, porque esto es una causa armada\u201d, se\u00f1al\u00f3 ante la posibilidad de que Jos\u00e9 Codazzi integre su equipo de abogados.<\/p>\n<div class=\"fotos-y-videos\">\n<div class=\"tab-content\">\n<div id=\"fotos\" class=\"tab-pane fade in active\" role=\"tabpanel\"><a class=\"fotos-desarrollo unlink\" title=\"Para Cositorto la causa Generaci\u00f3n Zoe est\u00e1 armada: El juicio es ilegal\" href=\"https:\/\/www.radiosudamericana.com\/notix\/multimedia\/imagenes\/fotos\/2024-11-07\/712600.jpeg\"><img loading=\"lazy\" decoding=\"async\" class=\"img-responsive lazyload center-block\" src=\"https:\/\/www.radiosudamericana.com\/notix\/multimedia\/imagenes\/fotos\/2024-11-07\/712600.jpeg_nota.jpeg\" alt=\"Para Cositorto la causa Generaci\u00f3n Zoe est\u00e1 armada: El juicio es ilegal\" width=\"700\" height=\"525\" \/><\/a><\/div>\n<\/div>\n<\/div>\n<p>&nbsp;<\/p>\n<div class=\"audios-desarrollo\">\n<div id=\"audio-1\"><\/div>\n<\/div>\n<div class=\"cuerpo\">\n<p>En una entrevista exclusiva con Radio Sudamericana desde la c\u00e1rcel, Leonardo Cositorto, el l\u00edder de la empresa Generaci\u00f3n Zoe, se refiri\u00f3 al juicio que enfrenta como parte de la principal causa judicial en su contra. Asegur\u00f3 que tanto el proceso judicial como las acusaciones son una\u00a0<strong><em>&#8220;causa armada&#8221;<\/em><\/strong>\u00a0y que no se le permitieron defenderse.<\/p>\n<p>&nbsp;<\/p>\n<div id=\"leermas\"><\/div>\n<p>&nbsp;<\/p>\n<p>En su declaraci\u00f3n, Cositorto asegur\u00f3 que\u00a0<strong><em>&#8220;el juicio es ilegal&#8221;<\/em><\/strong>\u00a0y\u00a0critic\u00f3 la falta de transparencia al afirmar\u00a0que no le permitieron declarar, presentar pruebas ni ingresar su testigo.<strong><em>\u00a0&#8220;A m\u00ed no me dejaron ni declarar, ni presentar pruebas, ni entrar mi testigo. Es un juicio sin nadie y donde no hay p\u00fablico&#8221;<\/em><\/strong>, declar\u00f3.<\/p>\n<p>Adem\u00e1s, el l\u00edder de Generaci\u00f3n Zoe, relat\u00f3 los inicios de la denuncia de la fiscal\u00a0Juliana Companys, quien seg\u00fan el empresario, habr\u00eda manipulado a una mujer polic\u00eda para que presentara denuncias falsas en su contra. La misma sostiene que Cositorto encabezaba un esquema Ponzi con m\u00faltiples fraudes.<\/p>\n<p><em><strong>&#8220;En la ciudad de Villa Mar\u00eda, la fiscal Companys agarra a una mujer polic\u00eda y le dice &#8216;mira, ya tengo cinco denuncias contra Cositorto, lo cual es mentira, lo usa para quedar contexto. Se cree que nosotros somos chicos de tres a\u00f1os&#8221;<\/strong><\/em>, explic\u00f3 Cositorto en exclusiva para Radio Sudamericana desde la Unidad Penal 8 de Goya.<\/p>\n<p>Seg\u00fan su relato, la fiscal presion\u00f3 a la polic\u00eda, dici\u00e9ndole:\u00a0<em><strong>&#8220;Tengo cinco denuncias contra Cositorto. Si vos no denuncias, te voy a poner part\u00edcipe necesario en una asociaci\u00f3n, y si no lo haces, te vas a quedar detenida'&#8221;<\/strong><\/em>, afirm\u00f3.<\/p>\n<p><em><strong>&#8220;Mi intenci\u00f3n es tener un equipo de abogados y no desplazar a nadie, porque esto es una causa armada&#8221;<\/strong><\/em>, afirm\u00f3 Cositorto, quien sostuvo que hasta el \u00faltimo momento cumpli\u00f3 con los pagos a los inversores, pero que, sin embargo, se emiti\u00f3 una orden de captura internacional sobre \u00e9l debido a una denuncia\u00a0<strong><em>&#8220;infundada&#8221;<\/em><\/strong>.<\/p>\n<p><em><strong>\u201cNo soy una persona que me suelo meter dentro de un sistema perverso. Si yo fuese una mala persona, lo primero que todo no estar\u00eda preso, me hubiese escapado, me hubiese ido a Taiw\u00e1n, ya que tengo un club y me quedo all\u00e1 con cinco o diez millones\u201d<\/strong><\/em>, manifest\u00f3.<\/p>\n<p>El empresario asegur\u00f3 que la persecuci\u00f3n hacia su persona es parte de una maniobra para frenar los proyectos de Generaci\u00f3n Zoe, que inclu\u00edan la creaci\u00f3n de un banco, una criptomoneda propia y una red de tarjetas de pago.<\/p>\n<p>Adem\u00e1s, Cositorto se\u00f1al\u00f3 que las acciones contra su empresa tienen un trasfondo econ\u00f3mico:\u00a0<strong><em>&#8220;Nos ven a nosotros como una amenaza en el mercado de crecimiento financiero&#8221;<\/em><\/strong>, expres\u00f3.<\/p>\n<p>En cuanto a su trato por parte de los medios de comunicaci\u00f3n, critic\u00f3 duramente a medios como TN y LN+, a los que acus\u00f3 de difamar y presentar informaci\u00f3n err\u00f3nea sobre su empresa.\u00a0<em><strong>&#8220;La estupidez que habla Novaresio con el otro personaje al lado&#8221;<\/strong><\/em>, se\u00f1al\u00f3.<\/p>\n<p>Cositorto tambi\u00e9n relat\u00f3 las dif\u00edciles condiciones que enfrent\u00f3 mientras estuvo detenido. Cont\u00f3 que fue trasladado en diversas c\u00e1rceles del pa\u00eds, y detall\u00f3 situaciones extremas, como estar incomunicado, sin comida ni agua, e incluso haber sido sometido a un aislamiento forzoso.\u00a0<strong><em>&#8220;Me metieron en cama de tortura, estuve sin colch\u00f3n, sin agua, sin comida&#8221;<\/em><\/strong>, relat\u00f3, asegurando que sufri\u00f3 malos tratos y humillaciones por parte de las autoridades carcelarias.<\/p>\n<p>A pesar de las adversidades, Cositorto se mostr\u00f3 firme en su postura de que la causa en su contra est\u00e1 motivada por intereses pol\u00edticos y econ\u00f3micos, y advirti\u00f3 que tomar\u00e1 medidas legales contra quienes considere responsables de su situaci\u00f3n.\u00a0<strong><em>&#8220;No me voy a callar la boca y a m\u00ed no me van a tomar como un perejil&#8221;<\/em><\/strong>, afirm\u00f3.<\/p>\n<p>Cositorto se mostr\u00f3 incierto respecto al futuro del juicio.\u00a0<strong><em>&#8220;No s\u00e9 c\u00f3mo voy a salir porque estamos en un pa\u00eds totalmente corrompido. El mismo presidente dice que es un estado criminal&#8221;<\/em><\/strong>, dijo.<\/p>\n<p>&nbsp;<\/p>\n<h2><strong>Jos\u00e9 Codazzi ser\u00eda parte del equipo de abogados de Cositorto<\/strong><\/h2>\n<p>Por \u00faltimo, en cuanto a su defensa, Cositorto manifest\u00f3 que tiene la intenci\u00f3n de ampliar su equipo legal respecto a la posibilidad de que Jos\u00e9 Codazzi sea un nuevo integrante, algo que presume la posibilidad de que el abogado forme parte.<\/p>\n<p>Sin embargo, el empresario se\u00f1al\u00f3 que hasta el momento no present\u00f3 la firma para rubricar el acuerdo.\u00a0<em><strong>&#8220;Es mi plena intenci\u00f3n que este juicio, si lo tenemos que llevar adelante a partir de esta semana, el equipo de abogados sea m\u00e1s amplio y no solamente recaiga toda la responsabilidad en Guillermo Dragoto&#8221;<\/strong><\/em>, explic\u00f3.<\/p>\n<p>Fuente: Radio Sudamericana<\/p>\n<\/div>\n","protected":false},"excerpt":{"rendered":"<p>En comunicaci\u00f3n exclusiva con Radio Sudamericana Leonardo Cositorto se refiri\u00f3 al juicio de la principal causa de Generaci\u00f3n Zoe. \u201cSe pag\u00f3 hasta \u00faltimo momento a las personas, por una denuncia infunda pidieron captura internacional\u201d, expres\u00f3. \u201cMi intenci\u00f3n es tener un equipo de abogados y no desplazar a nadie, porque esto es una causa armada\u201d, se\u00f1al\u00f3 [&hellip;]<\/p>\n","protected":false},"author":3,"featured_media":60256,"comment_status":"open","ping_status":"open","sticky":false,"template":"","format":"standard","meta":{"footnotes":""},"categories":[8],"tags":[],"class_list":["post-60255","post","type-post","status-publish","format-standard","has-post-thumbnail","hentry","category-policiales"],"_links":{"self":[{"href":"http:\/\/informateesquina.com\/index.php?rest_route=\/wp\/v2\/posts\/60255","targetHints":{"allow":["GET"]}}],"collection":[{"href":"http:\/\/informateesquina.com\/index.php?rest_route=\/wp\/v2\/posts"}],"about":[{"href":"http:\/\/informateesquina.com\/index.php?rest_route=\/wp\/v2\/types\/post"}],"author":[{"embeddable":true,"href":"http:\/\/informateesquina.com\/index.php?rest_route=\/wp\/v2\/users\/3"}],"replies":[{"embeddable":true,"href":"http:\/\/informateesquina.com\/index.php?rest_route=%2Fwp%2Fv2%2Fcomments&post=60255"}],"version-history":[{"count":2,"href":"http:\/\/informateesquina.com\/index.php?rest_route=\/wp\/v2\/posts\/60255\/revisions"}],"predecessor-version":[{"id":60261,"href":"http:\/\/informateesquina.com\/index.php?rest_route=\/wp\/v2\/posts\/60255\/revisions\/60261"}],"wp:featuredmedia":[{"embeddable":true,"href":"http:\/\/informateesquina.com\/index.php?rest_route=\/wp\/v2\/media\/60256"}],"wp:attachment":[{"href":"http:\/\/informateesquina.com\/index.php?rest_route=%2Fwp%2Fv2%2Fmedia&parent=60255"}],"wp:term":[{"taxonomy":"category","embeddable":true,"href":"http:\/\/informateesquina.com\/index.php?rest_route=%2Fwp%2Fv2%2Fcategories&post=60255"},{"taxonomy":"post_tag","embeddable":true,"href":"http:\/\/informateesquina.com\/index.php?rest_route=%2Fwp%2Fv2%2Ftags&post=60255"}],"curies":[{"name":"wp","href":"https:\/\/api.w.org\/{rel}","templated":true}]}}