{"id":60258,"date":"2024-11-07T11:29:36","date_gmt":"2024-11-07T14:29:36","guid":{"rendered":"https:\/\/informateesquina.com\/?p=60258"},"modified":"2024-11-07T11:29:36","modified_gmt":"2024-11-07T14:29:36","slug":"beto-casella-dio-detalles-sobre-el-vinculo-entre-tamara-pettinato-y-alberto-fernandez","status":"publish","type":"post","link":"http:\/\/informateesquina.com\/?p=60258","title":{"rendered":"Beto Casella dio detalles sobre el v\u00ednculo entre Tamara Pettinato y Alberto Fern\u00e1ndez"},"content":{"rendered":"<div>\n<p class=\"copete\">En el ciclo de \u00c1ngel de Brito, Beto Casella hizo una revelaci\u00f3n \u00edntima sobre el v\u00ednculo entre Tamara Pettinato y el expresidente Alberto Fern\u00e1ndez.<\/p>\n<div class=\"fotos-y-videos\">\n<div class=\"tab-content\">\n<div id=\"fotos\" class=\"tab-pane fade in active\" role=\"tabpanel\"><a class=\"fotos-desarrollo unlink\" title=\"Beto Casella dio detalles sobre el v\u00ednculo entre Tamara Pettinato y Alberto Fern\u00e1ndez\" href=\"https:\/\/www.radiosudamericana.com\/notix\/multimedia\/imagenes\/fotos\/2024-11-07\/904405.jpg\"><img loading=\"lazy\" decoding=\"async\" class=\"img-responsive lazyload center-block\" src=\"https:\/\/www.radiosudamericana.com\/notix\/multimedia\/imagenes\/fotos\/2024-11-07\/904405.jpg_nota.jpg\" alt=\"Beto Casella dio detalles sobre el v\u00ednculo entre Tamara Pettinato y Alberto Fern\u00e1ndez\" width=\"700\" height=\"393\" \/><\/a><\/div>\n<\/div>\n<\/div>\n<p>&nbsp;<\/p>\n<div class=\"cuerpo\">\n<p>Beto Casella hizo una revelaci\u00f3n sobre el v\u00ednculo entre Tamara Pettinato y el expresidente Alberto Fern\u00e1ndez, un tema que gener\u00f3 gran curiosidad en los medios.<\/p>\n<div id=\"leermas\"><\/div>\n<p>&nbsp;<\/p>\n<p>Este mi\u00e9rcoles, en el programa LAM de Am\u00e9rica TV, Casella comenz\u00f3 mencionando que alguien le hab\u00eda comentado sobre un reciente encuentro entre Tamara y Edith Hermida, su excompa\u00f1era de Bendita, se\u00f1alando que era positivo que no haya habido conflictos entre ambas. Luego, el presentador aclar\u00f3 que no suele cruzarse con Tamara en la radio, evitando encuentros sociales formales ya que nunca fueron amigos.<\/p>\n<p>Durante la entrevista, el cronista de LAM le consult\u00f3 si era cierto que Edith Hermida le hab\u00eda preguntado a Tamara directamente si hab\u00eda tenido una relaci\u00f3n con Alberto Fern\u00e1ndez. Casella respondi\u00f3 que, aunque hab\u00eda escuchado comentarios sobre su vida personal, prefiere no juzgar.\u00a0<em><strong>&#8220;A m\u00ed me llegaron cosas, pero no lo puedo confirmar porque deber\u00edan contarlo ellos si alguna vez quieren&#8221;<\/strong><\/em>, se\u00f1al\u00f3.<\/p>\n<p>Luego, el cronista le pregunt\u00f3 si se cruzaban en la radio.<strong><em>\u00a0&#8220;Nunca nos cruzamos, yo creo que ni ganas tenemos de cruzarnos, porque nos obligar\u00eda a un saludo social, que ser\u00eda el saludo social de toda la vida, porque nunca fuimos amigos&#8221;<\/em><\/strong>,\u00a0le respondi\u00f3 el presentador.<\/p>\n<p>Acto seguido, el notero le coment\u00f3:\u00a0<em><strong>&#8220;Edith cont\u00f3 en una nota que le pregunt\u00f3 &#8216;\u00bfy estuviste o no estuviste con Alberto?&#8217; y ella le dijo &#8216;no te voy a responder porque lo vas a contar&#8217;. \u00bfEs medio una confirmaci\u00f3n por omisi\u00f3n?&#8221;<\/strong><\/em>.<\/p>\n<p>Edith Hermida tambi\u00e9n se refiri\u00f3 a la situaci\u00f3n en Socios del Espect\u00e1culo de El Trece, mencionando que durante un almuerzo le hizo una pregunta directa a Tamara sobre su v\u00ednculo con Fern\u00e1ndez, aunque ella evit\u00f3 responder por temor a que Edith lo revelara p\u00fablicamente. Hermida destac\u00f3 que tiene un gran afecto por Tamara y lament\u00f3 su salida de Bendita, agregando que no apoya la cultura de la cancelaci\u00f3n.<\/p>\n<p>Fuente: Radio Sudamericana<\/p>\n<\/div>\n<\/div>\n","protected":false},"excerpt":{"rendered":"<p>En el ciclo de \u00c1ngel de Brito, Beto Casella hizo una revelaci\u00f3n \u00edntima sobre el v\u00ednculo entre Tamara Pettinato y el expresidente Alberto Fern\u00e1ndez. &nbsp; Beto Casella hizo una revelaci\u00f3n sobre el v\u00ednculo entre Tamara Pettinato y el expresidente Alberto Fern\u00e1ndez, un tema que gener\u00f3 gran curiosidad en los medios. &nbsp; Este mi\u00e9rcoles, en el [&hellip;]<\/p>\n","protected":false},"author":3,"featured_media":60259,"comment_status":"open","ping_status":"open","sticky":false,"template":"","format":"standard","meta":{"footnotes":""},"categories":[4],"tags":[],"class_list":["post-60258","post","type-post","status-publish","format-standard","has-post-thumbnail","hentry","category-espectaculos"],"_links":{"self":[{"href":"http:\/\/informateesquina.com\/index.php?rest_route=\/wp\/v2\/posts\/60258","targetHints":{"allow":["GET"]}}],"collection":[{"href":"http:\/\/informateesquina.com\/index.php?rest_route=\/wp\/v2\/posts"}],"about":[{"href":"http:\/\/informateesquina.com\/index.php?rest_route=\/wp\/v2\/types\/post"}],"author":[{"embeddable":true,"href":"http:\/\/informateesquina.com\/index.php?rest_route=\/wp\/v2\/users\/3"}],"replies":[{"embeddable":true,"href":"http:\/\/informateesquina.com\/index.php?rest_route=%2Fwp%2Fv2%2Fcomments&post=60258"}],"version-history":[{"count":1,"href":"http:\/\/informateesquina.com\/index.php?rest_route=\/wp\/v2\/posts\/60258\/revisions"}],"predecessor-version":[{"id":60260,"href":"http:\/\/informateesquina.com\/index.php?rest_route=\/wp\/v2\/posts\/60258\/revisions\/60260"}],"wp:featuredmedia":[{"embeddable":true,"href":"http:\/\/informateesquina.com\/index.php?rest_route=\/wp\/v2\/media\/60259"}],"wp:attachment":[{"href":"http:\/\/informateesquina.com\/index.php?rest_route=%2Fwp%2Fv2%2Fmedia&parent=60258"}],"wp:term":[{"taxonomy":"category","embeddable":true,"href":"http:\/\/informateesquina.com\/index.php?rest_route=%2Fwp%2Fv2%2Fcategories&post=60258"},{"taxonomy":"post_tag","embeddable":true,"href":"http:\/\/informateesquina.com\/index.php?rest_route=%2Fwp%2Fv2%2Ftags&post=60258"}],"curies":[{"name":"wp","href":"https:\/\/api.w.org\/{rel}","templated":true}]}}