{"id":60262,"date":"2024-11-08T09:11:34","date_gmt":"2024-11-08T12:11:34","guid":{"rendered":"https:\/\/informateesquina.com\/?p=60262"},"modified":"2024-11-08T09:11:34","modified_gmt":"2024-11-08T12:11:34","slug":"caso-loan-nuevas-declaraciones-de-su-madre-apuntan-a-un-familiar","status":"publish","type":"post","link":"http:\/\/informateesquina.com\/?p=60262","title":{"rendered":"Caso Loan: nuevas declaraciones de su madre apuntan a un familiar"},"content":{"rendered":"<p class=\"copete\">El ni\u00f1o de 5 a\u00f1os fue a un encuentro familiar en la casa de su abuela paterna, y a partir de ah\u00ed nunca m\u00e1s se supo algo de \u00e9l.<\/p>\n<div class=\"fotos-y-videos\">\n<div class=\"tab-content\">\n<div id=\"fotos\" class=\"tab-pane fade in active\" role=\"tabpanel\"><a class=\"fotos-desarrollo unlink\" title=\"Caso Loan: nuevas declaraciones de su madre apuntan a un familiar\" href=\"https:\/\/www.radiosudamericana.com\/notix\/multimedia\/imagenes\/fotos\/2024-11-08\/174672.jpg\"><img loading=\"lazy\" decoding=\"async\" class=\"img-responsive lazyload center-block\" src=\"https:\/\/www.radiosudamericana.com\/notix\/multimedia\/imagenes\/fotos\/2024-11-08\/174672.jpg_nota.jpg\" alt=\"Caso Loan: nuevas declaraciones de su madre apuntan a un familiar\" width=\"700\" height=\"393\" \/><\/a><\/div>\n<\/div>\n<\/div>\n<p>&nbsp;<\/p>\n<div class=\"cuerpo\">\n<p>Loan Pe\u00f1a, de 5 a\u00f1os, fue visto por \u00faltima vez el pasado\u00a013 de junio en la localidad correntina de 9 de julio. Desde aquel d\u00eda se lo busca intensamente, y han pasado por el medio una gran cantidad de sospechosos y acusados por la desaparici\u00f3n del ni\u00f1o. Ahora,\u00a0su mam\u00e1 apunt\u00f3 contra un familiar en una nueva declaraci\u00f3n.<\/p>\n<p>En una reciente entrevista y a 147 d\u00edas sin noticias de su hijo,\u00a0Mar\u00eda Noguera\u00a0lament\u00f3 la demora y los entorpecimientos para encontrarlo desde aquel d\u00eda en el que, luego del almuerzo en la casa de su abuela Catalina, sali\u00f3 a caminar y nunca regres\u00f3:\u00a0&#8221;Los primeros d\u00edas ya ten\u00eda que estar ac\u00e1&#8221;, expres\u00f3 angustiada.<\/p>\n<p>En sus nuevas declaraciones, Noguera aclar\u00f3 que no sab\u00eda nada del almuerzo familiar en la casa de Catalina, la madre de su marido Jos\u00e9 Pe\u00f1a, pero que\u00a0no tiene sospecha alguna sobre ella. Acto seguido, se volc\u00f3 hacia una posible responsabilidad de la t\u00eda del ni\u00f1o:\u00a0&#8220;Creo que todo fue por el lado de Laudelina&#8221;, lanz\u00f3, en di\u00e1logo con el periodista Alfredo Casado.<\/p>\n<p>Asimismo,\u00a0critic\u00f3 la actuaci\u00f3n de las autoridades locales, hasta dejando entrever la existencia de actos intimidatorios. Hace unos d\u00edas, el matrimonio denunci\u00f3 al presidente de la Fundaci\u00f3n Alameda,\u00a0Gustavo Vera, por una\u00a0presunta asociaci\u00f3n il\u00edcita, encubrimiento y falso testimonio.\u00a0Ese hecho se suma a la denuncia realizada sobre el abogado, Jos\u00e9 Codazzi, y el senador provincial Diego Pellegrini, por presionarlos.<\/p>\n<p>&#8221;Estamos luchando no solo contra el tiempo, sino contra personas que deber\u00edan estar ayudando y no lo hacen&#8221;, dijeron fuentes familiares mientras contin\u00faan el reclamo a la Justicia por la aparici\u00f3n del ni\u00f1o.<\/p>\n<p>&nbsp;<\/p>\n<div id=\"leermas\">\n<div><b>Seguir Leyendo:<\/b><\/div>\n<div class=\"mitad\"><a class=\"leermas\" href=\"https:\/\/www.radiosudamericana.com\/nota\/policiales\/317687-Terrible-accidente-entre-dos-motos-provoco-que-una-joven-pierda-el-brazo.htm\" target=\"_blank\" rel=\"noopener\"><img decoding=\"async\" src=\"https:\/\/www.radiosudamericana.com\/multimedia\/imagenes\/fotos\/2024-11-08\/548955.jpg_crop.jpg_tb.jpg\" align=\"left\" \/>Terrible accidente entre dos motos provoc\u00f3 que una joven pierda el brazo<\/a><\/div>\n<div class=\"mitad\"><a class=\"leermas\" href=\"https:\/\/www.radiosudamericana.com\/nota\/policiales\/317504-Denuncio-maltrato-escolar--La-maestra-le-agarro-del-cuello.htm\" target=\"_blank\" rel=\"noopener\"><img decoding=\"async\" src=\"https:\/\/www.radiosudamericana.com\/multimedia\/imagenes\/fotos\/2024-11-04\/265122.jpg_crop.jpg_tb.jpg\" align=\"left\" \/>Denunci\u00f3 maltrato escolar: &#8220;La maestra le agarr\u00f3 del cuello&#8221;<\/a><\/div>\n<\/div>\n<p>&nbsp;<\/p>\n<h2><strong>Caso Loan: apuntan a una falsa perito que intervino en el inicio de la causa por encubrimiento<\/strong><\/h2>\n<p>La Justicia\u00a0pidi\u00f3 este jueves investigar a\u00a0una mujer que se habr\u00eda hecho pasar por perito los primeros d\u00edas de b\u00fasqueda. La acusada tiene antecedentes en\u00a0Neuqu\u00e9n\u00a0y las autoridades intentan determinar si se trata de una persona \u201cmit\u00f3mana\u201d.<\/p>\n<p>La mujer fue identificada como\u00a0Mar\u00eda Luisa Lezcano\u00a0(40), quien estuvo presente en rastrillajes y le present\u00f3 a la Polic\u00eda un peritaje grafol\u00f3gico de la firma de tres sospechosos. La mujer ha hablado en medios de comunicaci\u00f3n y dice ser\u00a0\u201cespecialista en b\u00fasqueda de personas desaparecidas\u201d.<\/p>\n<p>La presunta perito\u00a0se contact\u00f3 con todos los abogados del caso\u00a0para ponerse a disposici\u00f3n. Seg\u00fan confirm\u00f3 Clar\u00edn, durante su declaraci\u00f3n por teleconferencia como testigo, la Justicia orden\u00f3 llamar tambi\u00e9n al comisario general\u00a0H\u00e9ctor Rodr\u00edguez Rodr\u00edguez, jefe de Delitos Complejos de la Polic\u00eda de Corrientes, para corroborar si el testimonio de la mujer era falso o no.<\/p>\n<p>Esta semana, la mujer investigada ya declar\u00f3 dos veces en el expediente. A su vez,\u00a0la Justicia orden\u00f3 allanar su domicilio en Colonia Las Rosas, Tunuy\u00e1n, provincia de Mendoza\u00a0y secuestrar su celular.<\/p>\n<p>Adem\u00e1s, la presunta perito pidi\u00f3 an\u00e1lisis de las firmas de\u00a0M\u00f3nica Millapi, Daniel \u201cFierrito\u201d Ram\u00edrez y Bernardino Ben\u00edtez.\u00a0Estas las habr\u00eda presentado bajo la promesa de hacer ingresar a la graf\u00f3loga convocada en la investigaci\u00f3n. Se espera que esta \u00faltima mujer\u00a0brinde testimonio ante la Justicia el pr\u00f3ximo 15 de noviembre.<\/p>\n<p>Fuente: Radio Sudamericana<\/p>\n<\/div>\n","protected":false},"excerpt":{"rendered":"<p>El ni\u00f1o de 5 a\u00f1os fue a un encuentro familiar en la casa de su abuela paterna, y a partir de ah\u00ed nunca m\u00e1s se supo algo de \u00e9l. &nbsp; Loan Pe\u00f1a, de 5 a\u00f1os, fue visto por \u00faltima vez el pasado\u00a013 de junio en la localidad correntina de 9 de julio. Desde aquel d\u00eda [&hellip;]<\/p>\n","protected":false},"author":3,"featured_media":60263,"comment_status":"open","ping_status":"open","sticky":false,"template":"","format":"standard","meta":{"footnotes":""},"categories":[8],"tags":[],"class_list":["post-60262","post","type-post","status-publish","format-standard","has-post-thumbnail","hentry","category-policiales"],"_links":{"self":[{"href":"http:\/\/informateesquina.com\/index.php?rest_route=\/wp\/v2\/posts\/60262","targetHints":{"allow":["GET"]}}],"collection":[{"href":"http:\/\/informateesquina.com\/index.php?rest_route=\/wp\/v2\/posts"}],"about":[{"href":"http:\/\/informateesquina.com\/index.php?rest_route=\/wp\/v2\/types\/post"}],"author":[{"embeddable":true,"href":"http:\/\/informateesquina.com\/index.php?rest_route=\/wp\/v2\/users\/3"}],"replies":[{"embeddable":true,"href":"http:\/\/informateesquina.com\/index.php?rest_route=%2Fwp%2Fv2%2Fcomments&post=60262"}],"version-history":[{"count":1,"href":"http:\/\/informateesquina.com\/index.php?rest_route=\/wp\/v2\/posts\/60262\/revisions"}],"predecessor-version":[{"id":60264,"href":"http:\/\/informateesquina.com\/index.php?rest_route=\/wp\/v2\/posts\/60262\/revisions\/60264"}],"wp:featuredmedia":[{"embeddable":true,"href":"http:\/\/informateesquina.com\/index.php?rest_route=\/wp\/v2\/media\/60263"}],"wp:attachment":[{"href":"http:\/\/informateesquina.com\/index.php?rest_route=%2Fwp%2Fv2%2Fmedia&parent=60262"}],"wp:term":[{"taxonomy":"category","embeddable":true,"href":"http:\/\/informateesquina.com\/index.php?rest_route=%2Fwp%2Fv2%2Fcategories&post=60262"},{"taxonomy":"post_tag","embeddable":true,"href":"http:\/\/informateesquina.com\/index.php?rest_route=%2Fwp%2Fv2%2Ftags&post=60262"}],"curies":[{"name":"wp","href":"https:\/\/api.w.org\/{rel}","templated":true}]}}