{"id":62271,"date":"2025-03-28T11:41:14","date_gmt":"2025-03-28T14:41:14","guid":{"rendered":"https:\/\/informateesquina.com\/?p=62271"},"modified":"2025-03-28T11:41:14","modified_gmt":"2025-03-28T14:41:14","slug":"camion-arranco-cables-de-alta-tension-y-se-incendio-en-plena-calle","status":"publish","type":"post","link":"http:\/\/informateesquina.com\/?p=62271","title":{"rendered":"Cami\u00f3n arranc\u00f3 cables de alta tensi\u00f3n y se incendi\u00f3 en plena calle"},"content":{"rendered":"<div>\n<p class=\"copete\">El fuego fue provocado cuando el veh\u00edculo circulaba por calle Ex V\u00eda antes de llegar a calle Gobernador Velazco. El cuerpo de Bomberos Voluntarios de Corrientes control\u00f3\u00a0el fuego<\/p>\n<div>\n<div class=\"fotos-y-videos\">\n<div class=\"tab-content\">\n<div id=\"fotos\" class=\"tab-pane fade in active\" role=\"tabpanel\"><a class=\"fotos-desarrollo unlink\" title=\"Cami\u00f3n arranc\u00f3 cables de alta tensi\u00f3n y se incendi\u00f3 en plena calle\" href=\"https:\/\/www.radiosudamericana.com\/notix\/multimedia\/imagenes\/fotos\/2025-03-28\/773976.png\"><img loading=\"lazy\" decoding=\"async\" class=\"img-responsive lazyload center-block\" src=\"https:\/\/www.radiosudamericana.com\/notix\/multimedia\/imagenes\/fotos\/2025-03-28\/773976.png_nota.png\" alt=\"Cami\u00f3n arranc\u00f3 cables de alta tensi\u00f3n y se incendi\u00f3 en plena calle\" width=\"700\" height=\"425\" \/><\/a><\/div>\n<\/div>\n<\/div>\n<div class=\"audios-desarrollo\">\n<div id=\"audio-1\"><audio src=\"https:\/\/www.radiosudamericana.com\/notix\/multimedia\/audios\/2025-03-28\/722887.mp3\" controls=\"controls\" data-mce-fragment=\"1\"><\/audio><\/div>\n<\/div>\n<div class=\"cuerpo\">\n<p>Un cami\u00f3n que transportaba motocicletas se incendi\u00f3 este viernes por la ma\u00f1ana\u00a0en plena calle en la ciudad de Corrientes. El hecho ocurri\u00f3 en la calle Dr. Ram\u00f3n Carrillo (Ex V\u00eda), antes de llegar a Gobernador Velazco, cuando el veh\u00edculo enganch\u00f3 cables del tendido el\u00e9ctrico y provoc\u00f3 un cortocircuito que desat\u00f3 las llamas.<\/p>\n<p>&nbsp;<\/p>\n<div id=\"leermas\"><\/div>\n<p>&nbsp;<\/p>\n<p>De acuerdo al testimonio del camionero, brindado para Radio Sudamericana, el fuego se inici\u00f3 a partir de un cortocircuito ocasionado por una chispa que incendi\u00f3\u00a0las colchonetas y frazadas de protecci\u00f3n utilizado para cubrir las motos que iban dentro de la caja.<\/p>\n<p>&nbsp;<\/p>\n<div><video id=\"video-id-30209\" class=\"video-js vjs-default-skin vjs-16-9 vjs-big-play-centered\" poster=\"https:\/\/www.radiosudamericana.com\/notix\/multimedia\/img_videos\/2025032857853686.jpg\" preload=\"auto\" controls=\"controls\" width=\"640\" height=\"150\" data-setup=\"{}\" data-mce-fragment=\"1\"><\/video><\/div>\n<p>&nbsp;<\/p>\n<p>El camionero, sorprendido por la situaci\u00f3n, intent\u00f3 retirar la carga en un intento desesperado por evitar que las llamas se extendieron. Vecinos del lugar se\u00f1alaron que esta calle es transitada por camiones con frecuencia, lo que incrementa el riesgo de accidentes de este tipo debido a la presencia de cables a\u00e9reos.<\/p>\n<p>&nbsp;<\/p>\n<div><video id=\"video-id-30210\" class=\"video-js vjs-default-skin vjs-16-9 vjs-big-play-centered\" poster=\"https:\/\/www.radiosudamericana.com\/notix\/multimedia\/img_videos\/2025032860817087.jpg\" preload=\"auto\" controls=\"controls\" width=\"640\" height=\"150\" data-setup=\"{}\" data-mce-fragment=\"1\"><\/video><\/div>\n<p>&nbsp;<\/p>\n<p>El Cuerpo de Bomberos Voluntarios de Corrientes acudi\u00f3 r\u00e1pidamente y logr\u00f3 controlar el incendio, evitando que se propagara a otras propiedades. Seg\u00fan inform\u00f3 el jefe de bomberos, Daniel Bertollero, no hubo v\u00edctimas, pero el fuego caus\u00f3 da\u00f1os en dos veh\u00edculos estacionados en la zona. Un Fiat Palio sufri\u00f3 afectaciones en su lateral, mientras que una Ford Ranger present\u00f3 severos destrozos en el lateral izquierdo.<\/p>\n<p>Radio Sudamericana<\/p>\n<\/div>\n<\/div>\n<\/div>\n","protected":false},"excerpt":{"rendered":"<p>El fuego fue provocado cuando el veh\u00edculo circulaba por calle Ex V\u00eda antes de llegar a calle Gobernador Velazco. El cuerpo de Bomberos Voluntarios de Corrientes control\u00f3\u00a0el fuego Un cami\u00f3n que transportaba motocicletas se incendi\u00f3 este viernes por la ma\u00f1ana\u00a0en plena calle en la ciudad de Corrientes. El hecho ocurri\u00f3 en la calle Dr. Ram\u00f3n [&hellip;]<\/p>\n","protected":false},"author":3,"featured_media":62272,"comment_status":"open","ping_status":"open","sticky":false,"template":"","format":"standard","meta":{"footnotes":""},"categories":[8],"tags":[],"class_list":["post-62271","post","type-post","status-publish","format-standard","has-post-thumbnail","hentry","category-policiales"],"_links":{"self":[{"href":"http:\/\/informateesquina.com\/index.php?rest_route=\/wp\/v2\/posts\/62271","targetHints":{"allow":["GET"]}}],"collection":[{"href":"http:\/\/informateesquina.com\/index.php?rest_route=\/wp\/v2\/posts"}],"about":[{"href":"http:\/\/informateesquina.com\/index.php?rest_route=\/wp\/v2\/types\/post"}],"author":[{"embeddable":true,"href":"http:\/\/informateesquina.com\/index.php?rest_route=\/wp\/v2\/users\/3"}],"replies":[{"embeddable":true,"href":"http:\/\/informateesquina.com\/index.php?rest_route=%2Fwp%2Fv2%2Fcomments&post=62271"}],"version-history":[{"count":1,"href":"http:\/\/informateesquina.com\/index.php?rest_route=\/wp\/v2\/posts\/62271\/revisions"}],"predecessor-version":[{"id":62273,"href":"http:\/\/informateesquina.com\/index.php?rest_route=\/wp\/v2\/posts\/62271\/revisions\/62273"}],"wp:featuredmedia":[{"embeddable":true,"href":"http:\/\/informateesquina.com\/index.php?rest_route=\/wp\/v2\/media\/62272"}],"wp:attachment":[{"href":"http:\/\/informateesquina.com\/index.php?rest_route=%2Fwp%2Fv2%2Fmedia&parent=62271"}],"wp:term":[{"taxonomy":"category","embeddable":true,"href":"http:\/\/informateesquina.com\/index.php?rest_route=%2Fwp%2Fv2%2Fcategories&post=62271"},{"taxonomy":"post_tag","embeddable":true,"href":"http:\/\/informateesquina.com\/index.php?rest_route=%2Fwp%2Fv2%2Ftags&post=62271"}],"curies":[{"name":"wp","href":"https:\/\/api.w.org\/{rel}","templated":true}]}}