{"id":62306,"date":"2025-03-31T10:33:38","date_gmt":"2025-03-31T13:33:38","guid":{"rendered":"https:\/\/informateesquina.com\/?p=62306"},"modified":"2025-03-31T10:33:38","modified_gmt":"2025-03-31T13:33:38","slug":"leandro-paredes-y-camila-galante-fueron-padres-otra-vez-bienvenido-amorcito","status":"publish","type":"post","link":"http:\/\/informateesquina.com\/?p=62306","title":{"rendered":"Leandro Paredes y Camila Galante fueron padres otra vez: &#8220;Bienvenido amorcito&#8221;"},"content":{"rendered":"<div>\n<p class=\"copete\">El futbolista de la Roma y de la selecci\u00f3n argentina tuvo su tercer hijo junto a su mujer; la bienvenida en las redes sociales y los mensajes de los compa\u00f1eros de la Scaloneta<\/p>\n<div class=\"fotos-y-videos\">\n<div class=\"tab-content\">\n<div id=\"fotos\" class=\"tab-pane fade in active\" role=\"tabpanel\"><a class=\"fotos-desarrollo unlink\" title=\"Leandro Paredes y Camila Galante fueron padres otra vez: Bienvenido amorcito\" href=\"https:\/\/www.radiosudamericana.com\/notix\/multimedia\/imagenes\/fotos\/2025-03-31\/489447.jpg\"><img loading=\"lazy\" decoding=\"async\" class=\"img-responsive lazyload center-block\" src=\"https:\/\/www.radiosudamericana.com\/notix\/multimedia\/imagenes\/fotos\/2025-03-31\/489447.jpg_nota.jpg\" alt=\"Leandro Paredes y Camila Galante fueron padres otra vez: Bienvenido amorcito\" width=\"700\" height=\"466\" \/><\/a><\/div>\n<\/div>\n<\/div>\n<p>&nbsp;<\/p>\n<div class=\"cuerpo\">\n<p>Leandro Paredes, en su cuenta de Instagram, anunci\u00f3 el nacimiento de Lautaro, su tercer hijo junto a Camila Galante. \u201cBienvenido, amorcito\u201d, escribi\u00f3 el futbolista de la Roma, quien pos\u00f3 con su esposa y sus hijos,\u00a0Victoria\u00a0y\u00a0Giovanni.<\/p>\n<p><a class=\"fotos-desarrollo unlink\" title=\"Leandro Paredes y Camila Galante fueron padres otra vez: Bienvenido amorcito\" href=\"https:\/\/www.radiosudamericana.com\/notix\/multimedia\/imagenes\/fotos\/2025-03-31\/795469.jpg\"><img decoding=\"async\" class=\"img-responsive\" src=\"https:\/\/www.radiosudamericana.com\/notix\/multimedia\/imagenes\/fotos\/2025-03-31\/795469.jpg_nota.jpg\" \/><\/a><\/p>\n<p>Galante tambi\u00e9n se tom\u00f3 un tiempo para publicar una imagen de Lautaro. En una postal donde se ve su dedo y la cara del peque\u00f1o, la modelo agreg\u00f3: \u201cBienvenido a nuestra vida, amor. Te est\u00e1bamos esperando mucho\u201d.<\/p>\n<p><a class=\"fotos-desarrollo unlink\" title=\"Leandro Paredes y Camila Galante fueron padres otra vez: Bienvenido amorcito\" href=\"https:\/\/www.radiosudamericana.com\/notix\/multimedia\/imagenes\/fotos\/2025-03-31\/838706.jpg\"><img decoding=\"async\" class=\"img-responsive\" src=\"https:\/\/www.radiosudamericana.com\/notix\/multimedia\/imagenes\/fotos\/2025-03-31\/838706.jpg_nota.jpg\" \/><\/a><\/p>\n<p>Radio Sudamericana<\/p>\n<\/div>\n<\/div>\n","protected":false},"excerpt":{"rendered":"<p>El futbolista de la Roma y de la selecci\u00f3n argentina tuvo su tercer hijo junto a su mujer; la bienvenida en las redes sociales y los mensajes de los compa\u00f1eros de la Scaloneta &nbsp; Leandro Paredes, en su cuenta de Instagram, anunci\u00f3 el nacimiento de Lautaro, su tercer hijo junto a Camila Galante. \u201cBienvenido, amorcito\u201d, [&hellip;]<\/p>\n","protected":false},"author":3,"featured_media":62308,"comment_status":"open","ping_status":"open","sticky":false,"template":"","format":"standard","meta":{"footnotes":""},"categories":[4,1],"tags":[],"class_list":["post-62306","post","type-post","status-publish","format-standard","has-post-thumbnail","hentry","category-espectaculos","category-sin-categoria"],"_links":{"self":[{"href":"http:\/\/informateesquina.com\/index.php?rest_route=\/wp\/v2\/posts\/62306","targetHints":{"allow":["GET"]}}],"collection":[{"href":"http:\/\/informateesquina.com\/index.php?rest_route=\/wp\/v2\/posts"}],"about":[{"href":"http:\/\/informateesquina.com\/index.php?rest_route=\/wp\/v2\/types\/post"}],"author":[{"embeddable":true,"href":"http:\/\/informateesquina.com\/index.php?rest_route=\/wp\/v2\/users\/3"}],"replies":[{"embeddable":true,"href":"http:\/\/informateesquina.com\/index.php?rest_route=%2Fwp%2Fv2%2Fcomments&post=62306"}],"version-history":[{"count":2,"href":"http:\/\/informateesquina.com\/index.php?rest_route=\/wp\/v2\/posts\/62306\/revisions"}],"predecessor-version":[{"id":62309,"href":"http:\/\/informateesquina.com\/index.php?rest_route=\/wp\/v2\/posts\/62306\/revisions\/62309"}],"wp:featuredmedia":[{"embeddable":true,"href":"http:\/\/informateesquina.com\/index.php?rest_route=\/wp\/v2\/media\/62308"}],"wp:attachment":[{"href":"http:\/\/informateesquina.com\/index.php?rest_route=%2Fwp%2Fv2%2Fmedia&parent=62306"}],"wp:term":[{"taxonomy":"category","embeddable":true,"href":"http:\/\/informateesquina.com\/index.php?rest_route=%2Fwp%2Fv2%2Fcategories&post=62306"},{"taxonomy":"post_tag","embeddable":true,"href":"http:\/\/informateesquina.com\/index.php?rest_route=%2Fwp%2Fv2%2Ftags&post=62306"}],"curies":[{"name":"wp","href":"https:\/\/api.w.org\/{rel}","templated":true}]}}