{"id":62310,"date":"2025-03-31T11:50:55","date_gmt":"2025-03-31T14:50:55","guid":{"rendered":"https:\/\/informateesquina.com\/?p=62310"},"modified":"2025-03-31T11:50:55","modified_gmt":"2025-03-31T14:50:55","slug":"desesperada-busqueda-de-una-adolescente-que-esta-perdida-en-corrientes","status":"publish","type":"post","link":"http:\/\/informateesquina.com\/?p=62310","title":{"rendered":"Desesperada b\u00fasqueda de una adolescente que est\u00e1 perdida en Corrientes"},"content":{"rendered":"<p>Desde la Polic\u00eda de Corrientes solicitan la colaboraci\u00f3n para dar difusi\u00f3n respecto a la b\u00fasqueda y localizaci\u00f3n de una menor identificado como Camila Luciana Mierez de 16 a\u00f1os. La misma se encuentra ausentada de su hogar, dando intervenci\u00f3n de \u00e9sta situaci\u00f3n tambi\u00e9n a la fiscal\u00eda de Investigaci\u00f3n en turno.<\/p>\n<p>Sus caracter\u00edsticas f\u00edsicas son las siguientes: contextura delgada, de 1,60 metros aproximadamente, tez trigue\u00f1a, cabello largo pasando un poco los hombros de color negro, ojos de color negro. VESTIA: Jean de color claro, musculosa color naranja y una zapatilla negra marca vans. SE\u00d1A PARTICULAR: posee un peque\u00f1o lunar en la pera.<\/p>\n<div class=\"center medium m_image\">\n<figure><picture><source srcset=\"https:\/\/www.radiodos.com.ar\/content\/bucket\/6\/258426w380h282c.jpg.webp\" type=\"image\/webp\" media=\"(min-width: 640px)\" \/><source srcset=\"https:\/\/www.radiodos.com.ar\/content\/bucket\/6\/258426w440h326c.jpg.webp\" type=\"image\/webp\" media=\"(min-width: 300px)\" \/><source srcset=\"https:\/\/www.radiodos.com.ar\/content\/bucket\/6\/258426w380h282c.jpg\" media=\"(min-width: 300px)\" \/><img loading=\"lazy\" decoding=\"async\" class=\"pic\" src=\"https:\/\/www.radiodos.com.ar\/content\/bucket\/6\/258426w380h282c.jpg.webp\" alt=\"\" width=\"380\" height=\"282\" \/><\/picture><\/figure>\n<\/div>\n<p>Es por ello, que independientemente de la labor de b\u00fasqueda que \u00e9sta realizando la Polic\u00eda, se solicita la colaboraci\u00f3n a los distintos medios period\u00edsticos para su publicaci\u00f3n y de esa manera dar a conocer a la poblaci\u00f3n en general, para que aquellas personas que puedan aportar datos ciertos y que ayuden a lograr encontrar a este menor, puedan hacerlo ante la citada Comisar\u00eda Segunda de la Mujer y el Menor nro. 4-484651; o la Dependencia Policial m\u00e1s cercana a su domicilio y\/o comunicarse al n\u00famero telef\u00f3nico gratuito del Sistema Integral de Seguridad (S.I.S.) 911 en la Capital y 101 en el Interior Provincial.<\/p>\n<div class=\"temas floatFix\">Radio Dos<\/div>\n","protected":false},"excerpt":{"rendered":"<p>Desde la Polic\u00eda de Corrientes solicitan la colaboraci\u00f3n para dar difusi\u00f3n respecto a la b\u00fasqueda y localizaci\u00f3n de una menor identificado como Camila Luciana Mierez de 16 a\u00f1os. La misma se encuentra ausentada de su hogar, dando intervenci\u00f3n de \u00e9sta situaci\u00f3n tambi\u00e9n a la fiscal\u00eda de Investigaci\u00f3n en turno. Sus caracter\u00edsticas f\u00edsicas son las siguientes: [&hellip;]<\/p>\n","protected":false},"author":3,"featured_media":62311,"comment_status":"open","ping_status":"open","sticky":false,"template":"","format":"standard","meta":{"footnotes":""},"categories":[8],"tags":[],"class_list":["post-62310","post","type-post","status-publish","format-standard","has-post-thumbnail","hentry","category-policiales"],"_links":{"self":[{"href":"http:\/\/informateesquina.com\/index.php?rest_route=\/wp\/v2\/posts\/62310","targetHints":{"allow":["GET"]}}],"collection":[{"href":"http:\/\/informateesquina.com\/index.php?rest_route=\/wp\/v2\/posts"}],"about":[{"href":"http:\/\/informateesquina.com\/index.php?rest_route=\/wp\/v2\/types\/post"}],"author":[{"embeddable":true,"href":"http:\/\/informateesquina.com\/index.php?rest_route=\/wp\/v2\/users\/3"}],"replies":[{"embeddable":true,"href":"http:\/\/informateesquina.com\/index.php?rest_route=%2Fwp%2Fv2%2Fcomments&post=62310"}],"version-history":[{"count":1,"href":"http:\/\/informateesquina.com\/index.php?rest_route=\/wp\/v2\/posts\/62310\/revisions"}],"predecessor-version":[{"id":62312,"href":"http:\/\/informateesquina.com\/index.php?rest_route=\/wp\/v2\/posts\/62310\/revisions\/62312"}],"wp:featuredmedia":[{"embeddable":true,"href":"http:\/\/informateesquina.com\/index.php?rest_route=\/wp\/v2\/media\/62311"}],"wp:attachment":[{"href":"http:\/\/informateesquina.com\/index.php?rest_route=%2Fwp%2Fv2%2Fmedia&parent=62310"}],"wp:term":[{"taxonomy":"category","embeddable":true,"href":"http:\/\/informateesquina.com\/index.php?rest_route=%2Fwp%2Fv2%2Fcategories&post=62310"},{"taxonomy":"post_tag","embeddable":true,"href":"http:\/\/informateesquina.com\/index.php?rest_route=%2Fwp%2Fv2%2Ftags&post=62310"}],"curies":[{"name":"wp","href":"https:\/\/api.w.org\/{rel}","templated":true}]}}