{"id":62315,"date":"2025-03-31T16:46:22","date_gmt":"2025-03-31T19:46:22","guid":{"rendered":"https:\/\/informateesquina.com\/?p=62315"},"modified":"2025-03-31T16:46:22","modified_gmt":"2025-03-31T19:46:22","slug":"vuelve-a-aumentar-la-nafta-desde-esta-medianoche-la-suba-rondaria-el-2","status":"publish","type":"post","link":"http:\/\/informateesquina.com\/?p=62315","title":{"rendered":"Vuelve a aumentar la nafta desde esta medianoche: la suba rondar\u00eda el 2%"},"content":{"rendered":"<div class=\"content-article-title\">\n<div class=\"wrapper-layout center-content center_story max-width\">\n<div class=\"col-content\"><\/div>\n<\/div>\n<\/div>\n<div class=\"common-layout wrapper-layout center-content center_story max-width story article\">\n<div class=\"col-content\"><main class=\"col-content\"><\/p>\n<div class=\"article__header article__story article__article\">\n<div class=\"article__head\">\n<div class=\"article__lead-art article__lead-art-photo\" data-testid=\"LeadArtPhoto\">\n<figure class=\"\" data-testid=\"figure-testid\"><figcaption class=\"caption_image\" data-testid=\"figcaption-testid\">\n<div class=\"image_caption font__body\">A partir de este martes 1\u00b0 de abril, la petrolera <b>YPF\u00a0<\/b>aplicar\u00e1 un nuevo aumento en los precios de las\u00a0<b>naftas<\/b>\u00a0y el\u00a0<b>gasoil.\u00a0<\/b>El incremento, de acuerdo a lo que pudo saber<b>\u00a0TN<\/b>, se ubicar\u00eda por debajo del 2%, es decir, menos que la inflaci\u00f3n proyectada para este mes. Si bien el resto de las petroleras a\u00fan no confirmaron si se adherir\u00e1n ni en qu\u00e9 proporci\u00f3n, generalmente suelen acompa\u00f1ar los ajustes aplicados por YPF.<\/div>\n<\/figcaption><\/figure>\n<\/div>\n<\/div>\n<\/div>\n<div class=\"default-article-color article__body article__article\">\n<div id=\"ad-slot-infeed\" class=\"infeed-container\"><\/div>\n<p class=\"paragraph font__body-regular\">De esta manera, se ver\u00e1 un ajuste en los precios de los combustibles que actualmente se ubican de la siguiente manera: el litro de\u00a0<b>nafta s\u00faper<\/b>\u00a0se ubica en $1173 en la Ciudad de Buenos Aires (CABA) mientras que la nafta premium est\u00e1\u00a0<b>$1449.\u00a0<\/b>En tanto, el precio del litro de\u00a0<b>gasoil\u00a0<\/b>vale\u00a0<b>$1188<\/b>\u00a0y el\u00a0<b>gasoil premium\u00a0<\/b>est\u00e1\u00a0<b>$1448.<\/b><\/p>\n<figure class=\"\" data-testid=\"figure-testid\">\n<div class=\"aspect_ratio__container\"><picture class=\"responsive-image\"><source srcset=\"https:\/\/tn.com.ar\/resizer\/v2\/el-gasto-de-nafta-depende-del-estado-de-los-neumaticos-y-la-pericia-del-conductor-pixabay-PS4G3F5RZNCEBHKZMAFFA2HVFI.jpg?auth=3c3013877aa67262683199d271e877439bf6b4f58fac8dcff75a3028354202b9&amp;width=767\" type=\"image\/jpg\" media=\"(max-width: 728px)\" \/><source srcset=\"https:\/\/tn.com.ar\/resizer\/v2\/el-gasto-de-nafta-depende-del-estado-de-los-neumaticos-y-la-pericia-del-conductor-pixabay-PS4G3F5RZNCEBHKZMAFFA2HVFI.jpg?auth=3c3013877aa67262683199d271e877439bf6b4f58fac8dcff75a3028354202b9&amp;width=1023\" type=\"image\/jpg\" media=\"(max-width: 1023px)\" \/><source srcset=\"https:\/\/tn.com.ar\/resizer\/v2\/el-gasto-de-nafta-depende-del-estado-de-los-neumaticos-y-la-pericia-del-conductor-pixabay-PS4G3F5RZNCEBHKZMAFFA2HVFI.jpg?auth=3c3013877aa67262683199d271e877439bf6b4f58fac8dcff75a3028354202b9&amp;width=1440\" type=\"image\/jpg\" \/><img loading=\"lazy\" decoding=\"async\" class=\"image content-image image_placeholder\" src=\"https:\/\/tn.com.ar\/resizer\/v2\/el-gasto-de-nafta-depende-del-estado-de-los-neumaticos-y-la-pericia-del-conductor-pixabay-PS4G3F5RZNCEBHKZMAFFA2HVFI.jpg?auth=3c3013877aa67262683199d271e877439bf6b4f58fac8dcff75a3028354202b9&amp;width=767\" alt=\"El gasto de nafta depende del estado de los neum\u00e1ticos y la pericia del conductor. (Pixabay)\" width=\"767\" height=\"431\" data-testid=\"loading-testid\" \/><\/picture><\/div><figcaption class=\"caption_image\" data-testid=\"figcaption-testid\">\n<div class=\"image_caption \">El gasto de nafta depende del estado de los neum\u00e1ticos y la pericia del conductor. (Pixabay)<\/div>\n<\/figcaption><\/figure>\n<p class=\"paragraph font__body-regular\">En marzo, el Gobierno hab\u00eda actualizado un 0,4% sobre los importes de los impuestos aplicados a la nafta sin plomo, la nafta virgen y el gasoil. A ra\u00edz de ello, el aumento final que determinan las empresas fue de<b>\u00a01,9% en promedio<\/b>. La medida entr\u00f3 en vigencia a partir del<b>\u00a01 de marzo de 2025<\/b>.<\/p>\n<\/div>\n<p><\/main><\/div>\n<\/div>\n","protected":false},"excerpt":{"rendered":"<p>A partir de este martes 1\u00b0 de abril, la petrolera YPF\u00a0aplicar\u00e1 un nuevo aumento en los precios de las\u00a0naftas\u00a0y el\u00a0gasoil.\u00a0El incremento, de acuerdo a lo que pudo saber\u00a0TN, se ubicar\u00eda por debajo del 2%, es decir, menos que la inflaci\u00f3n proyectada para este mes. Si bien el resto de las petroleras a\u00fan no confirmaron si [&hellip;]<\/p>\n","protected":false},"author":3,"featured_media":62316,"comment_status":"open","ping_status":"open","sticky":false,"template":"","format":"standard","meta":{"footnotes":""},"categories":[7],"tags":[483],"class_list":["post-62315","post","type-post","status-publish","format-standard","has-post-thumbnail","hentry","category-nacionales","tag-descados"],"_links":{"self":[{"href":"http:\/\/informateesquina.com\/index.php?rest_route=\/wp\/v2\/posts\/62315","targetHints":{"allow":["GET"]}}],"collection":[{"href":"http:\/\/informateesquina.com\/index.php?rest_route=\/wp\/v2\/posts"}],"about":[{"href":"http:\/\/informateesquina.com\/index.php?rest_route=\/wp\/v2\/types\/post"}],"author":[{"embeddable":true,"href":"http:\/\/informateesquina.com\/index.php?rest_route=\/wp\/v2\/users\/3"}],"replies":[{"embeddable":true,"href":"http:\/\/informateesquina.com\/index.php?rest_route=%2Fwp%2Fv2%2Fcomments&post=62315"}],"version-history":[{"count":1,"href":"http:\/\/informateesquina.com\/index.php?rest_route=\/wp\/v2\/posts\/62315\/revisions"}],"predecessor-version":[{"id":62317,"href":"http:\/\/informateesquina.com\/index.php?rest_route=\/wp\/v2\/posts\/62315\/revisions\/62317"}],"wp:featuredmedia":[{"embeddable":true,"href":"http:\/\/informateesquina.com\/index.php?rest_route=\/wp\/v2\/media\/62316"}],"wp:attachment":[{"href":"http:\/\/informateesquina.com\/index.php?rest_route=%2Fwp%2Fv2%2Fmedia&parent=62315"}],"wp:term":[{"taxonomy":"category","embeddable":true,"href":"http:\/\/informateesquina.com\/index.php?rest_route=%2Fwp%2Fv2%2Fcategories&post=62315"},{"taxonomy":"post_tag","embeddable":true,"href":"http:\/\/informateesquina.com\/index.php?rest_route=%2Fwp%2Fv2%2Ftags&post=62315"}],"curies":[{"name":"wp","href":"https:\/\/api.w.org\/{rel}","templated":true}]}}