{"id":62404,"date":"2025-04-04T17:09:40","date_gmt":"2025-04-04T20:09:40","guid":{"rendered":"https:\/\/informateesquina.com\/?p=62404"},"modified":"2025-04-04T17:11:37","modified_gmt":"2025-04-04T20:11:37","slug":"cecilia-strzyzwoski-estan-dadas-las-condiciones-para-iniciar-el-juicio","status":"publish","type":"post","link":"http:\/\/informateesquina.com\/?p=62404","title":{"rendered":"Cecilia Strzyzwoski: &#8220;Est\u00e1n dadas las condiciones para iniciar el juicio&#8221;"},"content":{"rendered":"<div>\n<p class=\"copete\">Gustavo Briend, abogado de Gloria Romero, madre de la joven desaparecida en Chaco en junio del 2023 dialog\u00f3 con Sudamericana acerca de la actualidad de la causa. Sostuvo que se desestimaron todos los pedidos de los imputados para llegar al juicio en libertad.<\/p>\n<div class=\"fotos-y-videos\">\n<div class=\"tab-content\">\n<div id=\"fotos\" class=\"tab-pane fade in active\" role=\"tabpanel\"><a class=\"fotos-desarrollo unlink\" title=\"Cecilia Strzyzwoski: Est\u00e1n dadas las condiciones para iniciar el juicio\" href=\"https:\/\/www.radiosudamericana.com\/notix\/multimedia\/imagenes\/fotos\/2025-04-04\/830999.jpg\"><img loading=\"lazy\" decoding=\"async\" class=\"img-responsive lazyload center-block\" src=\"https:\/\/www.radiosudamericana.com\/notix\/multimedia\/imagenes\/fotos\/2025-04-04\/830999.jpg_nota.jpg\" alt=\"Cecilia Strzyzwoski: Est\u00e1n dadas las condiciones para iniciar el juicio\" width=\"700\" height=\"466\" \/><\/a><\/div>\n<\/div>\n<\/div>\n<p>&nbsp;<\/p>\n<div class=\"cuerpo\">\n<p>A casi dos a\u00f1os de la desaparici\u00f3n de Cecilia Strzyzowski en Resistencia, Chaco, la causa judicial sigue en curso. Seg\u00fan el abogado de la familia, Gustavo Briend, las audiencias preliminares est\u00e1n \u201cpendientes\u201d de programaci\u00f3n, aunque la defensa de los imputados haya presentado recursos que podr\u00edan retrasar el proceso.<\/p>\n<p>En este sentido, el abogado asegur\u00f3 a Sudamericana: &#8220;Estamos esperando que se comience con las audiencias preliminares. Hay recursos de casaci\u00f3n pendientes y varias cuestiones planteadas por los defensores de los imputados,\u00a0<strong>que entendemos como maniobras dilatorias&#8221;,<\/strong>\u00a0expres\u00f3.<\/p>\n<p>&nbsp;<\/p>\n<div class=\"audios-desarrollo encuerpo\">\n<div id=\"audio-0\"><audio src=\"https:\/\/www.radiosudamericana.com\/notix\/multimedia\/audios\/2025-04-04\/613175.mp3\" controls=\"controls\" data-mce-fragment=\"1\"><\/audio><\/div>\n<\/div>\n<p>&nbsp;<\/p>\n<p>Sobre los plazos judiciales, el letrado indic\u00f3 que los pedidos de libertad de los acusados fueron desestimados. En cuanto a las pruebas del caso, Briend explic\u00f3 que la causa ha superado las etapas de nulidad y que las pruebas reunidas hasta el momento se utilizar\u00e1n en el juicio. &#8220;Seguramente la defensa har\u00e1 planteos de nulidad, pero entendemos que ya se han traspasado todas esas cuestiones y que deben ser rechazados&#8221;, agreg\u00f3. Reiter\u00f3: &#8220;<strong>Las condiciones est\u00e1n dadas&#8221; para que el juicio se lleve adelante sin m\u00e1s dilaciones.<\/strong><\/p>\n<p>El juicio se llevar\u00e1 a cabo mediante un jurado popular, por lo que una vez fijadas las audiencias preliminares se proceder\u00e1 a la selecci\u00f3n de jurados y al inicio del proceso oral. No obstante, Briend advirti\u00f3 que a\u00fan est\u00e1 pendiente un recurso de casaci\u00f3n presentado por una defensora oficial, lo que impide establecer una fecha precisa para el juicio.\u00a0<strong>&#8220;Esperamos que sea en las pr\u00f3ximas semanas, pero depender\u00e1 de los tiempos procesales.<\/strong>\u00a0Despu\u00e9s de eso, estar\u00edamos en condiciones de empezar, pero no puedo asegurar una fecha&#8221;, afirm\u00f3.<\/p>\n<p>Radio Sudamericana<\/p>\n<\/div>\n<\/div>\n","protected":false},"excerpt":{"rendered":"<p>Gustavo Briend, abogado de Gloria Romero, madre de la joven desaparecida en Chaco en junio del 2023 dialog\u00f3 con Sudamericana acerca de la actualidad de la causa. Sostuvo que se desestimaron todos los pedidos de los imputados para llegar al juicio en libertad. &nbsp; A casi dos a\u00f1os de la desaparici\u00f3n de Cecilia Strzyzowski en [&hellip;]<\/p>\n","protected":false},"author":3,"featured_media":62405,"comment_status":"open","ping_status":"open","sticky":false,"template":"","format":"standard","meta":{"footnotes":""},"categories":[8],"tags":[],"class_list":["post-62404","post","type-post","status-publish","format-standard","has-post-thumbnail","hentry","category-policiales"],"_links":{"self":[{"href":"http:\/\/informateesquina.com\/index.php?rest_route=\/wp\/v2\/posts\/62404","targetHints":{"allow":["GET"]}}],"collection":[{"href":"http:\/\/informateesquina.com\/index.php?rest_route=\/wp\/v2\/posts"}],"about":[{"href":"http:\/\/informateesquina.com\/index.php?rest_route=\/wp\/v2\/types\/post"}],"author":[{"embeddable":true,"href":"http:\/\/informateesquina.com\/index.php?rest_route=\/wp\/v2\/users\/3"}],"replies":[{"embeddable":true,"href":"http:\/\/informateesquina.com\/index.php?rest_route=%2Fwp%2Fv2%2Fcomments&post=62404"}],"version-history":[{"count":3,"href":"http:\/\/informateesquina.com\/index.php?rest_route=\/wp\/v2\/posts\/62404\/revisions"}],"predecessor-version":[{"id":62408,"href":"http:\/\/informateesquina.com\/index.php?rest_route=\/wp\/v2\/posts\/62404\/revisions\/62408"}],"wp:featuredmedia":[{"embeddable":true,"href":"http:\/\/informateesquina.com\/index.php?rest_route=\/wp\/v2\/media\/62405"}],"wp:attachment":[{"href":"http:\/\/informateesquina.com\/index.php?rest_route=%2Fwp%2Fv2%2Fmedia&parent=62404"}],"wp:term":[{"taxonomy":"category","embeddable":true,"href":"http:\/\/informateesquina.com\/index.php?rest_route=%2Fwp%2Fv2%2Fcategories&post=62404"},{"taxonomy":"post_tag","embeddable":true,"href":"http:\/\/informateesquina.com\/index.php?rest_route=%2Fwp%2Fv2%2Ftags&post=62404"}],"curies":[{"name":"wp","href":"https:\/\/api.w.org\/{rel}","templated":true}]}}