{"id":62413,"date":"2025-04-07T10:07:02","date_gmt":"2025-04-07T13:07:02","guid":{"rendered":"https:\/\/informateesquina.com\/?p=62413"},"modified":"2025-04-07T10:07:02","modified_gmt":"2025-04-07T13:07:02","slug":"gustavo-valdes-esta-entre-los-5-mejores-gobernadores-del-pais","status":"publish","type":"post","link":"http:\/\/informateesquina.com\/?p=62413","title":{"rendered":"Gustavo Vald\u00e9s est\u00e1 entre los 5 mejores gobernadores del pa\u00eds"},"content":{"rendered":"<div>\n<p class=\"copete\">Se trata de la encuesta mensual de CB consultora Opini\u00f3n P\u00fablica. En primer lugar, se encuentra el gobernador de Santa Fe, Maximiliano Pullaro con el 61.9%<\/p>\n<div class=\"fotos-y-videos\">\n<div class=\"tab-content\">\n<div id=\"fotos\" class=\"tab-pane fade in active\" role=\"tabpanel\"><a class=\"fotos-desarrollo unlink\" title=\"Gustavo Vald\u00e9s est\u00e1 entre los 5 mejores gobernadores del pa\u00eds\" href=\"https:\/\/www.radiosudamericana.com\/notix\/multimedia\/imagenes\/fotos\/2025-04-07\/532897.jpg\"><img loading=\"lazy\" decoding=\"async\" class=\"img-responsive lazyload center-block\" src=\"https:\/\/www.radiosudamericana.com\/notix\/multimedia\/imagenes\/fotos\/2025-04-07\/532897.jpg_nota.jpg\" alt=\"Gustavo Vald\u00e9s est\u00e1 entre los 5 mejores gobernadores del pa\u00eds\" width=\"700\" height=\"466\" \/><\/a><\/div>\n<\/div>\n<\/div>\n<p>&nbsp;<\/p>\n<div class=\"audios-desarrollo\">\n<div id=\"audio-1\"><audio src=\"https:\/\/www.radiosudamericana.com\/notix\/multimedia\/audios\/2025-04-07\/417170.mp3\" controls=\"controls\" data-mce-fragment=\"1\"><\/audio><\/div>\n<\/div>\n<div class=\"cuerpo\">\n<p>El gobernador de Corrientes, se encuentra entre los cinco mandatarios provinciales con mejor imagen del pa\u00eds. En la encuesta de abril, difundido por CB Consultora Opini\u00f3n P\u00fablica, los n\u00fameros son los siguientes:<\/p>\n<p><a class=\"fotos-desarrollo unlink\" title=\"Gustavo Vald\u00e9s est\u00e1 entre los 5 mejores gobernadores del pa\u00eds\" href=\"https:\/\/www.radiosudamericana.com\/notix\/multimedia\/imagenes\/fotos\/2025-04-07\/910231.jpg\"><img decoding=\"async\" class=\"img-responsive\" src=\"https:\/\/www.radiosudamericana.com\/notix\/multimedia\/imagenes\/fotos\/2025-04-07\/910231.jpg_nota.jpg\" \/><\/a><\/p>\n<h2><strong>LISTA DE LOS 5 MEJORES GOBERNADORES DEL PA\u00cdS<\/strong><\/h2>\n<ol>\n<li>MAXIMILIANO PULLARO (SFE) 61,9%<\/li>\n<li>IGNACIO TORRES (CHU) 61%<\/li>\n<li>LEANDRO ZDERO (CHA) 60.7%<\/li>\n<li>GUSTAVO VALD\u00c9S (CORR) 60%<\/li>\n<li>OSVALDO JALDO (TUC) 59.3%<\/li>\n<\/ol>\n<p><a class=\"fotos-desarrollo unlink\" title=\"Gustavo Vald\u00e9s est\u00e1 entre los 5 mejores gobernadores del pa\u00eds\" href=\"https:\/\/www.radiosudamericana.com\/notix\/multimedia\/imagenes\/fotos\/2025-04-07\/461938.jpg\"><img decoding=\"async\" class=\"img-responsive\" src=\"https:\/\/www.radiosudamericana.com\/notix\/multimedia\/imagenes\/fotos\/2025-04-07\/461938.jpg_nota.jpg\" \/><\/a><\/p>\n<p>&nbsp;<\/p>\n<div id=\"leermas\">\n<div><b>Seguir Leyendo:<\/b><\/div>\n<div class=\"mitad\"><a class=\"leermas\" href=\"https:\/\/www.radiosudamericana.com\/nota\/politica\/325003-Gustavo-Valdes-esta-entre-los-5-mejores-gobernadores-del-pais.htm\" target=\"_blank\" rel=\"noopener\"><img decoding=\"async\" src=\"https:\/\/www.radiosudamericana.com\/multimedia\/imagenes\/fotos\/2025-04-07\/532897.jpg_crop.jpg_tb.jpg\" align=\"left\" \/>Gustavo Vald\u00e9s est\u00e1 entre los 5 mejores gobernadores del pa\u00eds<\/a><\/div>\n<div class=\"mitad\"><a class=\"leermas\" href=\"https:\/\/www.radiosudamericana.com\/nota\/politica\/325006-Tassano-entre-los-tres-intendentes-con-mejor-imagen-a-nivel-nacional.htm\" target=\"_blank\" rel=\"noopener\"><img decoding=\"async\" src=\"https:\/\/www.radiosudamericana.com\/multimedia\/imagenes\/fotos\/2025-04-07\/495590.jpg_crop.jpg_tb.jpg\" align=\"left\" \/>Tassano entre los tres intendentes con mejor imagen a nivel nacional<\/a><\/div>\n<\/div>\n<p>&nbsp;<\/p>\n<div id=\"embeds\" class=\"inser center-block\"><iframe loading=\"lazy\" class=\"scribd_iframe_embed\" tabindex=\"0\" title=\"Gustavo Vald\u00c3\u00a9s est\u00c3\u00a1 entre los 5 mejores gobernadores del pa\u00c3\u00ads\" src=\"https:\/\/www.scribd.com\/embeds\/847127913\/content?start_page=1&amp;view_mode=scroll&amp;access_key=key-ZHZdjjv5SVs72hUzIYeR\" width=\"600\" height=\"800\" frameborder=\"0\" scrolling=\"no\" data-auto-height=\"false\" data-aspect-ratio=\"0.6001330671989354\" data-mce-fragment=\"1\"><\/iframe><a title=\"View Gustavo Vald\u00c3\u00a9s est\u00c3\u00a1 entre los 5 mejores gobernadores del pa\u00c3\u00ads on Scribd\" href=\"https:\/\/www.scribd.com\/document\/847127913\/Gustavo-Valdes-esta-entre-los-5-mejores-gobernadores-del-pais#from_embed\">Gustavo Vald\u00c3\u00a9s est\u00c3\u00a1 entre los 5 mejores gobernadores del pa\u00c3\u00ads\u00a0<\/a>by\u00a0<a title=\"View redaccion sudamericana's profile on Scribd\" href=\"https:\/\/www.scribd.com\/user\/369926345\/redaccion-sudamericana#from_embed\">redaccion sudamericana<\/a><\/p>\n<\/div>\n<h2><strong>LISTA DE LOS 5 PEORES GOBERNADORES DEL PA\u00cdS<\/strong><\/h2>\n<p>20. CLAUDIO VIDAL (SANTA CRUZ) 44.3%<\/p>\n<p>21. JORGE MACRI (CABA) 43.4%<\/p>\n<p>22. AXEL KICILLOF (BS AS) 43%<\/p>\n<p>23. ALBERTO WERETILNECK (R\u00cdO NEGRO) 42.1%<\/p>\n<p>24. RICARDO QUINTELA (LARIO) 41.8%<\/p>\n<p>Radio Sudamericana<\/p>\n<\/div>\n<\/div>\n","protected":false},"excerpt":{"rendered":"<p>Se trata de la encuesta mensual de CB consultora Opini\u00f3n P\u00fablica. En primer lugar, se encuentra el gobernador de Santa Fe, Maximiliano Pullaro con el 61.9% &nbsp; El gobernador de Corrientes, se encuentra entre los cinco mandatarios provinciales con mejor imagen del pa\u00eds. En la encuesta de abril, difundido por CB Consultora Opini\u00f3n P\u00fablica, los [&hellip;]<\/p>\n","protected":false},"author":3,"featured_media":62414,"comment_status":"open","ping_status":"open","sticky":false,"template":"","format":"standard","meta":{"footnotes":""},"categories":[9],"tags":[],"class_list":["post-62413","post","type-post","status-publish","format-standard","has-post-thumbnail","hentry","category-politica"],"_links":{"self":[{"href":"http:\/\/informateesquina.com\/index.php?rest_route=\/wp\/v2\/posts\/62413","targetHints":{"allow":["GET"]}}],"collection":[{"href":"http:\/\/informateesquina.com\/index.php?rest_route=\/wp\/v2\/posts"}],"about":[{"href":"http:\/\/informateesquina.com\/index.php?rest_route=\/wp\/v2\/types\/post"}],"author":[{"embeddable":true,"href":"http:\/\/informateesquina.com\/index.php?rest_route=\/wp\/v2\/users\/3"}],"replies":[{"embeddable":true,"href":"http:\/\/informateesquina.com\/index.php?rest_route=%2Fwp%2Fv2%2Fcomments&post=62413"}],"version-history":[{"count":1,"href":"http:\/\/informateesquina.com\/index.php?rest_route=\/wp\/v2\/posts\/62413\/revisions"}],"predecessor-version":[{"id":62415,"href":"http:\/\/informateesquina.com\/index.php?rest_route=\/wp\/v2\/posts\/62413\/revisions\/62415"}],"wp:featuredmedia":[{"embeddable":true,"href":"http:\/\/informateesquina.com\/index.php?rest_route=\/wp\/v2\/media\/62414"}],"wp:attachment":[{"href":"http:\/\/informateesquina.com\/index.php?rest_route=%2Fwp%2Fv2%2Fmedia&parent=62413"}],"wp:term":[{"taxonomy":"category","embeddable":true,"href":"http:\/\/informateesquina.com\/index.php?rest_route=%2Fwp%2Fv2%2Fcategories&post=62413"},{"taxonomy":"post_tag","embeddable":true,"href":"http:\/\/informateesquina.com\/index.php?rest_route=%2Fwp%2Fv2%2Ftags&post=62413"}],"curies":[{"name":"wp","href":"https:\/\/api.w.org\/{rel}","templated":true}]}}