{"id":62914,"date":"2025-05-08T13:14:23","date_gmt":"2025-05-08T16:14:23","guid":{"rendered":"https:\/\/informateesquina.com\/?p=62914"},"modified":"2025-05-08T13:14:23","modified_gmt":"2025-05-08T16:14:23","slug":"habemus-papam-el-sucesor-de-francisco","status":"publish","type":"post","link":"http:\/\/informateesquina.com\/?p=62914","title":{"rendered":"\u00a1Habemus Papam! el sucesor de Francisco"},"content":{"rendered":"<div>\n<p>La comunidad cat\u00f3lica tiene nuevo Papa. En las pr\u00f3ximas horas se anunciar\u00e1 al elegido.<\/p>\n<div class=\"social\">\n<div class=\"share\"><\/div>\n<\/div>\n<div class=\" original m_image\">\n<figure><picture><source srcset=\"https:\/\/www.diarioepoca.com\/content\/bucket\/6\/1428296w600h400c.webp.webp\" type=\"image\/webp\" media=\"(min-width: 640px)\" \/><source srcset=\"https:\/\/www.diarioepoca.com\/content\/bucket\/6\/1428296w440h293c.webp.webp\" type=\"image\/webp\" media=\"(min-width: 300px)\" \/><source srcset=\"https:\/\/www.diarioepoca.com\/content\/bucket\/6\/1428296w600h400c.webp\" media=\"(min-width: 300px)\" \/><img loading=\"lazy\" decoding=\"async\" class=\"pic\" src=\"https:\/\/www.diarioepoca.com\/content\/bucket\/6\/1428296w600h400c.webp.webp\" alt=\"\" width=\"600\" height=\"400\" \/><\/picture><\/figure>\n<\/div>\n<p>Tras varias votaciones, la esperada fumata blanca apareci\u00f3 en Vaticano. Hay nuevo Papa.<\/p>\n<div class=\"content-tags floatFix\"><label><i class=\"fas fa-hashtag\">\u00a0<\/i> Diario \u00c9poca<\/label><\/div>\n<\/div>\n","protected":false},"excerpt":{"rendered":"<p>La comunidad cat\u00f3lica tiene nuevo Papa. En las pr\u00f3ximas horas se anunciar\u00e1 al elegido. Tras varias votaciones, la esperada fumata blanca apareci\u00f3 en Vaticano. Hay nuevo Papa. \u00a0 Diario \u00c9poca<\/p>\n","protected":false},"author":3,"featured_media":62915,"comment_status":"open","ping_status":"open","sticky":false,"template":"","format":"standard","meta":{"footnotes":""},"categories":[5],"tags":[],"class_list":["post-62914","post","type-post","status-publish","format-standard","has-post-thumbnail","hentry","category-internacionales"],"_links":{"self":[{"href":"http:\/\/informateesquina.com\/index.php?rest_route=\/wp\/v2\/posts\/62914","targetHints":{"allow":["GET"]}}],"collection":[{"href":"http:\/\/informateesquina.com\/index.php?rest_route=\/wp\/v2\/posts"}],"about":[{"href":"http:\/\/informateesquina.com\/index.php?rest_route=\/wp\/v2\/types\/post"}],"author":[{"embeddable":true,"href":"http:\/\/informateesquina.com\/index.php?rest_route=\/wp\/v2\/users\/3"}],"replies":[{"embeddable":true,"href":"http:\/\/informateesquina.com\/index.php?rest_route=%2Fwp%2Fv2%2Fcomments&post=62914"}],"version-history":[{"count":1,"href":"http:\/\/informateesquina.com\/index.php?rest_route=\/wp\/v2\/posts\/62914\/revisions"}],"predecessor-version":[{"id":62916,"href":"http:\/\/informateesquina.com\/index.php?rest_route=\/wp\/v2\/posts\/62914\/revisions\/62916"}],"wp:featuredmedia":[{"embeddable":true,"href":"http:\/\/informateesquina.com\/index.php?rest_route=\/wp\/v2\/media\/62915"}],"wp:attachment":[{"href":"http:\/\/informateesquina.com\/index.php?rest_route=%2Fwp%2Fv2%2Fmedia&parent=62914"}],"wp:term":[{"taxonomy":"category","embeddable":true,"href":"http:\/\/informateesquina.com\/index.php?rest_route=%2Fwp%2Fv2%2Fcategories&post=62914"},{"taxonomy":"post_tag","embeddable":true,"href":"http:\/\/informateesquina.com\/index.php?rest_route=%2Fwp%2Fv2%2Ftags&post=62914"}],"curies":[{"name":"wp","href":"https:\/\/api.w.org\/{rel}","templated":true}]}}