{"id":62921,"date":"2025-05-08T21:26:09","date_gmt":"2025-05-09T00:26:09","guid":{"rendered":"https:\/\/informateesquina.com\/?p=62921"},"modified":"2025-05-08T21:26:09","modified_gmt":"2025-05-09T00:26:09","slug":"el-nuevo-papa-leon-xiv-hablo-en-espanol-en-parte-de-su-primer-discurso","status":"publish","type":"post","link":"http:\/\/informateesquina.com\/?p=62921","title":{"rendered":"El nuevo papa Le\u00f3n XIV habl\u00f3 en espa\u00f1ol en parte de su primer discurso"},"content":{"rendered":"<div>\n<p class=\"copete\">El pont\u00edfice trabaj\u00f3 por 10 a\u00f1os en Trujillo, Per\u00fa, y fue obispo de Chiclayo, otra ciudad peruana, entre 2014 y 2023.<\/p>\n<div>\n<div class=\"fotos-y-videos\">\n<div class=\"tab-content\">\n<div id=\"fotos\" class=\"tab-pane fade in active\" role=\"tabpanel\"><a class=\"fotos-desarrollo unlink\" title=\"El nuevo papa Le\u00f3n XIV habl\u00f3 en espa\u00f1ol en parte de su primer discurso\" href=\"https:\/\/www.radiosudamericana.com\/notix\/multimedia\/imagenes\/fotos\/2025-05-08\/872577.png\"><img loading=\"lazy\" decoding=\"async\" class=\"img-responsive lazyload center-block\" src=\"https:\/\/www.radiosudamericana.com\/notix\/multimedia\/imagenes\/fotos\/2025-05-08\/872577.png_nota.png\" alt=\"El nuevo papa Le\u00f3n XIV habl\u00f3 en espa\u00f1ol en parte de su primer discurso\" width=\"700\" height=\"406\" \/><\/a><\/div>\n<\/div>\n<\/div>\n<div class=\"cuerpo\">\n<p>Despu\u00e9s de haber emitido parte de su discurso en italiano,\u00a0el nuevo papa\u00a0<strong>Le\u00f3n XIV<\/strong>\u00a0cambi\u00f3 al espa\u00f1ol\u00a0\u2014uno de los varios idiomas europeos que habla\u2014 para dirigirse a su\u00a0<strong>\u201camada di\u00f3cesis\u201d<\/strong>\u00a0en\u00a0<strong>Per\u00fa<\/strong>.<\/p>\n<p>&nbsp;<\/p>\n<div id=\"leermas\">\n<div><b>Seguir Leyendo:<\/b><\/div>\n<div class=\"mitad\"><a class=\"leermas\" href=\"https:\/\/www.radiosudamericana.com\/nota\/sociedad\/326337-Feriados--se-vienen-dos-fines-de-semana-largos-consecutivos.htm\" target=\"_blank\" rel=\"noopener\"><img decoding=\"async\" src=\"https:\/\/www.radiosudamericana.com\/multimedia\/imagenes\/fotos\/2025-05-06\/439315.jpg_crop.jpg_tb.jpg\" align=\"left\" \/>Feriados: se vienen dos fines de semana largos consecutivos<\/a><\/div>\n<div class=\"mitad\"><a class=\"leermas\" href=\"https:\/\/www.radiosudamericana.com\/nota\/sociedad\/326289-Vacaciones-de-invierno-2025--cuando-arrancan-en-Corrientes.htm\" target=\"_blank\" rel=\"noopener\"><img decoding=\"async\" src=\"https:\/\/www.radiosudamericana.com\/multimedia\/imagenes\/fotos\/2025-05-05\/250171.jpg_crop.jpg_tb.jpg\" align=\"left\" \/>Vacaciones de invierno 2025: cu\u00e1ndo arrancan en Corrientes<\/a><\/div>\n<\/div>\n<p>&nbsp;<\/p>\n<p>El cardenal Robert Prevost, como era conocido hasta ahora,\u00a0trabaj\u00f3 durante una d\u00e9cada en Trujillo, Per\u00fa, y sirvi\u00f3 como\u00a0<strong>obispo de Chiclayo<\/strong>, otra ciudad peruana, de 2014 a 2023.<\/p>\n<p><strong>\u201cA mi querid\u00edsima di\u00f3cesis del Per\u00fa, donde un pueblo fiel acompa\u00f1\u00f3 a su obispo para compartir con \u00e9l su fe, y que tanto ha hecho por ser una Iglesia fiel\u201d<\/strong>, manifest\u00f3.<\/p>\n<p>Le\u00f3n XIV tambi\u00e9n llam\u00f3 a la Iglesia Cat\u00f3lica a ser una Iglesia \u201csinodal\u201d, \u201cque sale adelante, que busca siempre la paz y est\u00e1 cerca de los que sufren\u201d.<\/p>\n<p>Durante su discurso, adem\u00e1s, agradeci\u00f3 a sus compa\u00f1eros cardenales por haberlo elegido para dirigir la Iglesia Cat\u00f3lica.<\/p>\n<p>\u201cTambi\u00e9n quisiera\u00a0agradecer a todos mis hermanos cardenales que me han elegido para ser el sucesor de Pedro\u00a0y para acompa\u00f1arlos como una iglesia unida. Siempre buscando la paz y la justicia.\u00a0 Buscando trabajar con hombres y mujeres fieles a Jesucristo sin temor para proclamar el Evangelio y ser misioneros\u201d, expres\u00f3.<\/p>\n<\/div>\n<\/div>\n<div id=\"Native-MultiPlex\" data-google-query-id=\"CKm78P2PlY0DFW6DYQYd7WsYxQ\">\n<div id=\"google_ads_iframe_\/21849154601,21669678094\/Ad.Plus-MultiPlex_0__container__\">Radio Sudamericana<\/div>\n<\/div>\n<\/div>\n","protected":false},"excerpt":{"rendered":"<p>El pont\u00edfice trabaj\u00f3 por 10 a\u00f1os en Trujillo, Per\u00fa, y fue obispo de Chiclayo, otra ciudad peruana, entre 2014 y 2023. Despu\u00e9s de haber emitido parte de su discurso en italiano,\u00a0el nuevo papa\u00a0Le\u00f3n XIV\u00a0cambi\u00f3 al espa\u00f1ol\u00a0\u2014uno de los varios idiomas europeos que habla\u2014 para dirigirse a su\u00a0\u201camada di\u00f3cesis\u201d\u00a0en\u00a0Per\u00fa. &nbsp; Seguir Leyendo: Feriados: se vienen dos [&hellip;]<\/p>\n","protected":false},"author":3,"featured_media":62922,"comment_status":"open","ping_status":"open","sticky":false,"template":"","format":"standard","meta":{"footnotes":""},"categories":[11],"tags":[],"class_list":["post-62921","post","type-post","status-publish","format-standard","has-post-thumbnail","hentry","category-sociedad"],"_links":{"self":[{"href":"http:\/\/informateesquina.com\/index.php?rest_route=\/wp\/v2\/posts\/62921","targetHints":{"allow":["GET"]}}],"collection":[{"href":"http:\/\/informateesquina.com\/index.php?rest_route=\/wp\/v2\/posts"}],"about":[{"href":"http:\/\/informateesquina.com\/index.php?rest_route=\/wp\/v2\/types\/post"}],"author":[{"embeddable":true,"href":"http:\/\/informateesquina.com\/index.php?rest_route=\/wp\/v2\/users\/3"}],"replies":[{"embeddable":true,"href":"http:\/\/informateesquina.com\/index.php?rest_route=%2Fwp%2Fv2%2Fcomments&post=62921"}],"version-history":[{"count":2,"href":"http:\/\/informateesquina.com\/index.php?rest_route=\/wp\/v2\/posts\/62921\/revisions"}],"predecessor-version":[{"id":62924,"href":"http:\/\/informateesquina.com\/index.php?rest_route=\/wp\/v2\/posts\/62921\/revisions\/62924"}],"wp:featuredmedia":[{"embeddable":true,"href":"http:\/\/informateesquina.com\/index.php?rest_route=\/wp\/v2\/media\/62922"}],"wp:attachment":[{"href":"http:\/\/informateesquina.com\/index.php?rest_route=%2Fwp%2Fv2%2Fmedia&parent=62921"}],"wp:term":[{"taxonomy":"category","embeddable":true,"href":"http:\/\/informateesquina.com\/index.php?rest_route=%2Fwp%2Fv2%2Fcategories&post=62921"},{"taxonomy":"post_tag","embeddable":true,"href":"http:\/\/informateesquina.com\/index.php?rest_route=%2Fwp%2Fv2%2Ftags&post=62921"}],"curies":[{"name":"wp","href":"https:\/\/api.w.org\/{rel}","templated":true}]}}