{"id":62926,"date":"2025-05-09T07:34:48","date_gmt":"2025-05-09T10:34:48","guid":{"rendered":"https:\/\/informateesquina.com\/?p=62926"},"modified":"2025-05-09T07:34:48","modified_gmt":"2025-05-09T10:34:48","slug":"una-mujer-cayo-desde-un-edificio-en-pleno-centro-y-murio","status":"publish","type":"post","link":"http:\/\/informateesquina.com\/?p=62926","title":{"rendered":"Una mujer cay\u00f3 desde un edificio en pleno centro y muri\u00f3"},"content":{"rendered":"<div>\n<p class=\"copete\">Radio Sudamericana lleg\u00f3 hasta la intersecci\u00f3n de las calles Pago largo y San Mart\u00edn donde una mujer cay\u00f3 de un edificio y falleci\u00f3.<\/p>\n<div>\n<div class=\"fotos-y-videos\">\n<div class=\"tab-content\">\n<div id=\"fotos\" class=\"tab-pane fade in active\" role=\"tabpanel\"><a class=\"fotos-desarrollo unlink\" title=\"Una mujer cay\u00f3 desde un edificio en pleno centro y muri\u00f3\" href=\"https:\/\/www.radiosudamericana.com\/notix\/multimedia\/imagenes\/fotos\/2025-05-08\/843281.jpeg\"><img loading=\"lazy\" decoding=\"async\" class=\"img-responsive lazyload center-block\" src=\"https:\/\/www.radiosudamericana.com\/notix\/multimedia\/imagenes\/fotos\/2025-05-08\/843281.jpeg_nota.jpeg\" alt=\"Una mujer cay\u00f3 desde un edificio en pleno centro y muri\u00f3\" width=\"700\" height=\"525\" \/><\/a><\/div>\n<\/div>\n<\/div>\n<div id=\"pvideo1\" class=\"embed-responsive\"><video id=\"video-id\" class=\"video-js vjs-default-skin vjs-16-9 vjs-big-play-centered\" poster=\"https:\/\/www.radiosudamericana.com\/notix\/multimedia\/img_videos\/2025050883921864.jpg\" preload=\"auto\" controls=\"controls\" width=\"640\" height=\"150\" data-setup=\"{}\" data-mce-fragment=\"1\"><\/video><\/div>\n<div class=\"cuerpo\">\n<p>Cerca de las 20:30 de este jueves una mujer cay\u00f3 de un edificio en pleno centro de la ciudad de Corrientes, m\u00e1s precisamente en calle San Mart\u00edn 205.\u00a0<strong>La v\u00edctima (46 a\u00f1os) cay\u00f3 desde el piso 12 hasta el piso 1 y falleci\u00f3 en el acto.\u00a0<\/strong><\/p>\n<div id=\"leermas\"><\/div>\n<p>&nbsp;<\/p>\n<p>Los vecinos dialogaron con Radio Sudamericana y comentaron que<strong>\u00a0se acercaron hasta el lugar porque escuchaban los gritos de auxilio de una mujer.<\/strong><\/p>\n<p>La Polic\u00eda lleg\u00f3 hasta el lugar y est\u00e1 trabajando en investigar los hechos.<\/p>\n<p><a class=\"fotos-desarrollo unlink\" title=\"Una mujer cay\u00f3 desde un edificio en pleno centro y muri\u00f3\" href=\"https:\/\/www.radiosudamericana.com\/notix\/multimedia\/imagenes\/fotos\/2025-05-08\/516935.jpeg\"><img decoding=\"async\" class=\"img-responsive\" src=\"https:\/\/www.radiosudamericana.com\/notix\/multimedia\/imagenes\/fotos\/2025-05-08\/516935.jpeg_nota.jpeg\" \/><\/a><\/p>\n<p>Radio Sudamericana<\/p>\n<\/div>\n<\/div>\n<\/div>\n","protected":false},"excerpt":{"rendered":"<p>Radio Sudamericana lleg\u00f3 hasta la intersecci\u00f3n de las calles Pago largo y San Mart\u00edn donde una mujer cay\u00f3 de un edificio y falleci\u00f3. Cerca de las 20:30 de este jueves una mujer cay\u00f3 de un edificio en pleno centro de la ciudad de Corrientes, m\u00e1s precisamente en calle San Mart\u00edn 205.\u00a0La v\u00edctima (46 a\u00f1os) cay\u00f3 [&hellip;]<\/p>\n","protected":false},"author":3,"featured_media":62927,"comment_status":"open","ping_status":"open","sticky":false,"template":"","format":"standard","meta":{"footnotes":""},"categories":[8],"tags":[],"class_list":["post-62926","post","type-post","status-publish","format-standard","has-post-thumbnail","hentry","category-policiales"],"_links":{"self":[{"href":"http:\/\/informateesquina.com\/index.php?rest_route=\/wp\/v2\/posts\/62926","targetHints":{"allow":["GET"]}}],"collection":[{"href":"http:\/\/informateesquina.com\/index.php?rest_route=\/wp\/v2\/posts"}],"about":[{"href":"http:\/\/informateesquina.com\/index.php?rest_route=\/wp\/v2\/types\/post"}],"author":[{"embeddable":true,"href":"http:\/\/informateesquina.com\/index.php?rest_route=\/wp\/v2\/users\/3"}],"replies":[{"embeddable":true,"href":"http:\/\/informateesquina.com\/index.php?rest_route=%2Fwp%2Fv2%2Fcomments&post=62926"}],"version-history":[{"count":1,"href":"http:\/\/informateesquina.com\/index.php?rest_route=\/wp\/v2\/posts\/62926\/revisions"}],"predecessor-version":[{"id":62928,"href":"http:\/\/informateesquina.com\/index.php?rest_route=\/wp\/v2\/posts\/62926\/revisions\/62928"}],"wp:featuredmedia":[{"embeddable":true,"href":"http:\/\/informateesquina.com\/index.php?rest_route=\/wp\/v2\/media\/62927"}],"wp:attachment":[{"href":"http:\/\/informateesquina.com\/index.php?rest_route=%2Fwp%2Fv2%2Fmedia&parent=62926"}],"wp:term":[{"taxonomy":"category","embeddable":true,"href":"http:\/\/informateesquina.com\/index.php?rest_route=%2Fwp%2Fv2%2Fcategories&post=62926"},{"taxonomy":"post_tag","embeddable":true,"href":"http:\/\/informateesquina.com\/index.php?rest_route=%2Fwp%2Fv2%2Ftags&post=62926"}],"curies":[{"name":"wp","href":"https:\/\/api.w.org\/{rel}","templated":true}]}}