{"id":62930,"date":"2025-05-09T07:40:31","date_gmt":"2025-05-09T10:40:31","guid":{"rendered":"https:\/\/informateesquina.com\/?p=62930"},"modified":"2025-05-09T07:40:31","modified_gmt":"2025-05-09T10:40:31","slug":"asi-se-veria-la-ciudad-de-corrientes-en-el-universo-de-el-eternauta","status":"publish","type":"post","link":"http:\/\/informateesquina.com\/?p=62930","title":{"rendered":"As\u00ed se ver\u00eda la ciudad de Corrientes en el universo de &#8220;El Eternauta&#8221;"},"content":{"rendered":"<div>\n<p class=\"copete\">Un realizador correntino sorprendi\u00f3 en las redes sociales con su versi\u00f3n de &#8220;El Eternauta&#8221; en Corrientes. Las im\u00e1genes simulan c\u00f3mo se ver\u00eda la ciudad bajo la nieve letal.<\/p>\n<div class=\"fotos-y-videos\">\n<div class=\"tab-content\">\n<div id=\"fotos\" class=\"tab-pane fade in active\" role=\"tabpanel\"><a class=\"fotos-desarrollo unlink\" title=\"As\u00ed se ver\u00eda la ciudad de Corrientes en el universo de El Eternauta\" href=\"https:\/\/www.radiosudamericana.com\/notix\/multimedia\/imagenes\/fotos\/2025-05-09\/638625.jpg\"><img loading=\"lazy\" decoding=\"async\" class=\"img-responsive lazyload center-block\" src=\"https:\/\/www.radiosudamericana.com\/notix\/multimedia\/imagenes\/fotos\/2025-05-09\/638625.jpg_nota.jpg\" alt=\"As\u00ed se ver\u00eda la ciudad de Corrientes en el universo de El Eternauta\" width=\"700\" height=\"875\" \/><\/a><\/div>\n<\/div>\n<\/div>\n<p>&nbsp;<\/p>\n<div class=\"cuerpo\">\n<p>El 30 de abril se estren\u00f3 la\u00a0<strong>serie de Netflix \u201cEl Eternauta<\/strong>\u201d, una historia de ciencia ficci\u00f3n sobre la Argentina postapocal\u00edptica. Relato que naci\u00f3 en una novela y c\u00f3mics escritos por\u00a0<strong>H\u00e9ctor Germ\u00e1n Oesterheld<\/strong>\u00a0y publicados por primera vez en 1957.<\/p>\n<p>&nbsp;<\/p>\n<div><video id=\"video-id-30578\" class=\"video-js vjs-default-skin vjs-16-9 vjs-big-play-centered\" poster=\"https:\/\/www.radiosudamericana.com\/notix\/multimedia\/img_videos\/2025050969692291.jpg\" preload=\"auto\" controls=\"controls\" width=\"640\" height=\"150\" data-setup=\"{}\" data-mce-fragment=\"1\"><\/video><\/div>\n<p>&nbsp;<\/p>\n<p>En esta serie nos muestran la vida en provincia de Buenos Aires y Ciudad Aut\u00f3noma tras una tras una\u00a0<strong>tormenta de nieve t\u00f3xica\u00a0<\/strong>que llega acompa\u00f1ada de\u00a0<strong>\u201calien\u00edgenas\u201d<\/strong>. Escenario al que Juan Salvo (Ricardo Dar\u00edn) debe enfrentarse para encontrar a su hija y proteger a sus amigos.La apasionante historia argentina lleg\u00f3 al mundo y fue recibida con los brazos abiertos, y es que\u00a0<strong>\u201cEl Eternauta\u201d<\/strong>\u00a0caus\u00f3 tendencia en varios pa\u00edses y la convirti\u00f3 en una de las tres series m\u00e1s vistas en todo el planeta. Siendo el contenido m\u00e1s reproducido en algunos lugares.<\/p>\n<p>Ante el \u00e9xito de la serie argentina el creador de contenidos Iv\u00e1n Salvia, adapt\u00f3 la est\u00e9tica visual de la producci\u00f3n dirigida por Bruno Stagnaro y de la m\u00edtica historieta original a paisajes locales como la avenida 3 de Abril, la Costanera y la Iglesia de La Cruz de los Milagros.<\/p>\n<p>&nbsp;<\/p>\n<div id=\"leermas\"><\/div>\n<p>&nbsp;<\/p>\n<p>A trav\u00e9s de sus redes sociales el dise\u00f1ador gr\u00e1fico y amante de la fotograf\u00eda, como se describe en su perfil public\u00f3 un carrete de im\u00e1genes con una art\u00edstica espectacular: \u201c<strong>Mi versi\u00f3n de #eleternauta en Corrientes Argentina<\/strong>, diganme cual les gust\u00f3 m\u00e1s chee\u00a0fue una mezcla de fotografia lightroom y photoshop, mi sue\u00f1o ser\u00eda dise\u00f1arles la portada para la segunda temporada\u201d, poste\u00f3 @Ivansalviadf<\/p>\n<h2><strong>Todas las\u00a0im\u00e1genes<\/strong><\/h2>\n<p><a class=\"fotos-desarrollo unlink\" title=\"As\u00ed se ver\u00eda la ciudad de Corrientes en el universo de El Eternauta\" href=\"https:\/\/www.radiosudamericana.com\/notix\/multimedia\/imagenes\/fotos\/2025-05-09\/113792.jpg\"><img decoding=\"async\" class=\"img-responsive\" src=\"https:\/\/www.radiosudamericana.com\/notix\/multimedia\/imagenes\/fotos\/2025-05-09\/113792.jpg_nota.jpg\" \/><\/a><\/p>\n<p><a class=\"fotos-desarrollo unlink\" title=\"As\u00ed se ver\u00eda la ciudad de Corrientes en el universo de El Eternauta\" href=\"https:\/\/www.radiosudamericana.com\/notix\/multimedia\/imagenes\/fotos\/2025-05-09\/966450.jpg\"><img decoding=\"async\" class=\"img-responsive\" src=\"https:\/\/www.radiosudamericana.com\/notix\/multimedia\/imagenes\/fotos\/2025-05-09\/966450.jpg_nota.jpg\" \/><\/a><\/p>\n<p><a class=\"fotos-desarrollo unlink\" title=\"As\u00ed se ver\u00eda la ciudad de Corrientes en el universo de El Eternauta\" href=\"https:\/\/www.radiosudamericana.com\/notix\/multimedia\/imagenes\/fotos\/2025-05-09\/226419.jpg\"><img decoding=\"async\" class=\"img-responsive\" src=\"https:\/\/www.radiosudamericana.com\/notix\/multimedia\/imagenes\/fotos\/2025-05-09\/226419.jpg_nota.jpg\" \/><\/a><\/p>\n<p><a class=\"fotos-desarrollo unlink\" title=\"As\u00ed se ver\u00eda la ciudad de Corrientes en el universo de El Eternauta\" href=\"https:\/\/www.radiosudamericana.com\/notix\/multimedia\/imagenes\/fotos\/2025-05-09\/453402.jpg\"><img decoding=\"async\" class=\"img-responsive\" src=\"https:\/\/www.radiosudamericana.com\/notix\/multimedia\/imagenes\/fotos\/2025-05-09\/453402.jpg_nota.jpg\" \/><\/a><\/p>\n<p><a class=\"fotos-desarrollo unlink\" title=\"As\u00ed se ver\u00eda la ciudad de Corrientes en el universo de El Eternauta\" href=\"https:\/\/www.radiosudamericana.com\/notix\/multimedia\/imagenes\/fotos\/2025-05-09\/868422.jpg\"><img decoding=\"async\" class=\"img-responsive\" src=\"https:\/\/www.radiosudamericana.com\/notix\/multimedia\/imagenes\/fotos\/2025-05-09\/868422.jpg_nota.jpg\" \/><\/a><\/p>\n<p><a class=\"fotos-desarrollo unlink\" title=\"As\u00ed se ver\u00eda la ciudad de Corrientes en el universo de El Eternauta\" href=\"https:\/\/www.radiosudamericana.com\/notix\/multimedia\/imagenes\/fotos\/2025-05-09\/511808.jpg\"><img decoding=\"async\" class=\"img-responsive\" src=\"https:\/\/www.radiosudamericana.com\/notix\/multimedia\/imagenes\/fotos\/2025-05-09\/511808.jpg_nota.jpg\" \/><\/a><\/p>\n<p><a class=\"fotos-desarrollo unlink\" title=\"As\u00ed se ver\u00eda la ciudad de Corrientes en el universo de El Eternauta\" href=\"https:\/\/www.radiosudamericana.com\/notix\/multimedia\/imagenes\/fotos\/2025-05-09\/543546.jpg\"><img decoding=\"async\" class=\"img-responsive\" src=\"https:\/\/www.radiosudamericana.com\/notix\/multimedia\/imagenes\/fotos\/2025-05-09\/543546.jpg_nota.jpg\" \/><\/a><\/p>\n<p>Radio Sudamericana<\/p>\n<\/div>\n<\/div>\n","protected":false},"excerpt":{"rendered":"<p>Un realizador correntino sorprendi\u00f3 en las redes sociales con su versi\u00f3n de &#8220;El Eternauta&#8221; en Corrientes. Las im\u00e1genes simulan c\u00f3mo se ver\u00eda la ciudad bajo la nieve letal. &nbsp; El 30 de abril se estren\u00f3 la\u00a0serie de Netflix \u201cEl Eternauta\u201d, una historia de ciencia ficci\u00f3n sobre la Argentina postapocal\u00edptica. Relato que naci\u00f3 en una novela [&hellip;]<\/p>\n","protected":false},"author":3,"featured_media":62931,"comment_status":"open","ping_status":"open","sticky":false,"template":"","format":"standard","meta":{"footnotes":""},"categories":[11],"tags":[],"class_list":["post-62930","post","type-post","status-publish","format-standard","has-post-thumbnail","hentry","category-sociedad"],"_links":{"self":[{"href":"http:\/\/informateesquina.com\/index.php?rest_route=\/wp\/v2\/posts\/62930","targetHints":{"allow":["GET"]}}],"collection":[{"href":"http:\/\/informateesquina.com\/index.php?rest_route=\/wp\/v2\/posts"}],"about":[{"href":"http:\/\/informateesquina.com\/index.php?rest_route=\/wp\/v2\/types\/post"}],"author":[{"embeddable":true,"href":"http:\/\/informateesquina.com\/index.php?rest_route=\/wp\/v2\/users\/3"}],"replies":[{"embeddable":true,"href":"http:\/\/informateesquina.com\/index.php?rest_route=%2Fwp%2Fv2%2Fcomments&post=62930"}],"version-history":[{"count":1,"href":"http:\/\/informateesquina.com\/index.php?rest_route=\/wp\/v2\/posts\/62930\/revisions"}],"predecessor-version":[{"id":62932,"href":"http:\/\/informateesquina.com\/index.php?rest_route=\/wp\/v2\/posts\/62930\/revisions\/62932"}],"wp:featuredmedia":[{"embeddable":true,"href":"http:\/\/informateesquina.com\/index.php?rest_route=\/wp\/v2\/media\/62931"}],"wp:attachment":[{"href":"http:\/\/informateesquina.com\/index.php?rest_route=%2Fwp%2Fv2%2Fmedia&parent=62930"}],"wp:term":[{"taxonomy":"category","embeddable":true,"href":"http:\/\/informateesquina.com\/index.php?rest_route=%2Fwp%2Fv2%2Fcategories&post=62930"},{"taxonomy":"post_tag","embeddable":true,"href":"http:\/\/informateesquina.com\/index.php?rest_route=%2Fwp%2Fv2%2Ftags&post=62930"}],"curies":[{"name":"wp","href":"https:\/\/api.w.org\/{rel}","templated":true}]}}