{"id":62934,"date":"2025-05-09T18:05:11","date_gmt":"2025-05-09T21:05:11","guid":{"rendered":"https:\/\/informateesquina.com\/?p=62934"},"modified":"2025-05-09T18:05:11","modified_gmt":"2025-05-09T21:05:11","slug":"valdes-lanzo-vamos-corrientes-la-alianza-para-las-elecciones-2025","status":"publish","type":"post","link":"http:\/\/informateesquina.com\/?p=62934","title":{"rendered":"Vald\u00e9s lanz\u00f3 &#8220;Vamos Corrientes&#8221;, la alianza para las elecciones 2025"},"content":{"rendered":"<div>\n<p class=\"copete\">El gobernador Gustavo Vald\u00e9s encabez\u00f3 un acto en el que realiz\u00f3 el lanzamiento en sociedad de la alianza Vamos Corrientes, para las elecciones de este 2025. El evento se llev\u00f3 a cabo en el Centro de Convenciones, ubicado sobre avenida Gregorio Pomar 802 de esta Capital<\/p>\n<div>\n<div class=\"fotos-y-videos\">\n<div class=\"tab-content\">\n<div id=\"fotos\" class=\"tab-pane fade in active\" role=\"tabpanel\"><a class=\"fotos-desarrollo unlink\" title=\"Vald\u00e9s lanz\u00f3 Vamos Corrientes, la alianza para las elecciones 2025\" href=\"https:\/\/www.radiosudamericana.com\/notix\/multimedia\/imagenes\/fotos\/2025-05-09\/902944.jpg\"><img loading=\"lazy\" decoding=\"async\" class=\"img-responsive lazyload center-block\" src=\"https:\/\/www.radiosudamericana.com\/notix\/multimedia\/imagenes\/fotos\/2025-05-09\/902944.jpg_nota.jpg\" alt=\"Vald\u00e9s lanz\u00f3 Vamos Corrientes, la alianza para las elecciones 2025\" width=\"700\" height=\"466\" \/><\/a><\/div>\n<\/div>\n<\/div>\n<div class=\"audios-desarrollo\">\n<div id=\"audio-1\"><audio src=\"https:\/\/www.radiosudamericana.com\/notix\/multimedia\/audios\/2025-05-09\/832347.mp3\" controls=\"controls\" data-mce-fragment=\"1\"><\/audio><\/div>\n<\/div>\n<div class=\"cuerpo\">\n<p>&nbsp;<\/p>\n<div class=\"audios-desarrollo encuerpo\">\n<div id=\"audio-0\"><audio src=\"https:\/\/www.radiosudamericana.com\/notix\/multimedia\/audios\/2025-05-09\/205252.mp3\" controls=\"controls\" data-mce-fragment=\"1\"><\/audio><\/div>\n<\/div>\n<p>&nbsp;<\/p>\n<p>El gobernador Gustavo Vald\u00e9s present\u00f3 este viernes la alianza\u00a0<strong>&#8220;Vamos Corrientes&#8221;<\/strong>, el frente pol\u00edtico con el que el oficialismo buscar\u00e1 competir en las elecciones provinciales de 2025. El acto se realiz\u00f3 al mediod\u00eda en el Centro de Convenciones y cont\u00f3 con la presencia de dirigentes de 28 partidos pol\u00edticos, legisladores nacionales y provinciales, as\u00ed como m\u00e1s de 60 intendentes de distintas localidades.<\/p>\n<p>&nbsp;<\/p>\n<div id=\"leermas\">\n<div><b>Seguir Leyendo:<\/b><\/div>\n<div class=\"mitad\"><a class=\"leermas\" href=\"https:\/\/www.radiosudamericana.com\/nota\/politica\/326475-Cristina-Kirchner-confirmo-que-visitara-la-provincia-de-Corrientes.htm\" target=\"_blank\" rel=\"noopener\"><img decoding=\"async\" src=\"https:\/\/www.radiosudamericana.com\/multimedia\/imagenes\/fotos\/2025-05-08\/511879.jpg_crop.jpg_tb.jpg\" align=\"left\" \/>Cristina Kirchner confirm\u00f3 que visitar\u00e1 la provincia de Corrientes<\/a><\/div>\n<div class=\"mitad\"><a class=\"leermas\" href=\"https:\/\/www.radiosudamericana.com\/nota\/politica\/326321-Renunciaron-dos-funcionarios-mas-en-el-Gabinete-Provincial.htm\" target=\"_blank\" rel=\"noopener\"><img decoding=\"async\" src=\"https:\/\/www.radiosudamericana.com\/multimedia\/imagenes\/fotos\/2025-05-05\/868066.jpg_crop.jpg_tb.jpg\" align=\"left\" \/>Renunciaron dos funcionarios m\u00e1s en el Gabinete Provincial<\/a><\/div>\n<\/div>\n<p>&nbsp;<\/p>\n<p><em><strong>\u201cEmpezamos la construcci\u00f3n de este gran espacio social y pol\u00edtico\u201d<\/strong><\/em>, expres\u00f3 Vald\u00e9s durante su discurso, donde hizo un repaso por sus siete a\u00f1os y medio de gesti\u00f3n al frente del Ejecutivo provincial.<\/p>\n<p>Adem\u00e1s, agradeci\u00f3 el acompa\u00f1amiento de los jefes comunales y legisladores durante su administraci\u00f3n, y destac\u00f3 la importancia de la renovaci\u00f3n institucional.\u00a0<strong><em>\u201cEl poder tiene que ser temporal, tenemos que tener periodicidad. Por eso el d\u00eda de hoy estamos juntos\u201d<\/em><\/strong>, afirm\u00f3.<\/p>\n<p>El mandatario tambi\u00e9n se dirigi\u00f3 al sector productivo, con \u00e9nfasis en la ganader\u00eda y en la industria forestal, resaltando la incorporaci\u00f3n de la planta de procesamiento de madera AconTimber.\u00a0<em><strong>\u201cNos hemos convertido en un motor forestal de la Argentina\u201d<\/strong><\/em>, se\u00f1al\u00f3 al respecto.<\/p>\n<p>Durante el acto, convoc\u00f3 a reforzar la militancia y a trabajar en el territorio de cara a la campa\u00f1a electoral.\u00a0<em><strong>\u201cIncitemos a los militantes pol\u00edticos a que vengan. Tenemos 30 d\u00edas para volvernos a ver y demostrarles qu\u00e9 es Vamos Corrientes\u201d<\/strong><\/em>, manifest\u00f3.<\/p>\n<p>En la apertura participaron el vicegobernador Pedro Braillard Poccard y el intendente de la capital, Eduardo Tassano. Aunque se esperaba que Vald\u00e9s anunciara la fecha de los comicios provinciales o los nombres de los precandidatos, el acto sirvi\u00f3 \u00fanicamente como lanzamiento formal del espacio pol\u00edtico.<\/p>\n<p>&nbsp;<\/p>\n<div class=\"audios-desarrollo encuerpo\">\n<div id=\"audio-0\"><audio src=\"https:\/\/www.radiosudamericana.com\/notix\/multimedia\/audios\/2025-05-09\/207651.mp3\" controls=\"controls\" data-mce-fragment=\"1\"><\/audio><\/div>\n<\/div>\n<p>&nbsp;<\/p>\n<p>Tras el acto, el gobernador dialog\u00f3 con la prensa y anticip\u00f3 que se organizar\u00e1 una nueva convocatoria en el sur de la provincia.\u00a0<em><strong>\u201cCreemos que todos tienen que tener la posibilidad de venir\u201d<\/strong><\/em>, afirm\u00f3. Adem\u00e1s, adelant\u00f3 que en los pr\u00f3ximos 40 d\u00edas se definir\u00e1n y presentar\u00e1n los candidatos de \u201cVamos Corrientes\u201d, tanto a nivel legislativo como en los municipios.<\/p>\n<p><em><strong>\u201cA todos los peronistas que quieran trabajar y sumarse a este espacio tienen las puertas abiertas\u201d<\/strong><\/em>, manifest\u00f3 Vald\u00e9s, al tiempo que tambi\u00e9n se dirigi\u00f3 a dirigentes del Partido Autonomista\u00a0y de Encuentro Liberal (ELI), subrayando la vocaci\u00f3n frentista del nuevo armado pol\u00edtico.<\/p>\n<\/div>\n<\/div>\n<div id=\"Native-MultiPlex\" data-google-query-id=\"CIqJle6kl40DFblYuAQdBvY0-A\">\n<div id=\"google_ads_iframe_\/21849154601,21669678094\/Ad.Plus-MultiPlex_0__container__\">Radio Sudamericana<\/div>\n<\/div>\n<\/div>\n","protected":false},"excerpt":{"rendered":"<p>El gobernador Gustavo Vald\u00e9s encabez\u00f3 un acto en el que realiz\u00f3 el lanzamiento en sociedad de la alianza Vamos Corrientes, para las elecciones de este 2025. El evento se llev\u00f3 a cabo en el Centro de Convenciones, ubicado sobre avenida Gregorio Pomar 802 de esta Capital &nbsp; &nbsp; El gobernador Gustavo Vald\u00e9s present\u00f3 este viernes [&hellip;]<\/p>\n","protected":false},"author":3,"featured_media":62935,"comment_status":"open","ping_status":"open","sticky":false,"template":"","format":"standard","meta":{"footnotes":""},"categories":[9],"tags":[],"class_list":["post-62934","post","type-post","status-publish","format-standard","has-post-thumbnail","hentry","category-politica"],"_links":{"self":[{"href":"http:\/\/informateesquina.com\/index.php?rest_route=\/wp\/v2\/posts\/62934","targetHints":{"allow":["GET"]}}],"collection":[{"href":"http:\/\/informateesquina.com\/index.php?rest_route=\/wp\/v2\/posts"}],"about":[{"href":"http:\/\/informateesquina.com\/index.php?rest_route=\/wp\/v2\/types\/post"}],"author":[{"embeddable":true,"href":"http:\/\/informateesquina.com\/index.php?rest_route=\/wp\/v2\/users\/3"}],"replies":[{"embeddable":true,"href":"http:\/\/informateesquina.com\/index.php?rest_route=%2Fwp%2Fv2%2Fcomments&post=62934"}],"version-history":[{"count":1,"href":"http:\/\/informateesquina.com\/index.php?rest_route=\/wp\/v2\/posts\/62934\/revisions"}],"predecessor-version":[{"id":62936,"href":"http:\/\/informateesquina.com\/index.php?rest_route=\/wp\/v2\/posts\/62934\/revisions\/62936"}],"wp:featuredmedia":[{"embeddable":true,"href":"http:\/\/informateesquina.com\/index.php?rest_route=\/wp\/v2\/media\/62935"}],"wp:attachment":[{"href":"http:\/\/informateesquina.com\/index.php?rest_route=%2Fwp%2Fv2%2Fmedia&parent=62934"}],"wp:term":[{"taxonomy":"category","embeddable":true,"href":"http:\/\/informateesquina.com\/index.php?rest_route=%2Fwp%2Fv2%2Fcategories&post=62934"},{"taxonomy":"post_tag","embeddable":true,"href":"http:\/\/informateesquina.com\/index.php?rest_route=%2Fwp%2Fv2%2Ftags&post=62934"}],"curies":[{"name":"wp","href":"https:\/\/api.w.org\/{rel}","templated":true}]}}