{"id":62937,"date":"2025-05-09T23:23:21","date_gmt":"2025-05-10T02:23:21","guid":{"rendered":"https:\/\/informateesquina.com\/?p=62937"},"modified":"2025-05-09T23:24:03","modified_gmt":"2025-05-10T02:24:03","slug":"misiones-soldado-correntino-murio-tras-chocar-contra-un-camion","status":"publish","type":"post","link":"http:\/\/informateesquina.com\/?p=62937","title":{"rendered":"Misiones: soldado correntino muri\u00f3 tras chocar contra un cami\u00f3n"},"content":{"rendered":"<p>Un tr\u00e1gico siniestro vial ocurrido en la ma\u00f1ana de este viernes 9 de mayo en la localidad misionera de Ap\u00f3stoles se cobr\u00f3 la vida de un joven soldado voluntario correntino. La v\u00edctima fue identificada como\u00a0<em><strong>Maximiliano Adri\u00e1n Alvarenga,<\/strong><\/em>\u00a0oriundo de San Carlos, Corrientes, y habr\u00eda estado\u00a0destinado a la unidad militar del Ej\u00e9rcito Argentino con base en Ober\u00e1, Misiones.<\/p>\n<div class=\"cuerpo\">\n<p><a class=\"fotos-desarrollo unlink\" title=\"Misiones: soldado correntino muri\u00f3 tras chocar contra un cami\u00f3n\" href=\"https:\/\/www.radiosudamericana.com\/notix\/multimedia\/imagenes\/fotos\/2025-05-09\/557225.png\"><img decoding=\"async\" class=\"img-responsive\" src=\"https:\/\/www.radiosudamericana.com\/notix\/multimedia\/imagenes\/fotos\/2025-05-09\/557225.png_nota.png\" \/><\/a><\/p>\n<p>Seg\u00fan informaron fuentes oficiales, el hecho se produjo alrededor de las 7 de la ma\u00f1ana sobre la Ruta Nacional 14, a la altura del kil\u00f3metro 1 de Ap\u00f3stoles. Por causas que a\u00fan se encuentran bajo investigaci\u00f3n, la motocicleta en la que se trasladaba Alvarenga impact\u00f3 contra un cami\u00f3n.\u00a0<strong>Producto del fuerte choque, el joven perdi\u00f3 la vida en el lugar.<\/strong><\/p>\n<p>De acuerdo a la informaci\u00f3n a la que accedi\u00f3 Sudamericana, el joven ser\u00eda\u00a0soldado voluntario del Ej\u00e9rcito y se encontraba prestando servicio en una unidad del interior misionero.<\/p>\n<p>CON INFORMACI\u00d3N DE EL TERRITORIO<\/p>\n<p>&nbsp;<\/p>\n<\/div>\n","protected":false},"excerpt":{"rendered":"<p>Un tr\u00e1gico siniestro vial ocurrido en la ma\u00f1ana de este viernes 9 de mayo en la localidad misionera de Ap\u00f3stoles se cobr\u00f3 la vida de un joven soldado voluntario correntino. La v\u00edctima fue identificada como\u00a0Maximiliano Adri\u00e1n Alvarenga,\u00a0oriundo de San Carlos, Corrientes, y habr\u00eda estado\u00a0destinado a la unidad militar del Ej\u00e9rcito Argentino con base en Ober\u00e1, [&hellip;]<\/p>\n","protected":false},"author":3,"featured_media":62938,"comment_status":"open","ping_status":"open","sticky":false,"template":"","format":"standard","meta":{"footnotes":""},"categories":[8,10],"tags":[],"class_list":["post-62937","post","type-post","status-publish","format-standard","has-post-thumbnail","hentry","category-policiales","category-provinciales"],"_links":{"self":[{"href":"http:\/\/informateesquina.com\/index.php?rest_route=\/wp\/v2\/posts\/62937","targetHints":{"allow":["GET"]}}],"collection":[{"href":"http:\/\/informateesquina.com\/index.php?rest_route=\/wp\/v2\/posts"}],"about":[{"href":"http:\/\/informateesquina.com\/index.php?rest_route=\/wp\/v2\/types\/post"}],"author":[{"embeddable":true,"href":"http:\/\/informateesquina.com\/index.php?rest_route=\/wp\/v2\/users\/3"}],"replies":[{"embeddable":true,"href":"http:\/\/informateesquina.com\/index.php?rest_route=%2Fwp%2Fv2%2Fcomments&post=62937"}],"version-history":[{"count":2,"href":"http:\/\/informateesquina.com\/index.php?rest_route=\/wp\/v2\/posts\/62937\/revisions"}],"predecessor-version":[{"id":62940,"href":"http:\/\/informateesquina.com\/index.php?rest_route=\/wp\/v2\/posts\/62937\/revisions\/62940"}],"wp:featuredmedia":[{"embeddable":true,"href":"http:\/\/informateesquina.com\/index.php?rest_route=\/wp\/v2\/media\/62938"}],"wp:attachment":[{"href":"http:\/\/informateesquina.com\/index.php?rest_route=%2Fwp%2Fv2%2Fmedia&parent=62937"}],"wp:term":[{"taxonomy":"category","embeddable":true,"href":"http:\/\/informateesquina.com\/index.php?rest_route=%2Fwp%2Fv2%2Fcategories&post=62937"},{"taxonomy":"post_tag","embeddable":true,"href":"http:\/\/informateesquina.com\/index.php?rest_route=%2Fwp%2Fv2%2Ftags&post=62937"}],"curies":[{"name":"wp","href":"https:\/\/api.w.org\/{rel}","templated":true}]}}