{"id":62941,"date":"2025-05-09T23:25:53","date_gmt":"2025-05-10T02:25:53","guid":{"rendered":"https:\/\/informateesquina.com\/?p=62941"},"modified":"2025-05-09T23:25:53","modified_gmt":"2025-05-10T02:25:53","slug":"en-su-primera-misa-leon-xiv-recordo-a-francisco","status":"publish","type":"post","link":"http:\/\/informateesquina.com\/?p=62941","title":{"rendered":"En su primera misa, Le\u00f3n XIV record\u00f3 a Francisco"},"content":{"rendered":"<div class=\"fotos-y-videos\">\n<p><a class=\"fotos-desarrollo unlink\" title=\"En su primera misa, Le\u00f3n XIV record\u00f3 a Francisco \" href=\"https:\/\/www.radiosudamericana.com\/notix\/multimedia\/imagenes\/fotos\/2025-05-09\/128910.jpg\"><img loading=\"lazy\" decoding=\"async\" class=\"img-responsive lazyload center-block\" src=\"https:\/\/www.radiosudamericana.com\/notix\/multimedia\/imagenes\/fotos\/2025-05-09\/128910.jpg_nota.jpg\" alt=\"En su primera misa, Le\u00f3n XIV record\u00f3 a Francisco \" width=\"700\" height=\"393\" \/><\/a><\/p>\n<\/div>\n<p>&nbsp;<\/p>\n<div class=\"cuerpo\">\n<p>El papa\u00a0Le\u00f3n XIV, el primer pont\u00edfice norteamericano de la historia, presidi\u00f3 su primera misa ante los cardenales y les dijo que \u201custedes me han llamado a llevar la cruz y a ser bendecido\u201d, adem\u00e1s de pedir su ayuda para difundir la fe cat\u00f3lica.<\/p>\n<p>Fue la primera vez que Le\u00f3n hizo comentarios p\u00fablicos en ingl\u00e9s,\u00a0despu\u00e9s de hablar solo en italiano y espa\u00f1ol en sus primeras declaraciones al mundo desde la bas\u00edlica de\u00a0San Pedro\u00a0el jueves.<\/p>\n<p>\u201cJes\u00fas nos mostr\u00f3 un modelo de humanidad santa que todos podemos imitar\u201d,\u00a0dijo Le\u00f3n XIV, y remarc\u00f3 que \u201cDios, al llamarme a trav\u00e9s del voto de ustedes (los cardenales), me conf\u00eda este tesoro a m\u00ed para que, con su ayuda, sea un fiel administrador\u201d.<\/p>\n<p><a class=\"fotos-desarrollo unlink\" title=\"En su primera misa, Le\u00f3n XIV record\u00f3 a Francisco \" href=\"https:\/\/www.radiosudamericana.com\/notix\/multimedia\/imagenes\/fotos\/2025-05-09\/559388.jpg\"><img decoding=\"async\" class=\"img-responsive\" src=\"https:\/\/www.radiosudamericana.com\/notix\/multimedia\/imagenes\/fotos\/2025-05-09\/559388.jpg_nota.jpg\" \/><\/a><\/p>\n<p>Luego sostuvo que la falta de fe lleva consigo muchas heridas que acarrean a la sociedad y mencion\u00f3 a su predecesor:\u00a0\u201cComo muchas veces nos ha ense\u00f1ado el papa Francisco, estamos llamados a dar testimonio de la fe gozosa en Jes\u00fas salvador\u201d, remarc\u00f3.<\/p>\n<p>Por \u00faltimo, manifest\u00f3: \u201cNo faltan tampoco los contextos en los que Jes\u00fas, aunque apreciado como hombre,\u00a0es reducido solamente a una especie de l\u00edder carism\u00e1tico o a un superhombre. Y esto no solo entre los no creyentes, sino incluso entre muchos bautizados, que de ese modo terminan viviendo, en este \u00e1mbito,\u00a0un ate\u00edsmo de hecho\u201d.<\/p>\n<p>Le\u00f3n hizo unas declaraciones improvisadas al inicio de su homil\u00eda en la capilla Sixtina el viernes ante los cardenales que lo eligieron para suceder al papa Francisco y seguir sus pasos orientados a la justicia social.<\/p>\n<p>Sobre el tema del idioma, que hab\u00eda sido uno de los puntos salientes de su presentaci\u00f3n tras el c\u00f3nclave que lo consagr\u00f3 Papa, cabe detallar que\u00a0la primera lectura de esta misa fue en ingl\u00e9s y estuvo a cargo de una mujer, al igual que la segunda lectura, pero en este caso fue en espa\u00f1ol.<\/p>\n<p><a class=\"fotos-desarrollo unlink\" title=\"En su primera misa, Le\u00f3n XIV record\u00f3 a Francisco \" href=\"https:\/\/www.radiosudamericana.com\/notix\/multimedia\/imagenes\/fotos\/2025-05-09\/647310.jpg\"><img decoding=\"async\" class=\"img-responsive\" src=\"https:\/\/www.radiosudamericana.com\/notix\/multimedia\/imagenes\/fotos\/2025-05-09\/647310.jpg_nota.jpg\" \/><\/a><\/p>\n<h2><strong>La ceremonia<\/strong><\/h2>\n<p>Ataviado con vestimentas blancas, Le\u00f3n procesion\u00f3 hacia la capilla Sixtina y bendijo a los cardenales mientras se acercaba al altar y al fresco de \u201cEl juicio final\u201d de Miguel \u00c1ngel detr\u00e1s de \u00e9l. Pronunci\u00f3 las oraciones iniciales y los himnos en lat\u00edn, y varias mujeres leyeron las primeras lecturas de las Escrituras.<\/p>\n<p>Fue en esa misma capilla decorada con frescos donde Le\u00f3n, el misionero nacido en Chicago como\u00a0Robert Prevost, fue elegido el jueves por la tarde como el 267mo papa, superando el tab\u00fa tradicional contra un papa de los Estados Unidos.<\/p>\n<p>En su primera aparici\u00f3n al mundo el jueves por la noche en la bas\u00edlica de San Pedro, el\u00a0misionero agustino de 69 a\u00f1os\u00a0llevaba la tradicional capa roja \u2014que Francisco hab\u00eda evitado en su elecci\u00f3n en 2013\u2014 sugiriendo un retorno a cierto grado de seguimiento de reglas tras el pontificado poco ortodoxo de Francisco.<\/p>\n<p>&nbsp;<\/p>\n<div id=\"embeds\" class=\"inser center-block\"><iframe loading=\"lazy\" title=\"\ud83d\udd6f\ufe0f Le\u00c3\u00b3n XIV celebr\u00c3\u00b3 su primera misa como Papa y record\u00c3\u00b3 a Francisco\" src=\"https:\/\/www.youtube.com\/embed\/OP3SKFD7lWk\" width=\"640\" height=\"400\" frameborder=\"0\" allowfullscreen=\"allowfullscreen\" data-mce-fragment=\"1\"><\/iframe><\/div>\n<p>&nbsp;<\/p>\n<p>Sin embargo, al\u00a0elegir el nombre de Le\u00f3n, como el papa reformador de justicia social del siglo XIX y mencionar algunas de las prioridades m\u00e1s orientadas a la justicia social de Francisco, el nuevo papa tambi\u00e9n podr\u00eda haber querido se\u00f1alar una\u00a0fuerte l\u00ednea de continuidad:\u00a0otro Le\u00f3n en la historia de la Iglesia fue fray Le\u00f3n, un fraile del siglo XIII que fue un gran\u00a0compa\u00f1ero de san Francisco de As\u00eds, el hom\u00f3nimo del difunto papa.<\/p>\n<p>\u201cJuntos, debemos intentar descubrir c\u00f3mo ser una Iglesia misionera, una iglesia que construye puentes, establece di\u00e1logo, que siempre est\u00e1 abierta a recibir \u2014como en esta plaza con los brazos abiertos\u2014 para poder recibir a todos los que necesitan nuestra caridad, nuestra presencia, di\u00e1logo y amor\u201d, dijo Le\u00f3n en un italiano casi perfecto en sus primeros comentarios al mundo.<\/p>\n<p><a class=\"fotos-desarrollo unlink\" title=\"En su primera misa, Le\u00f3n XIV record\u00f3 a Francisco \" href=\"https:\/\/www.radiosudamericana.com\/notix\/multimedia\/imagenes\/fotos\/2025-05-09\/721465.jpg\"><img decoding=\"async\" class=\"img-responsive\" src=\"https:\/\/www.radiosudamericana.com\/notix\/multimedia\/imagenes\/fotos\/2025-05-09\/721465.jpg_nota.jpg\" \/><\/a><\/p>\n<h2><strong>Francisco ten\u00eda en mente al nuevo papa<\/strong><\/h2>\n<p>Francisco, el primer papa latinoamericano, claramente ten\u00eda en mente a Prevost y en muchos sentidos lo ve\u00eda como su heredero aparente. Envi\u00f3 a Prevost, quien hab\u00eda pasado a\u00f1os como misionero en Per\u00fa, a hacerse cargo de una di\u00f3cesis complicada all\u00ed en 2014, luego lo llev\u00f3 al Vaticano en 2023 para dirigir el poderoso Dicasterio para los Obispos del Vaticano, que eval\u00faa las nominaciones de obispos en todo el mundo y es uno de los trabajos m\u00e1s importantes en la gobernanza de la Iglesia.<\/p>\n<p>A principios de este a\u00f1o,\u00a0Francisco elev\u00f3 a Prevost a las filas superiores de los cardenales,\u00a0d\u00e1ndole prominencia al entrar en el c\u00f3nclave que pocos otros cardenales ten\u00edan.<\/p>\n<p>Durante mucho tiempo hab\u00eda existido un tab\u00fa sobre tener un papa estadounidense, dado el estatus de superpotencia de Estados Unidos en el mundo secular, pero Prevost prevaleci\u00f3, quiz\u00e1s porque tambi\u00e9n es ciudadano peruano y hab\u00eda vivido durante dos d\u00e9cadas en Per\u00fa, primero como misionero y luego como obispo.<\/p>\n<p>&nbsp;<\/p>\n<p>Como para subrayar ese aspecto, Le\u00f3n habl\u00f3 en italiano y espa\u00f1ol desde la logia, pero no en ingl\u00e9s.<\/p>\n<p>Desde su llegada a Roma,\u00a0Prevost hab\u00eda mantenido una posici\u00f3n discreta,\u00a0pero era bien conocido por los hombres relevantes. Significativamente, presidi\u00f3 una de las reformas m\u00e1s revolucionarias que hizo Francisco, cuando\u00a0a\u00f1adi\u00f3 a tres mujeres al bloque de votaci\u00f3n\u00a0que decide qu\u00e9 nominaciones de obispos se env\u00edan al papa.<\/p>\n<p>En una entrevista de 2023 con Vatican News, el entonces cardenal dijo que las mujeres hab\u00edan enriquecido el proceso y reafirmado la necesidad de que los laicos tengan un papel m\u00e1s importante en la Iglesia.<\/p>\n<p>\u201cIncluso los obispos de Per\u00fa lo llamaban el santo,\u00a0el santo del norte, y ten\u00eda tiempo para todos\u201d, dijo el reverendo Alexander Lam, un fraile agustino de Per\u00fa que conoce al nuevo papa.<\/p>\n<h2><strong>Reacciones a un norteamericano<\/strong><\/h2>\n<p>La multitud en la plaza de San Pedro estall\u00f3 en v\u00edtores el jueves cuando el humo blanco sali\u00f3 de la capilla Sixtina poco despu\u00e9s de las seis de la tarde en el segundo d\u00eda del c\u00f3nclave. Agitando banderas de todo el mundo, decenas de miles de personas se sorprendieron una hora despu\u00e9s cuando el cardenal di\u00e1cono mayor anunci\u00f3 que el ganador era Prevost.<\/p>\n<p>El presidente de Estados Unidos, Donald Trump, dijo que era \u201cun gran honor para nuestro pa\u00eds\u201d que el nuevo papa fuera estadounidense. El presidente a\u00f1adi\u00f3 que \u201cestamos un poco sorprendidos y estamos felices\u201d.<\/p>\n<p><a class=\"fotos-desarrollo unlink\" title=\"En su primera misa, Le\u00f3n XIV record\u00f3 a Francisco \" href=\"https:\/\/www.radiosudamericana.com\/notix\/multimedia\/imagenes\/fotos\/2025-05-09\/454103.jpg\"><img decoding=\"async\" class=\"img-responsive\" src=\"https:\/\/www.radiosudamericana.com\/notix\/multimedia\/imagenes\/fotos\/2025-05-09\/454103.jpg_nota.jpg\" \/><\/a><\/p>\n<p>Dicho esto, Prevost ha compartido cr\u00edticas a las pol\u00edticas migratorias del gobierno de Trump. En publicaciones pasadas en redes sociales, Prevost comparti\u00f3 art\u00edculos criticando la justificaci\u00f3n del vicepresidente JD Vance de los planes de deportaci\u00f3n masiva del gobierno.<\/p>\n<h2><strong>Un papa agustino<\/strong><\/h2>\n<p>El \u00faltimo papa en tomar el nombre de Le\u00f3n fue Le\u00f3n XIII, un italiano que dirigi\u00f3 la Iglesia desde 1878 hasta 1903. Ese Le\u00f3n suaviz\u00f3 la postura confrontacional de la Iglesia hacia la modernidad, especialmente la ciencia y la pol\u00edtica, y sent\u00f3 las bases para el pensamiento social cat\u00f3lico moderno. Su enc\u00edclica m\u00e1s famosa, Rerum Novarum de 1891, abord\u00f3 los derechos de los trabajadores y el capitalismo al comienzo de la revoluci\u00f3n industrial y fue destacada por el Vaticano al explicar la elecci\u00f3n del nombre del nuevo papa.<\/p>\n<p>Ese Le\u00f3n tambi\u00e9n tiene v\u00ednculos cercanos con la orden agustiniana: reconstruy\u00f3 una antigua iglesia y convento agustiniano cerca de su ciudad natal de Carpineto, fuera de Roma, que todav\u00eda utiliza la orden hoy en d\u00eda.<\/p>\n<p>Los observadores del Vaticano dijeron que la decisi\u00f3n de Prevost de llamarse Le\u00f3n fue particularmente significativa dado el legado de justicia social y reforma del anterior Leo, sugiriendo continuidad con algunas de las principales preocupaciones de Francisco. Espec\u00edficamente, Le\u00f3n cit\u00f3 una de las prioridades clave de Francisco de hacer que la Iglesia cat\u00f3lica sea m\u00e1s atenta a los laicos e inclusiva, un proceso conocido como sinodalidad.<\/p>\n<p>\u201cEst\u00e1 continuando gran parte del ministerio de Francisco\u201d, dijo Natalia Imperatori-Lee, presidenta de estudios religiosos en la Universidad de Manhattan en el Bronx. Pero tambi\u00e9n dijo que su elecci\u00f3n podr\u00eda enviar un mensaje a la Iglesia de Estados Unidos, que ha estado muy dividida entre conservadores y progresistas. Gran parte de la oposici\u00f3n de derecha a Francisco ha venido de all\u00ed.<\/p>\n<p>\u201cCreo que va a ser emocionante ver un tipo diferente de catolicismo estadounidense en Roma\u201d, dijo Imperatori-Lee.<\/p>\n<p>Le\u00f3n, por su parte, en una entrevista de 2023 con Vatican News dijo que la polarizaci\u00f3n en la Iglesia era una herida que deb\u00eda ser sanada.<\/p>\n<p>\u201cLas divisiones y pol\u00e9micas en la Iglesia no ayudan en nada. Nosotros, los obispos, especialmente debemos acelerar este movimiento hacia la unidad, hacia la comuni\u00f3n en la Iglesia\u201d, dijo.<\/p>\n<p>El arzobispo Bernard Hebda, de la arquidi\u00f3cesis de St. Paul y Minneapolis, dijo a los periodistas que nunca pens\u00f3 que ver\u00eda un papa estadounidense, dadas las preguntas sobre c\u00f3mo gestionar\u00eda la relaci\u00f3n con un presidente de Estados Unidos, especialmente alguien como Trump.<\/p>\n<p><a class=\"fotos-desarrollo unlink\" title=\"En su primera misa, Le\u00f3n XIV record\u00f3 a Francisco \" href=\"https:\/\/www.radiosudamericana.com\/notix\/multimedia\/imagenes\/fotos\/2025-05-09\/847316.jpg\"><img decoding=\"async\" class=\"img-responsive\" src=\"https:\/\/www.radiosudamericana.com\/notix\/multimedia\/imagenes\/fotos\/2025-05-09\/847316.jpg_nota.jpg\" \/><\/a><\/p>\n<p>\u201cY as\u00ed que nunca imagin\u00e9 que tendr\u00edamos un papa estadounidense, y tengo gran confianza en que el papa Le\u00f3n har\u00e1 un trabajo maravilloso manejando eso\u201d, dijo.<\/p>\n<p>El hermano de Le\u00f3n, John Prevost, estaba tan sorprendido de que su hermano hubiera sido elegido papa que perdi\u00f3 varias llamadas telef\u00f3nicas de \u00e9l durante una entrevista el jueves con The Associated Press. Llam\u00f3 al papa de vuelta y Le\u00f3n le dijo que no estaba interesado en formar parte de la entrevista.<\/p>\n<p>John Prevost describi\u00f3 a su hermano, un fan\u00e1tico de Wordle, como alguien muy preocupado por los pobres y aquellos que no tienen voz. Dijo que espera que sea un \u201csegundo Papa Francisco\u201d.<\/p>\n<p>\u201cNo va a ser realmente de extrema izquierda ni de extrema derecha\u201d, a\u00f1adi\u00f3. \u201cM\u00e1s bien justo en el medio\u201d.<\/p>\n<h2><strong>Mirando hacia adelante<\/strong><\/h2>\n<p>En sus primeras horas como papa,\u00a0Le\u00f3n regres\u00f3 a su antiguo apartamento en el Palacio de Sant\u2019Uffizio para ver a sus colegas, seg\u00fan selfies publicadas en redes sociales. Los medios del Vaticano tambi\u00e9n lo mostraron en los momentos despu\u00e9s de su elecci\u00f3n rezando en un reclinatorio en la capilla Paulina antes de aparecer en la logia.<\/p>\n<p>El domingo ofrecer\u00e1 su\u00a0primera bendici\u00f3n dominical\u00a0al mediod\u00eda desde San Pedro y asistir\u00e1 a una\u00a0audiencia con los medios el lunes en el auditorio del Vaticano,\u00a0dijo el portavoz del Vaticano Matteo Bruni.<\/p>\n<p>M\u00e1s all\u00e1 de eso, tiene un posible primer viaje al extranjero a finales de mayo: Francisco hab\u00eda sido invitado a viajar a Turqu\u00eda para conmemorar el 1.700 aniversario del Primer Concilio de Nicea, un evento hist\u00f3rico en la historia cristiana y un momento importante en las relaciones cat\u00f3lico-ortodoxas.<\/p>\n<p>El nuevo papa fue anteriormente el prior general, o l\u00edder, de la\u00a0Orden de San Agust\u00edn, que se form\u00f3 en el siglo XIII como una comunidad de frailes \u201cmendicantes\u201d, dedicados a la pobreza, el servicio y la evangelizaci\u00f3n. Vatican News dijo que Leo es el primer papa agustino.<\/p>\n<p>En Per\u00fa es conocido como el misionero santo que atraves\u00f3 el barro despu\u00e9s de que las lluvias torrenciales inundaran la regi\u00f3n, llevando ayuda a las personas necesitadas, y como el obispo que\u00a0encabez\u00f3 la compra salvadora de plantas de producci\u00f3n de ox\u00edgeno durante la pandemia de COVID-19.<\/p>\n<p>\u201cNo tiene problema en arreglar un cami\u00f3n averiado hasta que funcione\u201d, a\u00f1adi\u00f3 Janinna Sesa, quien conoci\u00f3 a Prevost mientras trabajaba para la organizaci\u00f3n ben\u00e9fica\u00a0C\u00e1ritas de la Iglesia.<\/p>\n<\/div>\n","protected":false},"excerpt":{"rendered":"<p>&nbsp; El papa\u00a0Le\u00f3n XIV, el primer pont\u00edfice norteamericano de la historia, presidi\u00f3 su primera misa ante los cardenales y les dijo que \u201custedes me han llamado a llevar la cruz y a ser bendecido\u201d, adem\u00e1s de pedir su ayuda para difundir la fe cat\u00f3lica. Fue la primera vez que Le\u00f3n hizo comentarios p\u00fablicos en ingl\u00e9s,\u00a0despu\u00e9s [&hellip;]<\/p>\n","protected":false},"author":3,"featured_media":62942,"comment_status":"open","ping_status":"open","sticky":false,"template":"","format":"standard","meta":{"footnotes":""},"categories":[5,11],"tags":[136],"class_list":["post-62941","post","type-post","status-publish","format-standard","has-post-thumbnail","hentry","category-internacionales","category-sociedad","tag-destacados"],"_links":{"self":[{"href":"http:\/\/informateesquina.com\/index.php?rest_route=\/wp\/v2\/posts\/62941","targetHints":{"allow":["GET"]}}],"collection":[{"href":"http:\/\/informateesquina.com\/index.php?rest_route=\/wp\/v2\/posts"}],"about":[{"href":"http:\/\/informateesquina.com\/index.php?rest_route=\/wp\/v2\/types\/post"}],"author":[{"embeddable":true,"href":"http:\/\/informateesquina.com\/index.php?rest_route=\/wp\/v2\/users\/3"}],"replies":[{"embeddable":true,"href":"http:\/\/informateesquina.com\/index.php?rest_route=%2Fwp%2Fv2%2Fcomments&post=62941"}],"version-history":[{"count":1,"href":"http:\/\/informateesquina.com\/index.php?rest_route=\/wp\/v2\/posts\/62941\/revisions"}],"predecessor-version":[{"id":62943,"href":"http:\/\/informateesquina.com\/index.php?rest_route=\/wp\/v2\/posts\/62941\/revisions\/62943"}],"wp:featuredmedia":[{"embeddable":true,"href":"http:\/\/informateesquina.com\/index.php?rest_route=\/wp\/v2\/media\/62942"}],"wp:attachment":[{"href":"http:\/\/informateesquina.com\/index.php?rest_route=%2Fwp%2Fv2%2Fmedia&parent=62941"}],"wp:term":[{"taxonomy":"category","embeddable":true,"href":"http:\/\/informateesquina.com\/index.php?rest_route=%2Fwp%2Fv2%2Fcategories&post=62941"},{"taxonomy":"post_tag","embeddable":true,"href":"http:\/\/informateesquina.com\/index.php?rest_route=%2Fwp%2Fv2%2Ftags&post=62941"}],"curies":[{"name":"wp","href":"https:\/\/api.w.org\/{rel}","templated":true}]}}