{"id":62945,"date":"2025-05-09T23:46:46","date_gmt":"2025-05-10T02:46:46","guid":{"rendered":"https:\/\/informateesquina.com\/?p=62945"},"modified":"2025-05-09T23:47:05","modified_gmt":"2025-05-10T02:47:05","slug":"chaco-murio-el-policia-que-se-descompenso-en-un-riguroso-curso-de-infanteria","status":"publish","type":"post","link":"http:\/\/informateesquina.com\/?p=62945","title":{"rendered":"Chaco: muri\u00f3 el polic\u00eda que se descompens\u00f3 en un riguroso curso de Infanter\u00eda"},"content":{"rendered":"<header>La gravedad del episodio sorprendi\u00f3 a todos. Los partes m\u00e9dicos difundidos por el hospital daban cuenta de un cuadro alarmante: deshidrataci\u00f3n severa, rabdomi\u00f3lisis \u2014una peligrosa alteraci\u00f3n muscular\u2014 y la necesidad de permanecer conectado a asistencia respiratoria mec\u00e1nica. Lamentablemente, su estado era cr\u00edtico desde el inicio de la internaci\u00f3n y, pese al esfuerzo de los profesionales, no pudo revertirse.<\/header>\n<section class=\"body\">\n<section class=\"content\">\n<div class=\"main-text\">\n<div class=\" large m_image\">\n<figure><picture><source srcset=\"https:\/\/www.radiodos.com.ar\/content\/bucket\/0\/261360w790h432c.jpg.webp\" type=\"image\/webp\" media=\"(min-width: 640px)\" \/><source srcset=\"https:\/\/www.radiodos.com.ar\/content\/bucket\/0\/261360w440h241c.jpg.webp\" type=\"image\/webp\" media=\"(min-width: 300px)\" \/><source srcset=\"https:\/\/www.radiodos.com.ar\/content\/bucket\/0\/261360w790h432c.jpg\" media=\"(min-width: 300px)\" \/><img loading=\"lazy\" decoding=\"async\" class=\"pic\" src=\"https:\/\/www.radiodos.com.ar\/content\/bucket\/0\/261360w790h432c.jpg.webp\" alt=\"\" width=\"790\" height=\"432\" \/><\/picture><\/figure>\n<\/div>\n<p>Agust\u00edn Duarte integraba el equipo de la Comisar\u00eda de San Mart\u00edn y participaba junto a otros 46 efectivos policiales en el Curso B\u00e1sico Nacional e Internacional de Infanter\u00eda 2025, bajo la coordinaci\u00f3n del comisario inspector Miguel Agued. Tras el tr\u00e1gico desenlace, Agued qued\u00f3 en el centro de una investigaci\u00f3n que busca esclarecer las condiciones de la capacitaci\u00f3n y el desempe\u00f1o del liderazgo en la jornada que prob\u00f3 ser fat\u00eddica.<\/p>\n<p>El desarrollo del curso se inici\u00f3 en la madrugada del lunes, bajo condiciones ya exigentes. Seg\u00fan las declaraciones oficiales del jefe de prensa de la Polic\u00eda chaque\u00f1a, Alejandro Dom\u00ednguez, los efectivos iniciaron la jornada a las 5.30 trotando varios kil\u00f3metros hasta el Parque Caraguat\u00e1, donde reci\u00e9n se hidrataron y recibieron un modesto desayuno. El itinerario continu\u00f3 hacia el pol\u00edgono policial de Colonia Ben\u00edtez, lugar en que Duarte comenz\u00f3 a mostrar signos de descompensaci\u00f3n y, finalmente, colaps\u00f3. A las 12.20 del mediod\u00eda fue ingresado en estado grave al Perrando.<\/p>\n<p>La preocupaci\u00f3n crece a\u00fan m\u00e1s porque no fue el \u00fanico afectado. Otro uniformado, Germ\u00e1n Franco, tambi\u00e9n colaps\u00f3 y permanece internado con un diagn\u00f3stico de insuficiencia renal aguda, rabdomi\u00f3lisis e hipovolemia, bajo pron\u00f3stico reservado.<\/p>\n<p>La noticia abre inc\u00f3gnitas sobre el control y la seguridad en entrenamientos intensos de las fuerzas.<\/p>\n<p>&nbsp;<\/p>\n<\/div>\n<\/section>\n<\/section>\n","protected":false},"excerpt":{"rendered":"<p>La gravedad del episodio sorprendi\u00f3 a todos. Los partes m\u00e9dicos difundidos por el hospital daban cuenta de un cuadro alarmante: deshidrataci\u00f3n severa, rabdomi\u00f3lisis \u2014una peligrosa alteraci\u00f3n muscular\u2014 y la necesidad de permanecer conectado a asistencia respiratoria mec\u00e1nica. Lamentablemente, su estado era cr\u00edtico desde el inicio de la internaci\u00f3n y, pese al esfuerzo de los profesionales, [&hellip;]<\/p>\n","protected":false},"author":3,"featured_media":62946,"comment_status":"open","ping_status":"open","sticky":false,"template":"","format":"standard","meta":{"footnotes":""},"categories":[8],"tags":[],"class_list":["post-62945","post","type-post","status-publish","format-standard","has-post-thumbnail","hentry","category-policiales"],"_links":{"self":[{"href":"http:\/\/informateesquina.com\/index.php?rest_route=\/wp\/v2\/posts\/62945","targetHints":{"allow":["GET"]}}],"collection":[{"href":"http:\/\/informateesquina.com\/index.php?rest_route=\/wp\/v2\/posts"}],"about":[{"href":"http:\/\/informateesquina.com\/index.php?rest_route=\/wp\/v2\/types\/post"}],"author":[{"embeddable":true,"href":"http:\/\/informateesquina.com\/index.php?rest_route=\/wp\/v2\/users\/3"}],"replies":[{"embeddable":true,"href":"http:\/\/informateesquina.com\/index.php?rest_route=%2Fwp%2Fv2%2Fcomments&post=62945"}],"version-history":[{"count":3,"href":"http:\/\/informateesquina.com\/index.php?rest_route=\/wp\/v2\/posts\/62945\/revisions"}],"predecessor-version":[{"id":62949,"href":"http:\/\/informateesquina.com\/index.php?rest_route=\/wp\/v2\/posts\/62945\/revisions\/62949"}],"wp:featuredmedia":[{"embeddable":true,"href":"http:\/\/informateesquina.com\/index.php?rest_route=\/wp\/v2\/media\/62946"}],"wp:attachment":[{"href":"http:\/\/informateesquina.com\/index.php?rest_route=%2Fwp%2Fv2%2Fmedia&parent=62945"}],"wp:term":[{"taxonomy":"category","embeddable":true,"href":"http:\/\/informateesquina.com\/index.php?rest_route=%2Fwp%2Fv2%2Fcategories&post=62945"},{"taxonomy":"post_tag","embeddable":true,"href":"http:\/\/informateesquina.com\/index.php?rest_route=%2Fwp%2Fv2%2Ftags&post=62945"}],"curies":[{"name":"wp","href":"https:\/\/api.w.org\/{rel}","templated":true}]}}