{"id":62953,"date":"2025-05-11T18:09:55","date_gmt":"2025-05-11T21:09:55","guid":{"rendered":"https:\/\/informateesquina.com\/?p=62953"},"modified":"2025-05-11T18:09:55","modified_gmt":"2025-05-11T21:09:55","slug":"estaba-pescando-se-metio-a-desenredar-la-linea-y-se-ahogo","status":"publish","type":"post","link":"http:\/\/informateesquina.com\/?p=62953","title":{"rendered":"Estaba pescando, se meti\u00f3 a desenredar la l\u00ednea y se ahog\u00f3"},"content":{"rendered":"<div>\n<p class=\"copete\">En la tarde de este s\u00e1bado, polic\u00edas de la Comisar\u00eda Primera de Esquina, un hombre se ahog\u00f3 en el R\u00edo Corriente. El mismo se hallaba pescando junto a otra persona. Personal de la Prefectura Naval Argentina, hall\u00f3 el cuerpo sin vida en las aguas del citado r\u00edo.<\/p>\n<div>\n<div class=\"fotos-y-videos\">\n<div class=\"tab-content\">\n<div id=\"fotos\" class=\"tab-pane fade in active\" role=\"tabpanel\"><a class=\"fotos-desarrollo unlink\" title=\"Estaba pescando, se meti\u00f3 a desenredar la l\u00ednea y se ahog\u00f3\" href=\"https:\/\/www.radiosudamericana.com\/notix\/multimedia\/imagenes\/fotos\/2025-05-11\/472156.jpg\"><img loading=\"lazy\" decoding=\"async\" class=\"img-responsive lazyload center-block\" src=\"https:\/\/www.radiosudamericana.com\/notix\/multimedia\/imagenes\/fotos\/2025-05-11\/472156.jpg_nota.jpg\" alt=\"Estaba pescando, se meti\u00f3 a desenredar la l\u00ednea y se ahog\u00f3\" width=\"700\" height=\"525\" \/><\/a><\/div>\n<\/div>\n<\/div>\n<div class=\"cuerpo\">\n<p>Seg\u00fan la informaci\u00f3n inicial, el hecho se registr\u00f3 cerca de las 18 en el R\u00edo Corriente, cuando un hombre de apellido Encina, se hallaba pescando junto a otra persona. En un momento dado, la l\u00ednea se habr\u00eda atascado, motivo por el cual ingres\u00f3 al agua.<\/p>\n<p>Por causas que a\u00fan se desconocen, habr\u00eda desaparecido de la superficie acu\u00e1tica. En el lugar, Personal de Prefectura Naval Argentina, se aboco a las tareas de b\u00fasqueda y siendo las 23:00 horas aproximadamente, hallaron el cuerpo sin vida del hombre, en zonas cercanas a su desaparici\u00f3n.<\/p>\n<p>Al respecto se dio intervenci\u00f3n a la Unidad Fiscal en turno y en la citada dependencia se llevan a cabo las distintas diligencias del caso.<\/p>\n<p>Radio Sudamericana<\/p>\n<\/div>\n<\/div>\n<\/div>\n","protected":false},"excerpt":{"rendered":"<p>En la tarde de este s\u00e1bado, polic\u00edas de la Comisar\u00eda Primera de Esquina, un hombre se ahog\u00f3 en el R\u00edo Corriente. El mismo se hallaba pescando junto a otra persona. Personal de la Prefectura Naval Argentina, hall\u00f3 el cuerpo sin vida en las aguas del citado r\u00edo. Seg\u00fan la informaci\u00f3n inicial, el hecho se registr\u00f3 [&hellip;]<\/p>\n","protected":false},"author":3,"featured_media":62954,"comment_status":"open","ping_status":"open","sticky":false,"template":"","format":"standard","meta":{"footnotes":""},"categories":[8],"tags":[],"class_list":["post-62953","post","type-post","status-publish","format-standard","has-post-thumbnail","hentry","category-policiales"],"_links":{"self":[{"href":"http:\/\/informateesquina.com\/index.php?rest_route=\/wp\/v2\/posts\/62953","targetHints":{"allow":["GET"]}}],"collection":[{"href":"http:\/\/informateesquina.com\/index.php?rest_route=\/wp\/v2\/posts"}],"about":[{"href":"http:\/\/informateesquina.com\/index.php?rest_route=\/wp\/v2\/types\/post"}],"author":[{"embeddable":true,"href":"http:\/\/informateesquina.com\/index.php?rest_route=\/wp\/v2\/users\/3"}],"replies":[{"embeddable":true,"href":"http:\/\/informateesquina.com\/index.php?rest_route=%2Fwp%2Fv2%2Fcomments&post=62953"}],"version-history":[{"count":1,"href":"http:\/\/informateesquina.com\/index.php?rest_route=\/wp\/v2\/posts\/62953\/revisions"}],"predecessor-version":[{"id":62955,"href":"http:\/\/informateesquina.com\/index.php?rest_route=\/wp\/v2\/posts\/62953\/revisions\/62955"}],"wp:featuredmedia":[{"embeddable":true,"href":"http:\/\/informateesquina.com\/index.php?rest_route=\/wp\/v2\/media\/62954"}],"wp:attachment":[{"href":"http:\/\/informateesquina.com\/index.php?rest_route=%2Fwp%2Fv2%2Fmedia&parent=62953"}],"wp:term":[{"taxonomy":"category","embeddable":true,"href":"http:\/\/informateesquina.com\/index.php?rest_route=%2Fwp%2Fv2%2Fcategories&post=62953"},{"taxonomy":"post_tag","embeddable":true,"href":"http:\/\/informateesquina.com\/index.php?rest_route=%2Fwp%2Fv2%2Ftags&post=62953"}],"curies":[{"name":"wp","href":"https:\/\/api.w.org\/{rel}","templated":true}]}}