{"id":62956,"date":"2025-05-11T18:12:50","date_gmt":"2025-05-11T21:12:50","guid":{"rendered":"https:\/\/informateesquina.com\/?p=62956"},"modified":"2025-05-11T18:12:50","modified_gmt":"2025-05-11T21:12:50","slug":"un-diputado-cordobes-choco-y-mato-a-una-mujer-en-la-ruta-no-6","status":"publish","type":"post","link":"http:\/\/informateesquina.com\/?p=62956","title":{"rendered":"Un diputado cordob\u00e9s choc\u00f3 y mat\u00f3 a una mujer en la Ruta N\u00ba 6"},"content":{"rendered":"<div>\n<p class=\"copete\">Carlos Briner, legislador provincial por la UCR, fue trasladado a un hospital local con heridas graves, pero est\u00e1 fuera de peligro.<\/p>\n<div class=\"fotos-y-videos\">\n<div class=\"tab-content\">\n<div id=\"fotos\" class=\"tab-pane fade in active\" role=\"tabpanel\"><a class=\"fotos-desarrollo unlink\" title=\"Un diputado cordob\u00e9s choc\u00f3 y mat\u00f3 a una mujer en la Ruta N\u00ba 6\" href=\"https:\/\/www.radiosudamericana.com\/notix\/multimedia\/imagenes\/fotos\/2025-05-11\/983351.png\"><img loading=\"lazy\" decoding=\"async\" class=\"img-responsive lazyload center-block\" src=\"https:\/\/www.radiosudamericana.com\/notix\/multimedia\/imagenes\/fotos\/2025-05-11\/983351.png_nota.png\" alt=\"Un diputado cordob\u00e9s choc\u00f3 y mat\u00f3 a una mujer en la Ruta N\u00ba 6\" width=\"700\" height=\"392\" \/><\/a><\/div>\n<\/div>\n<\/div>\n<p>&nbsp;<\/p>\n<div class=\"cuerpo\">\n<p>Un diputado cordob\u00e9s qued\u00f3 involucrado en un\u00a0accidente\u00a0ocurrido en la noche del viernes en la Ruta Provincial 6, a\u00a0<strong>la altura de Exaltaci\u00f3n de la Cruz.<\/strong>\u00a0Es\u00a0Carlos Briner, legislador por la UCR, que se trasladaba en una camioneta Ford Territory cuando, a la altura del kil\u00f3metro 178, choc\u00f3 contra un Chevrolet Onix.<\/p>\n<p>La mujer que conduc\u00eda el auto muri\u00f3 en el lugar, mientras que el funcionario qued\u00f3 internado, con heridas de gravedad, aunque fuera de peligro.<\/p>\n<p><a class=\"fotos-desarrollo unlink\" title=\"Un diputado cordob\u00e9s choc\u00f3 y mat\u00f3 a una mujer en la Ruta N\u00ba 6\" href=\"https:\/\/www.radiosudamericana.com\/notix\/multimedia\/imagenes\/fotos\/2025-05-11\/412225.png\"><img decoding=\"async\" class=\"img-responsive\" src=\"https:\/\/www.radiosudamericana.com\/notix\/multimedia\/imagenes\/fotos\/2025-05-11\/412225.png_nota.png\" \/><\/a><\/p>\n<p>Las fuentes policiales indicaron que el accidente ocurri\u00f3 en el cruce con la Ruta provincial 6 y la localidad de Justiniano Posse. Ambos veh\u00edculos viajaban en sentido oeste-este y se produjo un choque por alcance, inform\u00f3 el diario\u00a0La Voz.<\/p>\n<p>De acuerdo con la investigaci\u00f3n preliminar, el Chevrolet Onix habr\u00eda intentado girar en \u201cU\u201d cuando fue impactado de frente por la camioneta. Las autoridades se\u00f1alaron que el auto qued\u00f3 totalmente destruido.\u00a0<strong>Por el momento, la polic\u00eda no estableci\u00f3 las causas que provocaron el accidente.<\/strong><\/p>\n<p><a class=\"fotos-desarrollo unlink\" title=\"Un diputado cordob\u00e9s choc\u00f3 y mat\u00f3 a una mujer en la Ruta N\u00ba 6\" href=\"https:\/\/www.radiosudamericana.com\/notix\/multimedia\/imagenes\/fotos\/2025-05-11\/325798.png\"><img decoding=\"async\" class=\"img-responsive\" src=\"https:\/\/www.radiosudamericana.com\/notix\/multimedia\/imagenes\/fotos\/2025-05-11\/325798.png_nota.png\" \/><\/a><\/p>\n<p>La v\u00edctima es\u00a0Adriana del Valle Ladr\u00f3n de Guevara, de 63 a\u00f1os, muri\u00f3 en el lugar, seg\u00fan constat\u00f3 el personal de RE Emergencias.<\/p>\n<p>Briner, exintendente de Bell Ville, fue trasladado de emergencia al hospital local. De acuerdo con el diario cordob\u00e9s, el legislador entr\u00f3 consciente, pero fue derivado a cuidados intensivos por precauci\u00f3n y a\u00fan est\u00e1 bajo observaci\u00f3n.<\/p>\n<p>&nbsp;<\/p>\n<div id=\"leermas\">Radio Sudamericana<\/div>\n<\/div>\n<\/div>\n","protected":false},"excerpt":{"rendered":"<p>Carlos Briner, legislador provincial por la UCR, fue trasladado a un hospital local con heridas graves, pero est\u00e1 fuera de peligro. &nbsp; Un diputado cordob\u00e9s qued\u00f3 involucrado en un\u00a0accidente\u00a0ocurrido en la noche del viernes en la Ruta Provincial 6, a\u00a0la altura de Exaltaci\u00f3n de la Cruz.\u00a0Es\u00a0Carlos Briner, legislador por la UCR, que se trasladaba en [&hellip;]<\/p>\n","protected":false},"author":3,"featured_media":62957,"comment_status":"open","ping_status":"open","sticky":false,"template":"","format":"standard","meta":{"footnotes":""},"categories":[8],"tags":[],"class_list":["post-62956","post","type-post","status-publish","format-standard","has-post-thumbnail","hentry","category-policiales"],"_links":{"self":[{"href":"http:\/\/informateesquina.com\/index.php?rest_route=\/wp\/v2\/posts\/62956","targetHints":{"allow":["GET"]}}],"collection":[{"href":"http:\/\/informateesquina.com\/index.php?rest_route=\/wp\/v2\/posts"}],"about":[{"href":"http:\/\/informateesquina.com\/index.php?rest_route=\/wp\/v2\/types\/post"}],"author":[{"embeddable":true,"href":"http:\/\/informateesquina.com\/index.php?rest_route=\/wp\/v2\/users\/3"}],"replies":[{"embeddable":true,"href":"http:\/\/informateesquina.com\/index.php?rest_route=%2Fwp%2Fv2%2Fcomments&post=62956"}],"version-history":[{"count":1,"href":"http:\/\/informateesquina.com\/index.php?rest_route=\/wp\/v2\/posts\/62956\/revisions"}],"predecessor-version":[{"id":62958,"href":"http:\/\/informateesquina.com\/index.php?rest_route=\/wp\/v2\/posts\/62956\/revisions\/62958"}],"wp:featuredmedia":[{"embeddable":true,"href":"http:\/\/informateesquina.com\/index.php?rest_route=\/wp\/v2\/media\/62957"}],"wp:attachment":[{"href":"http:\/\/informateesquina.com\/index.php?rest_route=%2Fwp%2Fv2%2Fmedia&parent=62956"}],"wp:term":[{"taxonomy":"category","embeddable":true,"href":"http:\/\/informateesquina.com\/index.php?rest_route=%2Fwp%2Fv2%2Fcategories&post=62956"},{"taxonomy":"post_tag","embeddable":true,"href":"http:\/\/informateesquina.com\/index.php?rest_route=%2Fwp%2Fv2%2Ftags&post=62956"}],"curies":[{"name":"wp","href":"https:\/\/api.w.org\/{rel}","templated":true}]}}