{"id":62959,"date":"2025-05-12T08:20:27","date_gmt":"2025-05-12T11:20:27","guid":{"rendered":"https:\/\/informateesquina.com\/?p=62959"},"modified":"2025-05-12T08:20:27","modified_gmt":"2025-05-12T11:20:27","slug":"leon-xiv-pidio-la-liberacion-de-periodistas-encarcelados-por-buscar-la-verdad","status":"publish","type":"post","link":"http:\/\/informateesquina.com\/?p=62959","title":{"rendered":"Le\u00f3n XIV pidi\u00f3 la liberaci\u00f3n de periodistas encarcelados por buscar la verdad"},"content":{"rendered":"<div>\n<p class=\"copete\">En su primer contacto formal con la prensa el Sumo Pont\u00edfice ley\u00f3 un texto en el que tambi\u00e9n se enfoc\u00f3 en las dificultades de los medios de comunicaci\u00f3n: \u201cVivimos tiempos dif\u00edciles de navegar y de contar\u201d<\/p>\n<div>\n<div class=\"fotos-y-videos\">\n<div class=\"tab-content\">\n<div id=\"fotos\" class=\"tab-pane fade in active\" role=\"tabpanel\"><a class=\"fotos-desarrollo unlink\" title=\"Le\u00f3n XIV pidi\u00f3 la liberaci\u00f3n de periodistas encarcelados por buscar la verdad\" href=\"https:\/\/www.radiosudamericana.com\/notix\/multimedia\/imagenes\/fotos\/2025-05-12\/511238.jpg\"><img loading=\"lazy\" decoding=\"async\" class=\"img-responsive lazyload center-block\" src=\"https:\/\/www.radiosudamericana.com\/notix\/multimedia\/imagenes\/fotos\/2025-05-12\/511238.jpg_nota.jpg\" alt=\"Le\u00f3n XIV pidi\u00f3 la liberaci\u00f3n de periodistas encarcelados por buscar la verdad\" width=\"700\" height=\"466\" \/><\/a><\/div>\n<\/div>\n<\/div>\n<div class=\"cuerpo\">\n<p>El papa\u00a0Le\u00f3n XIV\u00a0pidi\u00f3 este lunes la\u00a0liberaci\u00f3n de los periodistas encarcelados\u00a0en el mundo, durante su primer encuentro con la prensa internacional en el Vaticano.<\/p>\n<p>\u201cPerm\u00edtanme reiterar la solidaridad de la Iglesia con\u00a0los periodistas encarcelados por haber buscado y contado la verdad, y pedir su liberaci\u00f3n\u201d, reclam\u00f3 el segundo pont\u00edfice de las Am\u00e9ricas tras Francisco.<\/p>\n<p>Le\u00f3n XIV\u00a0mantuvo este lunes su\u00a0primera audiencia con la prensa acreditada en el Vaticano, un encuentro programado en el\u00a0aula Pablo VI.<\/p>\n<p><a class=\"fotos-desarrollo unlink\" title=\"Le\u00f3n XIV pidi\u00f3 la liberaci\u00f3n de periodistas encarcelados por buscar la verdad\" href=\"https:\/\/www.radiosudamericana.com\/notix\/multimedia\/imagenes\/fotos\/2025-05-12\/842880.jpg\"><img decoding=\"async\" class=\"img-responsive\" src=\"https:\/\/www.radiosudamericana.com\/notix\/multimedia\/imagenes\/fotos\/2025-05-12\/842880.jpg_nota.jpg\" \/><\/a><\/p>\n<p>Fue el primer contacto formal del nuevo pont\u00edfice con los medios de comunicaci\u00f3n desde su elecci\u00f3n el\u00a08 de mayo.\u00a0Aprovech\u00f3 la ocasi\u00f3n para requeror a los medios de comunicaci\u00f3n que elijan \u201ccon conciencia y valent\u00eda el camino de una comunicaci\u00f3n de paz\u201d, y consider\u00f3:\u00a0\u201cDesarmemos las palabras y ayudaremos a desarmar la Tierra\u201d.<\/p>\n<p>El papa estadounidense se\u00f1al\u00f3 adem\u00e1s que \u201cvivimos tiempos dif\u00edciles de navegar y de contar, que suponen un desaf\u00edo para todos nosotros y del que no debemos escapar\u201d. Y pidi\u00f3 que \u201cnunca nos rindamos ante la mediocridad\u201d.<\/p>\n<p>Le\u00f3n recibi\u00f3 una ovaci\u00f3n de pie al entrar en el auditorio del Vaticano para su primer encuentro con representantes del p\u00fablico.<\/p>\n<p>El pont\u00edfice, afirm\u00f3 en tono de broma que,\u00a0los aplausos iniciales \u201cno significan mucho\u201d, pero que agradecer\u00eda que estuvieran \u201ca\u00fan despiertos\u201d para aplaudir al final.<\/p>\n<p>&nbsp;<\/p>\n<div id=\"embeds\" class=\"inser center-block\"><iframe loading=\"lazy\" title=\"Vatican Media Live - Espa\u00c3\u00b1ol\" src=\"https:\/\/www.youtube.com\/embed\/m6hE6Cr8CbE\" width=\"640\" height=\"400\" frameborder=\"0\" allowfullscreen=\"allowfullscreen\" data-mce-fragment=\"1\"><\/iframe><\/div>\n<p>&nbsp;<\/p>\n<p>En su discurso posterior, Le\u00f3n XIV inst\u00f3 a los periodistas a contribuir a poner fin a la polarizante \u201cguerra de palabras\u201d, compuesta de ataques partidistas e ideol\u00f3gicos, y a no dar cabida al fanatismo y al odio.<\/p>\n<p>A\u00f1adi\u00f3 que\u00a0la inteligencia artificial debe utilizarse con \u201cresponsabilidad y discernimiento\u201d.<\/p>\n<p>El misionero agustino de 69 a\u00f1os, elegido en un c\u00f3nclave de 24 horas la semana pasada, inst\u00f3 a los periodistas a usar palabras por la paz, rechazar la guerra y dar voz a quienes no la tienen.<\/p>\n<p>Expres\u00f3 su solidaridad con los periodistas de todo el mundo que han sido encarcelados por intentar buscar y divulgar la verdad. Entre aplausos de la multitud, pidi\u00f3 su liberaci\u00f3n.<\/p>\n<p>&nbsp;<\/p>\n<p>\u201cLa Iglesia reconoce en estos testigos \u2014pienso en quienes informan sobre la guerra incluso a costa de sus vidas\u2014 la valent\u00eda de quienes defienden la dignidad, la justicia y el derecho de las personas a estar informadas, porque solo las personas informadas pueden tomar decisiones libres\u201d, afirm\u00f3.<\/p>\n<p>El sufrimiento de estos periodistas encarcelados interpela la conciencia de las naciones y de la comunidad internacional, y nos insta a todos a salvaguardar el preciado don de la libertad de expresi\u00f3n y de prensa.<\/p>\n<\/div>\n<\/div>\n<div id=\"Native-MultiPlex\" data-google-query-id=\"COjliuHnnY0DFUVs3QIdSxklbw\">\n<div id=\"google_ads_iframe_\/21849154601,21669678094\/Ad.Plus-MultiPlex_0__container__\">Radio Sudamericana<\/div>\n<\/div>\n<\/div>\n","protected":false},"excerpt":{"rendered":"<p>En su primer contacto formal con la prensa el Sumo Pont\u00edfice ley\u00f3 un texto en el que tambi\u00e9n se enfoc\u00f3 en las dificultades de los medios de comunicaci\u00f3n: \u201cVivimos tiempos dif\u00edciles de navegar y de contar\u201d El papa\u00a0Le\u00f3n XIV\u00a0pidi\u00f3 este lunes la\u00a0liberaci\u00f3n de los periodistas encarcelados\u00a0en el mundo, durante su primer encuentro con la prensa [&hellip;]<\/p>\n","protected":false},"author":3,"featured_media":62960,"comment_status":"open","ping_status":"open","sticky":false,"template":"","format":"standard","meta":{"footnotes":""},"categories":[11],"tags":[],"class_list":["post-62959","post","type-post","status-publish","format-standard","has-post-thumbnail","hentry","category-sociedad"],"_links":{"self":[{"href":"http:\/\/informateesquina.com\/index.php?rest_route=\/wp\/v2\/posts\/62959","targetHints":{"allow":["GET"]}}],"collection":[{"href":"http:\/\/informateesquina.com\/index.php?rest_route=\/wp\/v2\/posts"}],"about":[{"href":"http:\/\/informateesquina.com\/index.php?rest_route=\/wp\/v2\/types\/post"}],"author":[{"embeddable":true,"href":"http:\/\/informateesquina.com\/index.php?rest_route=\/wp\/v2\/users\/3"}],"replies":[{"embeddable":true,"href":"http:\/\/informateesquina.com\/index.php?rest_route=%2Fwp%2Fv2%2Fcomments&post=62959"}],"version-history":[{"count":1,"href":"http:\/\/informateesquina.com\/index.php?rest_route=\/wp\/v2\/posts\/62959\/revisions"}],"predecessor-version":[{"id":62961,"href":"http:\/\/informateesquina.com\/index.php?rest_route=\/wp\/v2\/posts\/62959\/revisions\/62961"}],"wp:featuredmedia":[{"embeddable":true,"href":"http:\/\/informateesquina.com\/index.php?rest_route=\/wp\/v2\/media\/62960"}],"wp:attachment":[{"href":"http:\/\/informateesquina.com\/index.php?rest_route=%2Fwp%2Fv2%2Fmedia&parent=62959"}],"wp:term":[{"taxonomy":"category","embeddable":true,"href":"http:\/\/informateesquina.com\/index.php?rest_route=%2Fwp%2Fv2%2Fcategories&post=62959"},{"taxonomy":"post_tag","embeddable":true,"href":"http:\/\/informateesquina.com\/index.php?rest_route=%2Fwp%2Fv2%2Ftags&post=62959"}],"curies":[{"name":"wp","href":"https:\/\/api.w.org\/{rel}","templated":true}]}}