{"id":62965,"date":"2025-05-12T08:27:36","date_gmt":"2025-05-12T11:27:36","guid":{"rendered":"https:\/\/informateesquina.com\/?p=62965"},"modified":"2025-05-12T08:27:36","modified_gmt":"2025-05-12T11:27:36","slug":"hallaron-sin-vida-a-un-hombre-que-era-buscado-en-santa-rosa","status":"publish","type":"post","link":"http:\/\/informateesquina.com\/?p=62965","title":{"rendered":"Hallaron sin vida a un hombre que era buscado en Santa Rosa"},"content":{"rendered":"<div>\n<p class=\"copete\">Un hombre de 68 a\u00f1os era intensamente buscado desde la madrugada del domingo cuando sali\u00f3 de su casa en la localidad de Santa Rosa y no se ten\u00eda rastros de su paradero. Con el correr de las horas fue encontrado sin vida en una zona del Paraje Caray\u00e1.<\/p>\n<div class=\"fotos-y-videos\">\n<div class=\"tab-content\">\n<div id=\"fotos\" class=\"tab-pane fade in active\" role=\"tabpanel\"><a class=\"fotos-desarrollo unlink\" title=\"Hallaron sin vida a un hombre que era buscado en Santa Rosa\" href=\"https:\/\/www.radiosudamericana.com\/notix\/multimedia\/imagenes\/fotos\/2025-05-12\/271615.jpg\"><img loading=\"lazy\" decoding=\"async\" class=\"img-responsive lazyload center-block\" src=\"https:\/\/www.radiosudamericana.com\/notix\/multimedia\/imagenes\/fotos\/2025-05-12\/271615.jpg_nota.jpg\" alt=\"Hallaron sin vida a un hombre que era buscado en Santa Rosa\" width=\"700\" height=\"525\" \/><\/a><\/div>\n<\/div>\n<\/div>\n<p>&nbsp;<\/p>\n<div class=\"cuerpo\">\n<p>&nbsp;<\/p>\n<p>En di\u00e1logo con la redacci\u00f3n de radiosudamericana.com el fiscal\u00a0<strong>Dr. Carlos Daniel Lezcano<\/strong>, confirm\u00f3 que en la noche del domingo encontraron sin vida a un hombre de apellido\u00a0<strong>Cerd\u00e1n de 68 a\u00f1os.<\/strong><\/p>\n<p>La v\u00edctima era buscada desde la madrugada de ese mismo d\u00eda cuando sali\u00f3 de su casa ubicada en la localidad correntina de\u00a0<strong>Santa Rosa<\/strong>, lugar donde viv\u00eda junto a sus hermanos.<\/p>\n<p>De acuerdo a la informaci\u00f3n suministrada por el Fiscal a este medio, el hombre que era intensamente buscado por la polic\u00eda, yac\u00eda muerto en la zona rural de del\u00a0<strong>Paraje Caray\u00e1<\/strong>.<\/p>\n<p>\u201c<strong>El se\u00f1or presentaba quemaduras en el cuerpo<\/strong>, y para determinar las causas de la muerte se decidi\u00f3 trasladarlo al Instituto Medico Forense de Capital para la autopsia correspondiente\u201d, indic\u00f3 el Dr. Lezcano<\/p>\n<p>Por otro lado el letrado mencion\u00f3 que el d\u00eda s\u00e1bado Cerd\u00e1n se present\u00f3 en la casa de una mujer a la que le llev\u00f3 un regalo, en car\u00e1cter de despedida pero que la misma no dimension\u00f3 la importancia de esas palabras, por lo que \u201cla primera hip\u00f3tesis se tratar\u00eda de un suicidio, pero se continuar\u00e1 con la investigaci\u00f3n del hecho\u201d.<\/p>\n<\/div>\n<p>Radio Sudamericana<\/p>\n<\/div>\n","protected":false},"excerpt":{"rendered":"<p>Un hombre de 68 a\u00f1os era intensamente buscado desde la madrugada del domingo cuando sali\u00f3 de su casa en la localidad de Santa Rosa y no se ten\u00eda rastros de su paradero. Con el correr de las horas fue encontrado sin vida en una zona del Paraje Caray\u00e1. &nbsp; &nbsp; En di\u00e1logo con la redacci\u00f3n [&hellip;]<\/p>\n","protected":false},"author":3,"featured_media":62966,"comment_status":"open","ping_status":"open","sticky":false,"template":"","format":"standard","meta":{"footnotes":""},"categories":[8],"tags":[],"class_list":["post-62965","post","type-post","status-publish","format-standard","has-post-thumbnail","hentry","category-policiales"],"_links":{"self":[{"href":"http:\/\/informateesquina.com\/index.php?rest_route=\/wp\/v2\/posts\/62965","targetHints":{"allow":["GET"]}}],"collection":[{"href":"http:\/\/informateesquina.com\/index.php?rest_route=\/wp\/v2\/posts"}],"about":[{"href":"http:\/\/informateesquina.com\/index.php?rest_route=\/wp\/v2\/types\/post"}],"author":[{"embeddable":true,"href":"http:\/\/informateesquina.com\/index.php?rest_route=\/wp\/v2\/users\/3"}],"replies":[{"embeddable":true,"href":"http:\/\/informateesquina.com\/index.php?rest_route=%2Fwp%2Fv2%2Fcomments&post=62965"}],"version-history":[{"count":1,"href":"http:\/\/informateesquina.com\/index.php?rest_route=\/wp\/v2\/posts\/62965\/revisions"}],"predecessor-version":[{"id":62967,"href":"http:\/\/informateesquina.com\/index.php?rest_route=\/wp\/v2\/posts\/62965\/revisions\/62967"}],"wp:featuredmedia":[{"embeddable":true,"href":"http:\/\/informateesquina.com\/index.php?rest_route=\/wp\/v2\/media\/62966"}],"wp:attachment":[{"href":"http:\/\/informateesquina.com\/index.php?rest_route=%2Fwp%2Fv2%2Fmedia&parent=62965"}],"wp:term":[{"taxonomy":"category","embeddable":true,"href":"http:\/\/informateesquina.com\/index.php?rest_route=%2Fwp%2Fv2%2Fcategories&post=62965"},{"taxonomy":"post_tag","embeddable":true,"href":"http:\/\/informateesquina.com\/index.php?rest_route=%2Fwp%2Fv2%2Ftags&post=62965"}],"curies":[{"name":"wp","href":"https:\/\/api.w.org\/{rel}","templated":true}]}}