{"id":62970,"date":"2025-05-12T12:48:51","date_gmt":"2025-05-12T15:48:51","guid":{"rendered":"https:\/\/informateesquina.com\/?p=62970"},"modified":"2025-05-12T12:48:51","modified_gmt":"2025-05-12T15:48:51","slug":"asumio-la-nueva-ministra-de-ciencia-y-tecnologia-de-corrientes","status":"publish","type":"post","link":"http:\/\/informateesquina.com\/?p=62970","title":{"rendered":"Asumi\u00f3 la nueva ministra de Ciencia y Tecnolog\u00eda de Corrientes"},"content":{"rendered":"<div>\n<p class=\"copete\">El acto se desarroll\u00f3 en el Sal\u00f3n Amarillo de Casa de Gobierno. El gobernador Gustavo Vald\u00e9s le tom\u00f3 juramento en el mediod\u00eda de este lunes 12 a Natalia Romero, presidenta del Partido Liberal de Santo Tom\u00e9 como la nueva titular de la cartera de Ciencia y Tecnolog\u00eda.<\/p>\n<div class=\"fotos-y-videos\">\n<div class=\"tab-content\">\n<div id=\"fotos\" class=\"tab-pane fade in active\" role=\"tabpanel\"><a class=\"fotos-desarrollo unlink\" title=\"Asumi\u00f3 la nueva ministra de Ciencia y Tecnolog\u00eda de Corrientes\" href=\"https:\/\/www.radiosudamericana.com\/notix\/multimedia\/imagenes\/fotos\/2025-05-12\/122127.png\"><img loading=\"lazy\" decoding=\"async\" class=\"img-responsive lazyload center-block\" src=\"https:\/\/www.radiosudamericana.com\/notix\/multimedia\/imagenes\/fotos\/2025-05-12\/122127.png_nota.png\" alt=\"Asumi\u00f3 la nueva ministra de Ciencia y Tecnolog\u00eda de Corrientes\" width=\"700\" height=\"599\" \/><\/a><\/div>\n<\/div>\n<\/div>\n<p>&nbsp;<\/p>\n<div class=\"cuerpo\">\n<p>En un acto protocolar realizado este lunes 12 de mayo al mediod\u00eda en el Sal\u00f3n Amarillo de Casa de Gobierno, el gobernador Gustavo Vald\u00e9s tom\u00f3 juramento a Natalia Romero como nueva ministra de Ciencia y Tecnolog\u00eda de la provincia de Corrientes. La flamante funcionaria se convirti\u00f3 as\u00ed en la cuarta mujer en integrar el gabinete provincial.<\/p>\n<p>Durante su discurso, el mandatario correntino destac\u00f3 la incorporaci\u00f3n de Romero como un paso significativo hacia una gesti\u00f3n m\u00e1s diversa y moderna. \u201cHemos decidido incorporar a una nueva mujer al gabinete.\u00a0<strong>Este es un gabinete hist\u00f3rico, con cuatro mujeres, con capacidad de gestionar, de trabajar con miradas verdaderamente importantes\u201d<\/strong>, expres\u00f3 Vald\u00e9s.<\/p>\n<p>&nbsp;<\/p>\n<div class=\"audios-desarrollo encuerpo\">\n<div id=\"audio-0\"><audio src=\"https:\/\/www.radiosudamericana.com\/notix\/multimedia\/audios\/2025-05-12\/986602.mp3\" controls=\"controls\" data-mce-fragment=\"1\"><\/audio><\/div>\n<\/div>\n<p>&nbsp;<\/p>\n<p>El gobernador tambi\u00e9n subray\u00f3 el perfil t\u00e9cnico y pol\u00edtico de la nueva ministra, afirmando que \u201cNatalia tiene una dilatada trayectoria en pol\u00edtica y va a conducir los destinos de un ministerio complejo, que mira hacia adelante, que pivotea con otras \u00e1reas que venimos creando en Corrientes y que tienen que ver con el desarrollo tecnol\u00f3gico\u201d. En este sentido, mencion\u00f3 el trabajo articulado con la empresa estatal TelCo y la importancia de coordinar pol\u00edticas que integren tecnolog\u00eda, educaci\u00f3n y modernizaci\u00f3n administrativa.<\/p>\n<p>Al tomar la palabra, Natalia Romero agradeci\u00f3 la confianza depositada por el Ejecutivo provincial y manifest\u00f3 sentirse \u201cmuy honrada de servir a Corrientes e integrar el gobierno de la provincia\u201d. Afirm\u00f3 que su compromiso ser\u00e1 incorporarse de inmediato a la din\u00e1mica de trabajo del gabinete:<strong>\u00a0\u201cEl gobernador ya indic\u00f3 las prioridades. Vamos a interiorizarnos de c\u00f3mo est\u00e1 la cartera y a ponernos a trabajar\u201d.<\/strong><\/p>\n<p>&nbsp;<\/p>\n<p>Romero destac\u00f3 el significado pol\u00edtico de su designaci\u00f3n: \u201cEs un honor en lo personal y tambi\u00e9n un reconocimiento al Partido Liberal, que viene acompa\u00f1ando esta gesti\u00f3n desde hace mucho tiempo\u201d. Adem\u00e1s, se defini\u00f3 como \u201cuna mujer que ama la pol\u00edtica, involucrada desde hace a\u00f1os en el Partido Liberal y que le gusta servir\u201d, y asegur\u00f3 que su principal desaf\u00edo ser\u00e1 \u201csumarse al trabajo que ya viene realizando el ministerio y proyectar hacia el futuro\u201d. La nueva funcionaria cont\u00f3 que es su primer cargo en el sector p\u00fablico y en un Gabinete.<\/p>\n<p>Radio Sudamericana<\/p>\n<\/div>\n<\/div>\n","protected":false},"excerpt":{"rendered":"<p>El acto se desarroll\u00f3 en el Sal\u00f3n Amarillo de Casa de Gobierno. El gobernador Gustavo Vald\u00e9s le tom\u00f3 juramento en el mediod\u00eda de este lunes 12 a Natalia Romero, presidenta del Partido Liberal de Santo Tom\u00e9 como la nueva titular de la cartera de Ciencia y Tecnolog\u00eda. &nbsp; En un acto protocolar realizado este lunes [&hellip;]<\/p>\n","protected":false},"author":3,"featured_media":62971,"comment_status":"open","ping_status":"open","sticky":false,"template":"","format":"standard","meta":{"footnotes":""},"categories":[9],"tags":[],"class_list":["post-62970","post","type-post","status-publish","format-standard","has-post-thumbnail","hentry","category-politica"],"_links":{"self":[{"href":"http:\/\/informateesquina.com\/index.php?rest_route=\/wp\/v2\/posts\/62970","targetHints":{"allow":["GET"]}}],"collection":[{"href":"http:\/\/informateesquina.com\/index.php?rest_route=\/wp\/v2\/posts"}],"about":[{"href":"http:\/\/informateesquina.com\/index.php?rest_route=\/wp\/v2\/types\/post"}],"author":[{"embeddable":true,"href":"http:\/\/informateesquina.com\/index.php?rest_route=\/wp\/v2\/users\/3"}],"replies":[{"embeddable":true,"href":"http:\/\/informateesquina.com\/index.php?rest_route=%2Fwp%2Fv2%2Fcomments&post=62970"}],"version-history":[{"count":1,"href":"http:\/\/informateesquina.com\/index.php?rest_route=\/wp\/v2\/posts\/62970\/revisions"}],"predecessor-version":[{"id":62972,"href":"http:\/\/informateesquina.com\/index.php?rest_route=\/wp\/v2\/posts\/62970\/revisions\/62972"}],"wp:featuredmedia":[{"embeddable":true,"href":"http:\/\/informateesquina.com\/index.php?rest_route=\/wp\/v2\/media\/62971"}],"wp:attachment":[{"href":"http:\/\/informateesquina.com\/index.php?rest_route=%2Fwp%2Fv2%2Fmedia&parent=62970"}],"wp:term":[{"taxonomy":"category","embeddable":true,"href":"http:\/\/informateesquina.com\/index.php?rest_route=%2Fwp%2Fv2%2Fcategories&post=62970"},{"taxonomy":"post_tag","embeddable":true,"href":"http:\/\/informateesquina.com\/index.php?rest_route=%2Fwp%2Fv2%2Ftags&post=62970"}],"curies":[{"name":"wp","href":"https:\/\/api.w.org\/{rel}","templated":true}]}}