{"id":62973,"date":"2025-05-12T23:28:40","date_gmt":"2025-05-13T02:28:40","guid":{"rendered":"https:\/\/informateesquina.com\/?p=62973"},"modified":"2025-05-12T23:29:43","modified_gmt":"2025-05-13T02:29:43","slug":"un-hombre-discutio-con-su-pareja-y-la-tiro-en-un-aljibe-la-victima-tiene-fractura-de-columna","status":"publish","type":"post","link":"http:\/\/informateesquina.com\/?p=62973","title":{"rendered":"Un hombre discuti\u00f3 con su pareja y la tir\u00f3 en un aljibe: la v\u00edctima tiene fractura de columna"},"content":{"rendered":"<div class=\"content-article-title\">\n<div class=\"wrapper-layout center-content center_story max-width\">\n<div class=\"col-content\"><\/div>\n<\/div>\n<\/div>\n<div class=\"common-layout wrapper-layout center-content center_story max-width story article\">\n<div class=\"col-content\">\n<p>&nbsp;<\/p>\n<div class=\"article__header article__story article__article\">\n<div class=\"article__head\">\n<div class=\"article__lead-art article__lead-art-photo\" data-testid=\"LeadArtPhoto\">\n<figure class=\"\" data-testid=\"figure-testid\">\n<div class=\"aspect_ratio__container\"><picture class=\"responsive-image\"><img decoding=\"async\" class=\"width_full height_full article__lead-art-photo image_placeholder\" src=\"https:\/\/tn.com.ar\/resizer\/v2\/la-victima-logro-salir-del-pozo-con-ayuda-de-su-hijo-y-del-propio-agresor-foto-gentileza-data-chaco-AV4CIHERWNDWZPCHTUD55U24UY.png?auth=691f514eb762791d0b40f8f7b26482573aa27091e04650c91b1d3aa48c73aa25&amp;width=767\" alt=\"La v\u00edctima logr\u00f3 salir del pozo con ayuda de su hijo y del propio agresor. (Foto: gentileza Data Chaco).\" \/><\/picture><\/div><figcaption class=\"caption_image\" data-testid=\"figcaption-testid\">\n<div class=\"image_caption font__body\">La v\u00edctima logr\u00f3 salir del pozo con ayuda de su hijo y del propio agresor. (Foto: gentileza Data Chaco).<\/div>\n<\/figcaption><\/figure>\n<\/div>\n<\/div>\n<div class=\"horizontal-share\" data-testid=\"share-toolbar\">\n<div class=\"tooltip__wrapper relative\"><\/div>\n<div class=\"tooltip__wrapper relative\"><\/div>\n<div class=\"tooltip__wrapper relative\">Un impactante<b>\u00a0caso de violencia de g\u00e9nero<\/b>\u00a0tuvo lugar este fin de semana en el barrio San Carlos de Pampa del Infierno, en la provincia de Chaco. All\u00ed, un hombre\u00a0<b>discuti\u00f3 con su pareja<\/b>\u00a0y\u00a0<b>la arroj\u00f3 a un aljibe<\/b>, pero en el forcejeo tambi\u00e9n \u00e9l se cay\u00f3 adentro del pozo.<\/div>\n<\/div>\n<\/div>\n<div class=\"default-article-color article__body article__article\">\n<div id=\"ad-slot-infeed\" class=\"infeed-container\"><\/div>\n<p class=\"paragraph font__body-regular\">El hecho sali\u00f3 a luz cuando un\u00a0<b>adolescente de 18 a\u00f1os\u00a0<\/b>llam\u00f3 a la polic\u00eda y alert\u00f3 sobre una brutal\u00a0<b>pelea entre su madre y la pareja<\/b>\u00a0de la mujer.<\/p>\n<p class=\"paragraph font__body-regular\">De acuerdo con su testimonio, todo empez\u00f3 cuando\u00a0<b>volvieron a su casa de una fiesta.<\/b>\u00a0Al parecer, el acusado hab\u00eda visto su mujer<b>\u00a0cerca de otro hombre<\/b>\u00a0en el evento y esper\u00f3 a regresar a su hogar para reprocharle la actitud, pero\u00a0<b>la discusi\u00f3n escal\u00f3 r\u00e1pidamente<\/b>\u00a0y termin\u00f3 de la peor manera.<\/p>\n<p class=\"paragraph font__body-regular\">En medio de la pelea, el agresor habr\u00eda sujetado con fuerza a su pareja y ella,<b>\u00a0para zafarse, lo mordi\u00f3.<\/b>\u00a0Fue entonces cuando el hombre<b>\u00a0la empuj\u00f3 al aljibe<\/b>, pero, en el forcejeo, cae tambi\u00e9n \u00e9l dentro del pozo encima de la mujer.<\/p>\n<figure class=\"\" data-testid=\"figure-testid\">\n<div class=\"aspect_ratio__container\"><picture class=\"responsive-image\"><source srcset=\"https:\/\/tn.com.ar\/resizer\/v2\/el-agresor-fue-detenido-foto-gentileza-diario-chacho-QCHBQCFRLFGD7MUJ4RIVECSFXE.PNG?auth=a3573e11a7db18c9aecb26d82d896a1347439ad8c4387b92ddc66931e1e865b4&amp;width=767\" type=\"image\/jpg\" media=\"(max-width: 728px)\" \/><source srcset=\"https:\/\/tn.com.ar\/resizer\/v2\/el-agresor-fue-detenido-foto-gentileza-diario-chacho-QCHBQCFRLFGD7MUJ4RIVECSFXE.PNG?auth=a3573e11a7db18c9aecb26d82d896a1347439ad8c4387b92ddc66931e1e865b4&amp;width=1023\" type=\"image\/jpg\" media=\"(max-width: 1023px)\" \/><source srcset=\"https:\/\/tn.com.ar\/resizer\/v2\/el-agresor-fue-detenido-foto-gentileza-diario-chacho-QCHBQCFRLFGD7MUJ4RIVECSFXE.PNG?auth=a3573e11a7db18c9aecb26d82d896a1347439ad8c4387b92ddc66931e1e865b4&amp;width=1440\" type=\"image\/jpg\" \/><img loading=\"lazy\" decoding=\"async\" class=\"image content-image image_placeholder\" src=\"https:\/\/tn.com.ar\/resizer\/v2\/el-agresor-fue-detenido-foto-gentileza-diario-chacho-QCHBQCFRLFGD7MUJ4RIVECSFXE.PNG?auth=a3573e11a7db18c9aecb26d82d896a1347439ad8c4387b92ddc66931e1e865b4&amp;width=767\" alt=\"El agresor fue detenido. (Foto: gentileza Diario Chacho).\" width=\"767\" height=\"405\" data-testid=\"loading-testid\" \/><\/picture><\/div><figcaption class=\"caption_image\" data-testid=\"figcaption-testid\">\n<div class=\"image_caption \">El agresor fue detenido. (Foto: gentileza Diario Chacho).<\/div>\n<\/figcaption><\/figure>\n<p class=\"paragraph font__body-regular\">El sujeto pudo salir f\u00e1cilmente por sus propios medios, pero\u00a0<b>la v\u00edctima tuvo que ser ayudada\u00a0<\/b>por su hijo y por el propio agresor, con una escalera, a salir de la cisterna.<\/p>\n<h2 class=\"font--primary font__display\">Lesiones graves<\/h2>\n<p class=\"paragraph font__body-regular\">La mujer fue trasladada al Hospital 4 de Junio de S\u00e1enz Pe\u00f1a, donde\u00a0<b>qued\u00f3 internada bajo observaci\u00f3n<\/b>. El m\u00e9dico de guardia que la atendi\u00f3 constat\u00f3 que presentaba lesiones en la columna cervical, rodilla y lumbar, pero el diagn\u00f3stico se agrav\u00f3 cuando, al realizarle estudios, descubrieron que ten\u00eda\u00a0<b>fractura de columna vertebral.<\/b><\/p>\n<p class=\"paragraph font__body-regular\">La denuncia fue formalizada en el mismo hospital y se le dio intervenci\u00f3n a la Divisi\u00f3n Violencia Familiar y de G\u00e9nero.<\/p>\n<p class=\"paragraph font__body-regular\">La polic\u00eda actu\u00f3 r\u00e1pidamente y detuvo al agresor, un joven de 20 a\u00f1os. Horas despu\u00e9s, el fiscal C\u00e9sar Collado lo imput\u00f3 por el delito de<b>\u00a0lesiones grav\u00edsimas en contexto de violencia de g\u00e9nero<\/b>\u00a0y orden\u00f3 que permanezca alojado en la comisar\u00eda local.<\/p>\n<\/div>\n<p>&nbsp;<\/p>\n<\/div>\n<\/div>\n","protected":false},"excerpt":{"rendered":"<p>&nbsp; La v\u00edctima logr\u00f3 salir del pozo con ayuda de su hijo y del propio agresor. (Foto: gentileza Data Chaco). Un impactante\u00a0caso de violencia de g\u00e9nero\u00a0tuvo lugar este fin de semana en el barrio San Carlos de Pampa del Infierno, en la provincia de Chaco. All\u00ed, un hombre\u00a0discuti\u00f3 con su pareja\u00a0y\u00a0la arroj\u00f3 a un aljibe, [&hellip;]<\/p>\n","protected":false},"author":3,"featured_media":63004,"comment_status":"open","ping_status":"open","sticky":false,"template":"","format":"standard","meta":{"footnotes":""},"categories":[8],"tags":[],"class_list":["post-62973","post","type-post","status-publish","format-standard","has-post-thumbnail","hentry","category-policiales"],"_links":{"self":[{"href":"http:\/\/informateesquina.com\/index.php?rest_route=\/wp\/v2\/posts\/62973","targetHints":{"allow":["GET"]}}],"collection":[{"href":"http:\/\/informateesquina.com\/index.php?rest_route=\/wp\/v2\/posts"}],"about":[{"href":"http:\/\/informateesquina.com\/index.php?rest_route=\/wp\/v2\/types\/post"}],"author":[{"embeddable":true,"href":"http:\/\/informateesquina.com\/index.php?rest_route=\/wp\/v2\/users\/3"}],"replies":[{"embeddable":true,"href":"http:\/\/informateesquina.com\/index.php?rest_route=%2Fwp%2Fv2%2Fcomments&post=62973"}],"version-history":[{"count":2,"href":"http:\/\/informateesquina.com\/index.php?rest_route=\/wp\/v2\/posts\/62973\/revisions"}],"predecessor-version":[{"id":63015,"href":"http:\/\/informateesquina.com\/index.php?rest_route=\/wp\/v2\/posts\/62973\/revisions\/63015"}],"wp:featuredmedia":[{"embeddable":true,"href":"http:\/\/informateesquina.com\/index.php?rest_route=\/wp\/v2\/media\/63004"}],"wp:attachment":[{"href":"http:\/\/informateesquina.com\/index.php?rest_route=%2Fwp%2Fv2%2Fmedia&parent=62973"}],"wp:term":[{"taxonomy":"category","embeddable":true,"href":"http:\/\/informateesquina.com\/index.php?rest_route=%2Fwp%2Fv2%2Fcategories&post=62973"},{"taxonomy":"post_tag","embeddable":true,"href":"http:\/\/informateesquina.com\/index.php?rest_route=%2Fwp%2Fv2%2Ftags&post=62973"}],"curies":[{"name":"wp","href":"https:\/\/api.w.org\/{rel}","templated":true}]}}