{"id":63020,"date":"2025-05-12T23:34:06","date_gmt":"2025-05-13T02:34:06","guid":{"rendered":"https:\/\/informateesquina.com\/?p=63020"},"modified":"2025-05-12T23:34:10","modified_gmt":"2025-05-13T02:34:10","slug":"juicio-por-la-muerte-de-cinco-bebes-en-el-neonatal-de-cordoba-la-defensa-de-la-enfermera-pidio-la-absolucion","status":"publish","type":"post","link":"http:\/\/informateesquina.com\/?p=63020","title":{"rendered":"Juicio por la muerte de cinco beb\u00e9s en el Neonatal de C\u00f3rdoba: la defensa de la enfermera pidi\u00f3 la absoluci\u00f3n"},"content":{"rendered":"<div class=\"content-article-title\">\n<div class=\"wrapper-layout center-content center_story max-width\">\n<div class=\"col-content\"><\/div>\n<\/div>\n<\/div>\n<div class=\"common-layout wrapper-layout center-content center_story max-width story article\">\n<div class=\"col-content\">\n<p>&nbsp;<\/p>\n<div class=\"article__header article__story article__article\">\n<div class=\"article__head\">\n<div class=\"article__headline-byline-container\">\n<div id=\"StaticHeadlines\">\n<div data-testid=\"headlines\">\n<p class=\"paragraph font__body-regular\">La defensa de la\u00a0enfermera\u00a0<b>Brenda Ag\u00fcero<\/b>, la principal acusada en el juicio por la muerte de cinco beb\u00e9s en el Hospital Materno Neonatal Dr. Ram\u00f3n Carrillo de C\u00f3rdoba,\u00a0<b>pidi\u00f3 su absoluci\u00f3n\u00a0<\/b>y asegur\u00f3 que\u00a0<b>\u201cno hay pruebas\u201d en su contra<\/b>.<\/p>\n<div id=\"ad-slot-infeed\" class=\"infeed-container\"><\/div>\n<p class=\"paragraph font__body-regular\">Tras cinco meses del inicio, el debate entr\u00f3 en su recta final: ya alegaron la Fiscal\u00eda y la parte querellante -que pidieron\u00a0<b>perpetua\u00a0<\/b>para la enfermera-, y en las \u00faltimas dos audiencias fue el turno de la defensa de Ag\u00fcero.<\/p>\n<p class=\"paragraph font__body-regular\">\u201cNosotros lo que planteamos es que\u00a0<b>de ninguna manera se puede pensar que hay una prueba directa contra Brenda<\/b>, ni siquiera tienen los indicios que ten\u00edan en su momento.\u00a0<b>Se desvaneci\u00f3 la acusaci\u00f3n\u201d<\/b>, plante\u00f3 el abogado Gustavo Nievas en di\u00e1logo con\u00a0<b>TN.<\/b><\/p>\n<\/div>\n<\/div>\n<div class=\"trinity-tts-placeholder-icon-player\"><\/div>\n<\/div>\n<div class=\"article__lead-art article__lead-art-photo\" data-testid=\"LeadArtPhoto\">\n<figure class=\"\" data-testid=\"figure-testid\">\n<div class=\"aspect_ratio__container\"><picture class=\"responsive-image\"><source srcset=\"https:\/\/tn.com.ar\/resizer\/v2\/la-defensa-de-brenda-aguero-pidio-su-absolucion-y-aseguro-que-no-hay-pruebas-en-su-contra-foto-gentileza-la-voz-5OGAGIYBJJHEBJCPZWXT6TTCBQ.jpg?auth=7142457be9daa46996a83023b2a7e1fabfe3e1aef23aa3945f0cc9dbe2c8cc6d&amp;width=767\" type=\"image\/jpg\" media=\"(max-width: 728px)\" \/><source srcset=\"https:\/\/tn.com.ar\/resizer\/v2\/la-defensa-de-brenda-aguero-pidio-su-absolucion-y-aseguro-que-no-hay-pruebas-en-su-contra-foto-gentileza-la-voz-5OGAGIYBJJHEBJCPZWXT6TTCBQ.jpg?auth=7142457be9daa46996a83023b2a7e1fabfe3e1aef23aa3945f0cc9dbe2c8cc6d&amp;width=1023\" type=\"image\/jpg\" media=\"(max-width: 1023px)\" \/><source srcset=\"https:\/\/tn.com.ar\/resizer\/v2\/la-defensa-de-brenda-aguero-pidio-su-absolucion-y-aseguro-que-no-hay-pruebas-en-su-contra-foto-gentileza-la-voz-5OGAGIYBJJHEBJCPZWXT6TTCBQ.jpg?auth=7142457be9daa46996a83023b2a7e1fabfe3e1aef23aa3945f0cc9dbe2c8cc6d&amp;width=1440\" type=\"image\/jpg\" \/><img decoding=\"async\" class=\"width_full height_full article__lead-art-photo image_placeholder\" src=\"https:\/\/tn.com.ar\/resizer\/v2\/la-defensa-de-brenda-aguero-pidio-su-absolucion-y-aseguro-que-no-hay-pruebas-en-su-contra-foto-gentileza-la-voz-5OGAGIYBJJHEBJCPZWXT6TTCBQ.jpg?auth=7142457be9daa46996a83023b2a7e1fabfe3e1aef23aa3945f0cc9dbe2c8cc6d&amp;width=767\" alt=\"La defensa de Brenda Ag\u00fcero pidi\u00f3 su absoluci\u00f3n y asegur\u00f3 que no hay pruebas en su contra. (Foto: Gentileza La Voz)\" \/><\/picture><\/div><figcaption class=\"caption_image\" data-testid=\"figcaption-testid\">\n<div class=\"image_caption font__body\">La defensa de Brenda Ag\u00fcero pidi\u00f3 su absoluci\u00f3n y asegur\u00f3 que no hay pruebas en su contra. (Foto: Gentileza La Voz)<\/div>\n<\/figcaption><\/figure>\n<\/div>\n<\/div>\n<div class=\"horizontal-share\" data-testid=\"share-toolbar\">\n<div class=\"tooltip__wrapper relative\"><\/div>\n<div class=\"tooltip__wrapper relative\">\u00a0Durante la \u00faltima intervenci\u00f3n ante el tribunal, Nievas pidi\u00f3 la absoluci\u00f3n de su defendida y dijo que Ag\u00fcero era el \u201cperejil\u201d que se necesitaba en la causa para licuar la situaci\u00f3n de otras personas que ten\u00edan cargos importantes.<\/div>\n<\/div>\n<\/div>\n<div class=\"default-article-color article__body article__article\">\n<p class=\"paragraph font__body-regular\"><b>\u201cPlantamos bandera de inocencia y de duda razonable<\/b>, lo que va a venir en los pr\u00f3ximos d\u00edas va a reforzar la l\u00ednea argumentativa, aunque con los otros estudios jur\u00eddicos tenemos imputaciones distintas\u201d, enfatiz\u00f3.<\/p>\n<p class=\"paragraph font__body-regular\">Las pr\u00f3ximas audiencias contar\u00e1n con los alegatos de los otros diez imputados en la causa. En ese sentido, se\u00f1al\u00f3: \u201cVamos a poner en crisis la\u00a0<b>muy sesgada investigaci\u00f3n<\/b>, la\u00a0<b>mirada inquisitiva\u00a0<\/b>de todo el aparato del Ministerio P\u00fablico Fiscal y el vaciamiento legal de los alegatos, carentes del marco que precisa un jurado para resolver&#8221;.<\/p>\n<p class=\"paragraph font__body-regular\">Para \u00e9l, \u201cla posici\u00f3n de los querellantes es un gesto nervioso que no condice con la prueba recolectada\u201d. &#8220;<b>Somos optimistas\u201d<\/b>, cerr\u00f3.<\/p>\n<figure class=\"\" data-testid=\"figure-testid\">\n<div class=\"aspect_ratio__container\"><picture class=\"responsive-image\"><source srcset=\"https:\/\/tn.com.ar\/resizer\/v2\/el-fiscal-presento-ocho-pruebas-que-apuntan-contra-la-enfermera-brenda-aguero-detenida-e-imputada-por-matar-a-cinco-bebes-en-el-hospital-neonatal-foto-telam-O5DMWZDKIZELTA6LZAV3IG7AWA.jpg?auth=7bcfac3bc9b10763f7acab0729ef7419bc3dc6d6576dc2cffd3f55adb98fac98&amp;width=767\" type=\"image\/jpg\" media=\"(max-width: 728px)\" \/><source srcset=\"https:\/\/tn.com.ar\/resizer\/v2\/el-fiscal-presento-ocho-pruebas-que-apuntan-contra-la-enfermera-brenda-aguero-detenida-e-imputada-por-matar-a-cinco-bebes-en-el-hospital-neonatal-foto-telam-O5DMWZDKIZELTA6LZAV3IG7AWA.jpg?auth=7bcfac3bc9b10763f7acab0729ef7419bc3dc6d6576dc2cffd3f55adb98fac98&amp;width=1023\" type=\"image\/jpg\" media=\"(max-width: 1023px)\" \/><source srcset=\"https:\/\/tn.com.ar\/resizer\/v2\/el-fiscal-presento-ocho-pruebas-que-apuntan-contra-la-enfermera-brenda-aguero-detenida-e-imputada-por-matar-a-cinco-bebes-en-el-hospital-neonatal-foto-telam-O5DMWZDKIZELTA6LZAV3IG7AWA.jpg?auth=7bcfac3bc9b10763f7acab0729ef7419bc3dc6d6576dc2cffd3f55adb98fac98&amp;width=1440\" type=\"image\/jpg\" \/><img loading=\"lazy\" decoding=\"async\" class=\"image content-image image_placeholder\" src=\"https:\/\/tn.com.ar\/resizer\/v2\/el-fiscal-presento-ocho-pruebas-que-apuntan-contra-la-enfermera-brenda-aguero-detenida-e-imputada-por-matar-a-cinco-bebes-en-el-hospital-neonatal-foto-telam-O5DMWZDKIZELTA6LZAV3IG7AWA.jpg?auth=7bcfac3bc9b10763f7acab0729ef7419bc3dc6d6576dc2cffd3f55adb98fac98&amp;width=767\" alt=\"El fiscal present\u00f3 ocho pruebas que apuntan contra la enfermera Brenda Ag\u00fcero, detenida e imputada por matar a cinco beb\u00e9s en el Hospital Neonatal. (Foto: T\u00e9lam)\" width=\"767\" height=\"430\" data-testid=\"loading-testid\" \/><\/picture><\/div><figcaption class=\"caption_image\" data-testid=\"figcaption-testid\">\n<div class=\"image_caption \">El fiscal present\u00f3 ocho pruebas que apuntan contra la enfermera Brenda Ag\u00fcero, detenida e imputada por matar a cinco beb\u00e9s en el Hospital Neonatal. (Foto: T\u00e9lam)<\/div>\n<\/figcaption><\/figure>\n<h2 class=\"font--primary font__display\">La carta abierta que publicaron las familias de las v\u00edctimas<\/h2>\n<p class=\"paragraph font__body-regular\">El fin de semana, las madres de las cinco v\u00edctimas fatales publicaron una\u00a0<b>carta abierta<\/b>\u00a0en contra de la defensa de la enfermera por sus dichos durante la primera jornada de alegatos.<\/p>\n<p class=\"paragraph font__body-regular\">\u201cLamentablemente, una vez m\u00e1s, nos vemos con la necesidad de salir a aclarar, en medio del dolor, el acto cruel y despiadado que vivimos en la audiencia por parte de Juan Riveros, defensor de Brenda Ag\u00fcero. Como los argumentos para defender lo macabro de estos hechos no le son suficientes, se ven en la obligaci\u00f3n de mentir, y como si eso no les bastara, hoy\u00a0<b>pusieron en duda el dolor de las madres.<\/b>\u00a0Tratando de desvirtuar que es otro el fin que buscamos y no la verdad\u201d, dice el extenso comunicado.<\/p>\n<p class=\"paragraph font__body-regular\">Y contin\u00faa: \u201cAl comenzar este juicio, Gustavo Nievas, otro de sus defensores, trat\u00f3 de responsabilizarnos a nosotras las madres de las muertes de nuestros beb\u00e9s, o \u2018PIBES\u2019 como a \u00e9l le gusta llamar a beb\u00e9s reci\u00e9n nacidos que algunas madres ver\u00e1n con las secuelas que marcaron sus vidas para siempre, y otras quedaremos con el dolor infinito de no verlos crecer. Desde ese 6 de enero, entramos a esa sala sabiendo que\u00a0<b>nada iba a cambiar nuestras historias y que ya todo es injusto para nuestras familias.<\/b>\u00a0A\u00fan as\u00ed decidimos seguir poni\u00e9ndole el cuerpo y alma con lo devastador que ha sido este proceso d\u00eda a d\u00eda, y con el \u00fanico fin de llegar a LA VERDAD\u201d.<\/p>\n<p class=\"paragraph font__body-regular\">\u201cEscuchamos relatos que nos generaron mucha angustia y a\u00fan as\u00ed fuimos respetuosos, pero hay l\u00edmites que se superaron y que ya no podemos tolerar. La falta de respeto no es s\u00f3lo levantar la voz, usar palabras ofensivas, re\u00edrse en medio de la audiencia, dormir como lo hacen algunos o utilizar tonos ir\u00f3nicos para referirse a nuestras historias. Tambi\u00e9n es una falta de respeto ignorar o minimizar el dolor que hay detr\u00e1s de cada familia. No podemos, ni debemos quedarnos callados ante estas actitudes.\u00a0<b>CALLAR ES PERMITIR, Y PERMITIR ES SER C\u00d3MPLICES, como hicieron los funcionarios que est\u00e1n sentados en esta causa.\u00a0<\/b>No es un juego, no es una broma, no es \u2018algo sin importancia\u2019 y debe ser tratado como tal\u201d, sostienen.<\/p>\n<\/div>\n<p>&nbsp;<\/p>\n<\/div>\n<\/div>\n","protected":false},"excerpt":{"rendered":"<p>&nbsp; La defensa de la\u00a0enfermera\u00a0Brenda Ag\u00fcero, la principal acusada en el juicio por la muerte de cinco beb\u00e9s en el Hospital Materno Neonatal Dr. Ram\u00f3n Carrillo de C\u00f3rdoba,\u00a0pidi\u00f3 su absoluci\u00f3n\u00a0y asegur\u00f3 que\u00a0\u201cno hay pruebas\u201d en su contra. Tras cinco meses del inicio, el debate entr\u00f3 en su recta final: ya alegaron la Fiscal\u00eda y la [&hellip;]<\/p>\n","protected":false},"author":3,"featured_media":63069,"comment_status":"open","ping_status":"open","sticky":false,"template":"","format":"standard","meta":{"footnotes":""},"categories":[8],"tags":[],"class_list":["post-63020","post","type-post","status-publish","format-standard","has-post-thumbnail","hentry","category-policiales"],"_links":{"self":[{"href":"http:\/\/informateesquina.com\/index.php?rest_route=\/wp\/v2\/posts\/63020","targetHints":{"allow":["GET"]}}],"collection":[{"href":"http:\/\/informateesquina.com\/index.php?rest_route=\/wp\/v2\/posts"}],"about":[{"href":"http:\/\/informateesquina.com\/index.php?rest_route=\/wp\/v2\/types\/post"}],"author":[{"embeddable":true,"href":"http:\/\/informateesquina.com\/index.php?rest_route=\/wp\/v2\/users\/3"}],"replies":[{"embeddable":true,"href":"http:\/\/informateesquina.com\/index.php?rest_route=%2Fwp%2Fv2%2Fcomments&post=63020"}],"version-history":[{"count":2,"href":"http:\/\/informateesquina.com\/index.php?rest_route=\/wp\/v2\/posts\/63020\/revisions"}],"predecessor-version":[{"id":63076,"href":"http:\/\/informateesquina.com\/index.php?rest_route=\/wp\/v2\/posts\/63020\/revisions\/63076"}],"wp:featuredmedia":[{"embeddable":true,"href":"http:\/\/informateesquina.com\/index.php?rest_route=\/wp\/v2\/media\/63069"}],"wp:attachment":[{"href":"http:\/\/informateesquina.com\/index.php?rest_route=%2Fwp%2Fv2%2Fmedia&parent=63020"}],"wp:term":[{"taxonomy":"category","embeddable":true,"href":"http:\/\/informateesquina.com\/index.php?rest_route=%2Fwp%2Fv2%2Fcategories&post=63020"},{"taxonomy":"post_tag","embeddable":true,"href":"http:\/\/informateesquina.com\/index.php?rest_route=%2Fwp%2Fv2%2Ftags&post=63020"}],"curies":[{"name":"wp","href":"https:\/\/api.w.org\/{rel}","templated":true}]}}