{"id":63077,"date":"2025-05-12T23:35:27","date_gmt":"2025-05-13T02:35:27","guid":{"rendered":"https:\/\/informateesquina.com\/?p=63077"},"modified":"2025-05-12T23:37:12","modified_gmt":"2025-05-13T02:37:12","slug":"neuquen-un-grupo-de-padres-denuncio-que-un-alumno-de-12-anos-llevo-un-arma-a-la-escuela","status":"publish","type":"post","link":"http:\/\/informateesquina.com\/?p=63077","title":{"rendered":"Neuqu\u00e9n: un grupo de padres denunci\u00f3 que un alumno de 12 a\u00f1os llev\u00f3 un arma a la escuela"},"content":{"rendered":"<div class=\"content-article-title\">\n<div class=\"wrapper-layout center-content center_story max-width\">\n<div class=\"col-content\"><\/div>\n<\/div>\n<\/div>\n<div class=\"common-layout wrapper-layout center-content center_story max-width story article\">\n<div class=\"col-content\">\n<p>&nbsp;<\/p>\n<div class=\"article__header article__story article__article\">\n<div class=\"article__head\">\n<div class=\"article__lead-art article__lead-art-photo\" data-testid=\"LeadArtPhoto\">\n<figure class=\"\" data-testid=\"figure-testid\">\n<div class=\"aspect_ratio__container\"><picture class=\"responsive-image\"><img decoding=\"async\" class=\"width_full height_full article__lead-art-photo image_placeholder\" src=\"https:\/\/tn.com.ar\/resizer\/v2\/neuquen-un-grupo-de-padres-denuncio-que-un-alumno-de-12-anos-llevo-un-arma-a-la-escuela-foto-gentileza-lm-neuquen-GENRMWZRWZB3RIDSJP22JS4P5I.jpg?auth=d2ab0db856ac1b483b8149c46de38c0ea8ce457a50e0ef6f41a78ad7f412e0dd&amp;width=767\" alt=\"Neuqu\u00e9n: un grupo de padres denunci\u00f3 que un alumno de 12 a\u00f1os llev\u00f3 un arma a la escuela. (Foto: gentileza LM Neuqu\u00e9n)\" \/><\/picture><\/div><figcaption class=\"caption_image\" data-testid=\"figcaption-testid\">\n<div class=\"image_caption font__body\">Neuqu\u00e9n: un grupo de padres denunci\u00f3 que un alumno de 12 a\u00f1os llev\u00f3 un arma a la escuela. (Foto: gentileza LM Neuqu\u00e9n)<\/div>\n<\/figcaption><\/figure>\n<\/div>\n<\/div>\n<div class=\"horizontal-share\" data-testid=\"share-toolbar\">\n<div class=\"tooltip__wrapper relative\"><\/div>\n<div class=\"tooltip__wrapper relative\"><\/div>\n<\/div>\n<\/div>\n<div class=\"default-article-color article__body article__article\">\n<p class=\"paragraph font__body-regular\">Decenas de familias denunciaron que\u00a0<b>un alumno de 12 a\u00f1os<\/b><b>\u00a0ingres\u00f3 con un arma\u00a0<\/b><b>a una escuela en Neuqu\u00e9n y que les apunt\u00f3 a nenes de cuarto grado.<\/b><\/p>\n<div id=\"ad-slot-infeed\" class=\"infeed-container\"><\/div>\n<p class=\"paragraph font__body-regular\">El hecho habr\u00eda ocurrido dentro de la<b>\u00a0Escuela 200 \u201cDoctor Ren\u00e9 Favaloro\u201d.<\/b>\u00a0Tras la denuncia y luego de que los familiares se presentaran en el lugar para protestar,<b>\u00a0se suspendieron las clases este lunes.<\/b><\/p>\n<p class=\"paragraph font__body-regular\">Seg\u00fan el relato de los padres, el mi\u00e9rcoles, durante la clase de educaci\u00f3n f\u00edsica de cuarto grado,<b>\u00a0un estudiante de s\u00e9ptimo se acerc\u00f3, sac\u00f3 un arma y la carg\u00f3.<\/b><\/p>\n<p class=\"paragraph font__body-regular\">En un primer momento el profesor se dirigi\u00f3 hasta \u00e9l, creyendo que era de juguete, pero cuando agarr\u00f3 el arma y vio que estaba cargada,\u00a0<b>les orden\u00f3 a los chicos que se tiraran al piso<\/b>\u00a0e inmediatamente se activ\u00f3 el<b>\u00a0protocolo de seguridad.<\/b><\/p>\n<p class=\"paragraph font__body-regular\">Luego de que controlara la situaci\u00f3n, de acuerdo a lo precisado por los denunciantes, el estudiante se habr\u00eda retirado, pero poco despu\u00e9s regres\u00f3 y\u00a0<b>comenz\u00f3 a tirar piedras.\u00a0<\/b>Una de ellas, inclusive, le dio en la cabeza a un nene de segundo grado, al que le provoc\u00f3 una<b>\u00a0lesi\u00f3n en la cara y la p\u00e9rdida de un diente.<\/b><\/p>\n<figure class=\"\" data-testid=\"figure-testid\">\n<div class=\"aspect_ratio__container\"><picture class=\"responsive-image\"><source srcset=\"https:\/\/tn.com.ar\/resizer\/v2\/las-familias-denuncian-que-ocurrio-dentro-de-la-escuela-200-doctor-rene-favaloro-foto-google-street-view-2TD43W67BFHZJAF5UQR7J25BLU.jpg?auth=773bcb6e6c4eb46808b47d0b53d740eefd8b28630b6f4f197b30d290f45d4e26&amp;width=767\" type=\"image\/jpg\" media=\"(max-width: 728px)\" \/><source srcset=\"https:\/\/tn.com.ar\/resizer\/v2\/las-familias-denuncian-que-ocurrio-dentro-de-la-escuela-200-doctor-rene-favaloro-foto-google-street-view-2TD43W67BFHZJAF5UQR7J25BLU.jpg?auth=773bcb6e6c4eb46808b47d0b53d740eefd8b28630b6f4f197b30d290f45d4e26&amp;width=1023\" type=\"image\/jpg\" media=\"(max-width: 1023px)\" \/><source srcset=\"https:\/\/tn.com.ar\/resizer\/v2\/las-familias-denuncian-que-ocurrio-dentro-de-la-escuela-200-doctor-rene-favaloro-foto-google-street-view-2TD43W67BFHZJAF5UQR7J25BLU.jpg?auth=773bcb6e6c4eb46808b47d0b53d740eefd8b28630b6f4f197b30d290f45d4e26&amp;width=1440\" type=\"image\/jpg\" \/><img loading=\"lazy\" decoding=\"async\" class=\"image content-image image_placeholder\" src=\"https:\/\/tn.com.ar\/resizer\/v2\/las-familias-denuncian-que-ocurrio-dentro-de-la-escuela-200-doctor-rene-favaloro-foto-google-street-view-2TD43W67BFHZJAF5UQR7J25BLU.jpg?auth=773bcb6e6c4eb46808b47d0b53d740eefd8b28630b6f4f197b30d290f45d4e26&amp;width=767\" alt=\"Las familias denuncian que ocurri\u00f3 dentro de la Escuela 200 \u201cDoctor Ren\u00e9 Favaloro\u201d. (Foto: Google Street View)\" width=\"767\" height=\"430\" data-testid=\"loading-testid\" \/><\/picture><\/div><figcaption class=\"caption_image\" data-testid=\"figcaption-testid\">\n<div class=\"image_caption \">Las familias denuncian que ocurri\u00f3 dentro de la Escuela 200 \u201cDoctor Ren\u00e9 Favaloro\u201d. (Foto: Google Street View)<\/div>\n<\/figcaption><\/figure>\n<p class=\"paragraph font__body-regular\">Poco despu\u00e9s, la escuela habr\u00eda llamado a la Polic\u00eda, ya sin el menor presente. \u201cEl profesor le sac\u00f3 el arma al nene y el nene se dio a la fuga. Sinceramente, nosotros no sab\u00edamos nada,<b>\u00a0nos venimos a enterar despu\u00e9s cuando los nenes empezaron a hablar a la salida de la escuela<\/b>\u201d, expres\u00f3 Natali Rifo, una de las madres, en di\u00e1logo con\u00a0<i>LMNeuqu\u00e9n<\/i>.<\/p>\n<p class=\"paragraph font__body-regular\">\u201cLa directora no quiere que lo hagamos p\u00fablico\u201d, agreg\u00f3 y cuestion\u00f3 la presencia policial: \u201cNos mandan la Polic\u00eda como nunca, dos patrulleros, pero necesitamos una instituci\u00f3n responsable y que<b>\u00a0act\u00faen las instituciones del menor, defensor\u00eda de los ni\u00f1os\u201d.<\/b><\/p>\n<p class=\"paragraph font__body-regular\">A causa del esc\u00e1ndalo, las autoridades de la instituci\u00f3n decidieron suspender las clases este lunes a \u00faltimo momento, aunque aclararon que era por hechos de inseguridad.<\/p>\n<p class=\"paragraph font__body-regular\">Roxana, madre de otro alumno, critic\u00f3 el accionar del colegio: \u201cSi la directora nos hubiese esperado a la salida con el cuerpo directivo para informarnos de lo que estaba pasando, pidiendo el acompa\u00f1amiento de los padres, hoy estar\u00edamos todos apoy\u00e1ndola a ella, pero hoy en d\u00eda todos estamos pidiendo que ella d\u00e9 un paso al costado, porque si no est\u00e1 capacitada para ejercer el cargo en el que est\u00e1, nosotros queremos personas que puedan garantizar la seguridad de los chicos en la escuela\u201d.<\/p>\n<p class=\"paragraph font__body-regular\">\u201cLe est\u00e1n privando del derecho m\u00e1s importante del ni\u00f1o que es el de estudiar por un menor violento, nosotros no queremos violencia\u201d, lament\u00f3<\/p>\n<p class=\"paragraph font__body-regular\">Luego de la protesta realizada en las puertas de la escuela, desde la Asociaci\u00f3n de Trabajadores de la Educaci\u00f3n del Neuqu\u00e9n (ATEN Capital) aseguraron a\u00a0<i>LMNeuqu\u00e9n\u00a0<\/i>que, si bien\u00a0<b>existe una situaci\u00f3n conflictiva con un estudiante<\/b>, la situaci\u00f3n con el arma no ocurri\u00f3.<\/p>\n<\/div>\n<p>&nbsp;<\/p>\n<\/div>\n<\/div>\n","protected":false},"excerpt":{"rendered":"<p>&nbsp; Neuqu\u00e9n: un grupo de padres denunci\u00f3 que un alumno de 12 a\u00f1os llev\u00f3 un arma a la escuela. (Foto: gentileza LM Neuqu\u00e9n) Decenas de familias denunciaron que\u00a0un alumno de 12 a\u00f1os\u00a0ingres\u00f3 con un arma\u00a0a una escuela en Neuqu\u00e9n y que les apunt\u00f3 a nenes de cuarto grado. El hecho habr\u00eda ocurrido dentro de la\u00a0Escuela [&hellip;]<\/p>\n","protected":false},"author":3,"featured_media":63115,"comment_status":"open","ping_status":"open","sticky":false,"template":"","format":"standard","meta":{"footnotes":""},"categories":[8],"tags":[],"class_list":["post-63077","post","type-post","status-publish","format-standard","has-post-thumbnail","hentry","category-policiales"],"_links":{"self":[{"href":"http:\/\/informateesquina.com\/index.php?rest_route=\/wp\/v2\/posts\/63077","targetHints":{"allow":["GET"]}}],"collection":[{"href":"http:\/\/informateesquina.com\/index.php?rest_route=\/wp\/v2\/posts"}],"about":[{"href":"http:\/\/informateesquina.com\/index.php?rest_route=\/wp\/v2\/types\/post"}],"author":[{"embeddable":true,"href":"http:\/\/informateesquina.com\/index.php?rest_route=\/wp\/v2\/users\/3"}],"replies":[{"embeddable":true,"href":"http:\/\/informateesquina.com\/index.php?rest_route=%2Fwp%2Fv2%2Fcomments&post=63077"}],"version-history":[{"count":2,"href":"http:\/\/informateesquina.com\/index.php?rest_route=\/wp\/v2\/posts\/63077\/revisions"}],"predecessor-version":[{"id":63121,"href":"http:\/\/informateesquina.com\/index.php?rest_route=\/wp\/v2\/posts\/63077\/revisions\/63121"}],"wp:featuredmedia":[{"embeddable":true,"href":"http:\/\/informateesquina.com\/index.php?rest_route=\/wp\/v2\/media\/63115"}],"wp:attachment":[{"href":"http:\/\/informateesquina.com\/index.php?rest_route=%2Fwp%2Fv2%2Fmedia&parent=63077"}],"wp:term":[{"taxonomy":"category","embeddable":true,"href":"http:\/\/informateesquina.com\/index.php?rest_route=%2Fwp%2Fv2%2Fcategories&post=63077"},{"taxonomy":"post_tag","embeddable":true,"href":"http:\/\/informateesquina.com\/index.php?rest_route=%2Fwp%2Fv2%2Ftags&post=63077"}],"curies":[{"name":"wp","href":"https:\/\/api.w.org\/{rel}","templated":true}]}}