{"id":63122,"date":"2025-05-12T23:38:20","date_gmt":"2025-05-13T02:38:20","guid":{"rendered":"https:\/\/informateesquina.com\/?p=63122"},"modified":"2025-05-12T23:38:20","modified_gmt":"2025-05-13T02:38:20","slug":"que-dijo-valdes-sobre-la-fecha-de-las-elecciones-en-corrientes","status":"publish","type":"post","link":"http:\/\/informateesquina.com\/?p=63122","title":{"rendered":"Qu\u00e9 dijo Vald\u00e9s sobre la fecha de las elecciones en Corrientes"},"content":{"rendered":"<div>\n<p class=\"copete\">Tras el lanzamiento del apoyo financiero para el desarrollo de emprendimientos correntinos el Gobernador, habl\u00f3 sobre la elecciones legislativas en Chaco y dijo \u201clos resultados, ratifican el rumbo que le viene dando Zdero a la provincia de Chaco\u201d.<\/p>\n<\/div>\n<div class=\"cuerpo\">\n<p>\u201cEstamos avanzando y quiere decir que Argentina est\u00e1 cambiando, tenemos que seguir por ese paso de manera que nosotros podamos construir juntos un Argentina distinta\u201d, expres\u00f3 el mandatario correntino.<\/p>\n<div id=\"leermas\">\n<div class=\"mitad\"><\/div>\n<\/div>\n<p>En cuanto a la posibilidad de una alianza entre Vamos Corrientes y La Libertad Avanza, el Gobernador detall\u00f3 \u201cestamos conversando, estamos conversando con muchos partidos pol\u00edticos que tambi\u00e9n est\u00e1n sum\u00e1ndose a Vamos Corrientes\u201d<\/p>\n<p>Al ser consultado sobre si ya ten\u00eda una fecha definida para las elecciones en Corrientes, Vald\u00e9s respondi\u00f3 \u201c<strong>no, no si no tendr\u00edamos decreto<\/strong>. En todas las elecciones ganaron el oficialismo\u201d.<\/p>\n<h2><strong>Inversi\u00f3n salarial<\/strong><\/h2>\n<p>Otra de las cuestiones que interesan a los correntinos que forman parte de la Administraci\u00f3n Publica tienen que ver con el incremento salarial y en este sentido asegur\u00f3 \u201cestamos analizando, seguimos mirando los ingresos todav\u00eda hay tiempo\u201d.<\/p>\n<\/div>\n","protected":false},"excerpt":{"rendered":"<p>Tras el lanzamiento del apoyo financiero para el desarrollo de emprendimientos correntinos el Gobernador, habl\u00f3 sobre la elecciones legislativas en Chaco y dijo \u201clos resultados, ratifican el rumbo que le viene dando Zdero a la provincia de Chaco\u201d. \u201cEstamos avanzando y quiere decir que Argentina est\u00e1 cambiando, tenemos que seguir por ese paso de manera [&hellip;]<\/p>\n","protected":false},"author":3,"featured_media":63151,"comment_status":"open","ping_status":"open","sticky":false,"template":"","format":"standard","meta":{"footnotes":""},"categories":[9,10],"tags":[],"class_list":["post-63122","post","type-post","status-publish","format-standard","has-post-thumbnail","hentry","category-politica","category-provinciales"],"_links":{"self":[{"href":"http:\/\/informateesquina.com\/index.php?rest_route=\/wp\/v2\/posts\/63122","targetHints":{"allow":["GET"]}}],"collection":[{"href":"http:\/\/informateesquina.com\/index.php?rest_route=\/wp\/v2\/posts"}],"about":[{"href":"http:\/\/informateesquina.com\/index.php?rest_route=\/wp\/v2\/types\/post"}],"author":[{"embeddable":true,"href":"http:\/\/informateesquina.com\/index.php?rest_route=\/wp\/v2\/users\/3"}],"replies":[{"embeddable":true,"href":"http:\/\/informateesquina.com\/index.php?rest_route=%2Fwp%2Fv2%2Fcomments&post=63122"}],"version-history":[{"count":1,"href":"http:\/\/informateesquina.com\/index.php?rest_route=\/wp\/v2\/posts\/63122\/revisions"}],"predecessor-version":[{"id":63156,"href":"http:\/\/informateesquina.com\/index.php?rest_route=\/wp\/v2\/posts\/63122\/revisions\/63156"}],"wp:featuredmedia":[{"embeddable":true,"href":"http:\/\/informateesquina.com\/index.php?rest_route=\/wp\/v2\/media\/63151"}],"wp:attachment":[{"href":"http:\/\/informateesquina.com\/index.php?rest_route=%2Fwp%2Fv2%2Fmedia&parent=63122"}],"wp:term":[{"taxonomy":"category","embeddable":true,"href":"http:\/\/informateesquina.com\/index.php?rest_route=%2Fwp%2Fv2%2Fcategories&post=63122"},{"taxonomy":"post_tag","embeddable":true,"href":"http:\/\/informateesquina.com\/index.php?rest_route=%2Fwp%2Fv2%2Ftags&post=63122"}],"curies":[{"name":"wp","href":"https:\/\/api.w.org\/{rel}","templated":true}]}}