{"id":63157,"date":"2025-05-12T23:41:07","date_gmt":"2025-05-13T02:41:07","guid":{"rendered":"https:\/\/informateesquina.com\/?p=63157"},"modified":"2025-05-12T23:41:07","modified_gmt":"2025-05-13T02:41:07","slug":"asumio-la-nueva-ministra-de-ciencia-y-tecnologia-de-corrientes-2","status":"publish","type":"post","link":"http:\/\/informateesquina.com\/?p=63157","title":{"rendered":"Asumi\u00f3 la nueva ministra de Ciencia y Tecnolog\u00eda de Corrientes"},"content":{"rendered":"<h1><span style=\"color: #333333; font-size: 15px;\">El acto se desarroll\u00f3 en el Sal\u00f3n Amarillo de Casa de Gobierno. El gobernador Gustavo Vald\u00e9s le tom\u00f3 juramento en el mediod\u00eda de este lunes 12 a Natalia Romero, presidenta del Partido Liberal de Santo Tom\u00e9 como la nueva titular de la cartera de Ciencia y Tecnolog\u00eda.\u00a0<\/span><\/h1>\n<div class=\"banner wline space-bottom\"><\/div>\n<div class=\"fotos-y-videos\">\n<div class=\"tab-content\">\n<div id=\"fotos\" class=\"tab-pane fade in active\" role=\"tabpanel\"><a class=\"fotos-desarrollo unlink\" title=\"Asumi\u00f3 la nueva ministra de Ciencia y Tecnolog\u00eda de Corrientes\" href=\"https:\/\/www.radiosudamericana.com\/notix\/multimedia\/imagenes\/fotos\/2025-05-12\/486665.jpg\"><img loading=\"lazy\" decoding=\"async\" class=\"img-responsive lazyload center-block\" src=\"https:\/\/www.radiosudamericana.com\/notix\/multimedia\/imagenes\/fotos\/2025-05-12\/486665.jpg_nota.jpg\" alt=\"Asumi\u00f3 la nueva ministra de Ciencia y Tecnolog\u00eda de Corrientes\" width=\"700\" height=\"466\" \/><\/a><\/div>\n<\/div>\n<\/div>\n<p>&nbsp;<\/p>\n<div class=\"cuerpo\">\n<p>Este lunes el gobernador Gustavo Vald\u00e9s tom\u00f3 juramento a la escribana Natalia Romero, quien de esta manera asumi\u00f3 el cargo de ministra de Ciencia y Tecnolog\u00eda de la provincia. Fue en el Sal\u00f3n Amarillo de Casa de Gobierno, ante la presencia de ministros, secretarios y dem\u00e1s autoridades. El mandatario destac\u00f3 la incorporaci\u00f3n de una nueva mujer al Gabinete y que el desaf\u00edo est\u00e1 en \u201calcanzar niveles de calidad diferentes hacia la modernizaci\u00f3n del Estado\u201d.<\/p>\n<p>Al inicio, se dio lectura al Decreto N\u00ba 926 por medio del cual se design\u00f3 a Jessica Natalia Romero en el cargo de ministra de Ciencia y Tecnolog\u00eda. Luego, el escribano mayor de Gobierno, Rolando Battilana, a cargo de la fiscalizaci\u00f3n del acto, ley\u00f3 el acta correspondiente, tras lo cual el gobernador Vald\u00e9s tom\u00f3 juramento de ley de posesi\u00f3n del cargo a la flamante titular de la cartera.<\/p>\n<p><a class=\"fotos-desarrollo unlink\" title=\"Asumi\u00f3 la nueva ministra de Ciencia y Tecnolog\u00eda de Corrientes\" href=\"https:\/\/www.radiosudamericana.com\/notix\/multimedia\/imagenes\/fotos\/2025-05-12\/549860.jpg\"><img decoding=\"async\" class=\"img-responsive\" src=\"https:\/\/www.radiosudamericana.com\/notix\/multimedia\/imagenes\/fotos\/2025-05-12\/549860.jpg_nota.jpg\" \/><\/a><\/p>\n<p>A la hora de su discurso, Vald\u00e9s hizo hincapi\u00e9 en que sumar una nueva mujer al Gabinete \u201ces algo hist\u00f3rico para la Provincia\u201d, teniendo en cuenta que con la asunci\u00f3n de Romero ya son cuatro en funciones, con Alejandra Eliciri en Turismo, Mariel Gabur en Industria y Pr\u00e1xedes L\u00f3pez en Educaci\u00f3n.<\/p>\n<p>\u201cSon mujeres con una enorme capacidad de trabajo y de gesti\u00f3n y una mirada importante\u201d, manifest\u00f3 el gobernador, destacando que \u201csumamos otra mujer de dilatada trayectoria en pol\u00edtica que va a conducir los destinos de un ministerio complejo, que tiene que ver con la tecnolog\u00eda y el desarrollo\u201d. Entre sus tareas est\u00e1 la coordinar el trabajo con la empresa del Estado correntino TelCo, \u201ccomo algo que es clave\u201d, asever\u00f3 el mandatario.<\/p>\n<p>&nbsp;<\/p>\n<p>Para Vald\u00e9s, todo forma parte de una \u201cmirada innovadora, incorporando nuevos desaf\u00edos en tecnolog\u00eda para alcanzar niveles de calidad diferentes hacia la modernizaci\u00f3n del Estado\u201d.<\/p>\n<p>Tras felicitar a Romero por el cargo que le toca llevar adelante, Vald\u00e9s le dese\u00f3 \u201cuna buena gesti\u00f3n\u201d y le garantiz\u00f3 el pleno acompa\u00f1amiento en su trabajo de los dem\u00e1s ministros del Ejecutivo provincial.<\/p>\n<p>En tanto, la ministra declar\u00f3 ante la prensa que en su cartera \u201chay una l\u00ednea de trabajo ya establecida\u201d y que su objetivo ser\u00e1 reforzarla, agilizar procesos y \u201cdejar un Ministerio ordenado para la pr\u00f3xima gesti\u00f3n\u201d.<\/p>\n<p><a class=\"fotos-desarrollo unlink\" title=\"Asumi\u00f3 la nueva ministra de Ciencia y Tecnolog\u00eda de Corrientes\" href=\"https:\/\/www.radiosudamericana.com\/notix\/multimedia\/imagenes\/fotos\/2025-05-12\/114686.jpg\"><img decoding=\"async\" class=\"img-responsive\" src=\"https:\/\/www.radiosudamericana.com\/notix\/multimedia\/imagenes\/fotos\/2025-05-12\/114686.jpg_nota.jpg\" \/><\/a><\/p>\n<p>\u201cMe siento honrada de asumir esta responsabilidad. La ciudadan\u00eda me ir\u00e1 conociendo mejor con el tiempo, pero sepan que voy a dar lo mejor de m\u00ed desde este lugar\u201d, enfatiz\u00f3.<\/p>\n<h2><strong>Presencias<\/strong><\/h2>\n<p>Tambi\u00e9n asistieron al acto en el Sal\u00f3n Amarillo el vicegobernador, Pedro Braillard Poccard, la totalidad de los ministros provinciales; secretarios y subsecretarios del Gabinete provincial, presidentes y administradores de entes aut\u00e1rquicos y descentralizados, legisladores nacionales y provinciales y autoridades municipales.<\/p>\n<p><a class=\"fotos-desarrollo unlink\" title=\"Asumi\u00f3 la nueva ministra de Ciencia y Tecnolog\u00eda de Corrientes\" href=\"https:\/\/www.radiosudamericana.com\/notix\/multimedia\/imagenes\/fotos\/2025-05-12\/975097.jpg\"><img decoding=\"async\" class=\"img-responsive\" src=\"https:\/\/www.radiosudamericana.com\/notix\/multimedia\/imagenes\/fotos\/2025-05-12\/975097.jpg_nota.jpg\" \/><\/a><\/p>\n<\/div>\n","protected":false},"excerpt":{"rendered":"<p>El acto se desarroll\u00f3 en el Sal\u00f3n Amarillo de Casa de Gobierno. El gobernador Gustavo Vald\u00e9s le tom\u00f3 juramento en el mediod\u00eda de este lunes 12 a Natalia Romero, presidenta del Partido Liberal de Santo Tom\u00e9 como la nueva titular de la cartera de Ciencia y Tecnolog\u00eda.\u00a0 &nbsp; Este lunes el gobernador Gustavo Vald\u00e9s tom\u00f3 [&hellip;]<\/p>\n","protected":false},"author":3,"featured_media":63188,"comment_status":"open","ping_status":"open","sticky":false,"template":"","format":"standard","meta":{"footnotes":""},"categories":[9],"tags":[136],"class_list":["post-63157","post","type-post","status-publish","format-standard","has-post-thumbnail","hentry","category-politica","tag-destacados"],"_links":{"self":[{"href":"http:\/\/informateesquina.com\/index.php?rest_route=\/wp\/v2\/posts\/63157","targetHints":{"allow":["GET"]}}],"collection":[{"href":"http:\/\/informateesquina.com\/index.php?rest_route=\/wp\/v2\/posts"}],"about":[{"href":"http:\/\/informateesquina.com\/index.php?rest_route=\/wp\/v2\/types\/post"}],"author":[{"embeddable":true,"href":"http:\/\/informateesquina.com\/index.php?rest_route=\/wp\/v2\/users\/3"}],"replies":[{"embeddable":true,"href":"http:\/\/informateesquina.com\/index.php?rest_route=%2Fwp%2Fv2%2Fcomments&post=63157"}],"version-history":[{"count":1,"href":"http:\/\/informateesquina.com\/index.php?rest_route=\/wp\/v2\/posts\/63157\/revisions"}],"predecessor-version":[{"id":63195,"href":"http:\/\/informateesquina.com\/index.php?rest_route=\/wp\/v2\/posts\/63157\/revisions\/63195"}],"wp:featuredmedia":[{"embeddable":true,"href":"http:\/\/informateesquina.com\/index.php?rest_route=\/wp\/v2\/media\/63188"}],"wp:attachment":[{"href":"http:\/\/informateesquina.com\/index.php?rest_route=%2Fwp%2Fv2%2Fmedia&parent=63157"}],"wp:term":[{"taxonomy":"category","embeddable":true,"href":"http:\/\/informateesquina.com\/index.php?rest_route=%2Fwp%2Fv2%2Fcategories&post=63157"},{"taxonomy":"post_tag","embeddable":true,"href":"http:\/\/informateesquina.com\/index.php?rest_route=%2Fwp%2Fv2%2Ftags&post=63157"}],"curies":[{"name":"wp","href":"https:\/\/api.w.org\/{rel}","templated":true}]}}