{"id":63197,"date":"2025-05-13T09:50:04","date_gmt":"2025-05-13T12:50:04","guid":{"rendered":"https:\/\/informateesquina.com\/?p=63197"},"modified":"2025-05-13T09:51:27","modified_gmt":"2025-05-13T12:51:27","slug":"carreros-chocaron-con-un-colectivo-en-bella-vista-murio-una-mujer","status":"publish","type":"post","link":"http:\/\/informateesquina.com\/?p=63197","title":{"rendered":"Carreros chocaron con un colectivo en Bella Vista: muri\u00f3 una mujer"},"content":{"rendered":"<div>\n<p class=\"copete\">El siniestro ocurri\u00f3 este lunes por la tarde sobre la Ruta Provincial 27, a la altura del kil\u00f3metro 52. La v\u00edctima viajaba en un carro de tracci\u00f3n a sangre junto a otras dos personas que resultaron heridas.<\/p>\n<div>\n<div class=\"fotos-y-videos\">\n<div class=\"tab-content\">\n<div id=\"fotos\" class=\"tab-pane fade in active\" role=\"tabpanel\"><a class=\"fotos-desarrollo unlink\" title=\"Carreros chocaron con un colectivo en Bella Vista: muri\u00f3 una mujer\" href=\"https:\/\/www.radiosudamericana.com\/notix\/multimedia\/imagenes\/fotos\/2025-05-13\/572049.jpg\"><img loading=\"lazy\" decoding=\"async\" class=\"img-responsive lazyload center-block\" src=\"https:\/\/www.radiosudamericana.com\/notix\/multimedia\/imagenes\/fotos\/2025-05-13\/572049.jpg_nota.jpg\" alt=\"Carreros chocaron con un colectivo en Bella Vista: muri\u00f3 una mujer\" width=\"700\" height=\"525\" \/><\/a><\/div>\n<\/div>\n<\/div>\n<div class=\"cuerpo\">\n<p>Una mujer perdi\u00f3 la vida este lunes como consecuencia de un siniestro vial ocurrido en la localidad correntina de Bella Vista. El hecho tuvo lugar alrededor de las 13:00 horas sobre la Ruta Provincial N\u00b0 27, en el kil\u00f3metro 52, y tuvo como protagonistas a un colectivo de transporte semiurbano y un carro de tracci\u00f3n a sangre equina.<\/p>\n<p>&nbsp;<\/p>\n<div id=\"leermas\"><\/div>\n<p>&nbsp;<\/p>\n<p>Seg\u00fan la informaci\u00f3n policial preliminar, el colectivo, marca Mercedes Benz, era conducido por un hombre de apellido Rivero, mayor de edad. En tanto, el carro era guiado por un sujeto identificado como Palacios, quien iba acompa\u00f1ado por un joven y una mujer, ambos tambi\u00e9n mayores de edad.<\/p>\n<p>Como resultado del impacto, la mujer, tambi\u00e9n de apellido Palacios, sufri\u00f3 heridas de gravedad y falleci\u00f3 en el lugar. Los otros dos ocupantes del carro fueron trasladados al hospital local con diversas lesiones.<\/p>\n<p>Efectivos de la Comisar\u00eda Distrito Segunda de Bella Vista intervinieron en el lugar del hecho, donde se realizaron las diligencias correspondientes. Mientras tanto, en la dependencia policial se contin\u00faan con los tr\u00e1mites legales de rigor para determinar las causas del accidente.<\/p>\n<p>Radio Sudamericana<\/p>\n<\/div>\n<\/div>\n<\/div>\n","protected":false},"excerpt":{"rendered":"<p>El siniestro ocurri\u00f3 este lunes por la tarde sobre la Ruta Provincial 27, a la altura del kil\u00f3metro 52. La v\u00edctima viajaba en un carro de tracci\u00f3n a sangre junto a otras dos personas que resultaron heridas. Una mujer perdi\u00f3 la vida este lunes como consecuencia de un siniestro vial ocurrido en la localidad correntina [&hellip;]<\/p>\n","protected":false},"author":3,"featured_media":63198,"comment_status":"open","ping_status":"open","sticky":false,"template":"","format":"standard","meta":{"footnotes":""},"categories":[8],"tags":[],"class_list":["post-63197","post","type-post","status-publish","format-standard","has-post-thumbnail","hentry","category-policiales"],"_links":{"self":[{"href":"http:\/\/informateesquina.com\/index.php?rest_route=\/wp\/v2\/posts\/63197","targetHints":{"allow":["GET"]}}],"collection":[{"href":"http:\/\/informateesquina.com\/index.php?rest_route=\/wp\/v2\/posts"}],"about":[{"href":"http:\/\/informateesquina.com\/index.php?rest_route=\/wp\/v2\/types\/post"}],"author":[{"embeddable":true,"href":"http:\/\/informateesquina.com\/index.php?rest_route=\/wp\/v2\/users\/3"}],"replies":[{"embeddable":true,"href":"http:\/\/informateesquina.com\/index.php?rest_route=%2Fwp%2Fv2%2Fcomments&post=63197"}],"version-history":[{"count":3,"href":"http:\/\/informateesquina.com\/index.php?rest_route=\/wp\/v2\/posts\/63197\/revisions"}],"predecessor-version":[{"id":63201,"href":"http:\/\/informateesquina.com\/index.php?rest_route=\/wp\/v2\/posts\/63197\/revisions\/63201"}],"wp:featuredmedia":[{"embeddable":true,"href":"http:\/\/informateesquina.com\/index.php?rest_route=\/wp\/v2\/media\/63198"}],"wp:attachment":[{"href":"http:\/\/informateesquina.com\/index.php?rest_route=%2Fwp%2Fv2%2Fmedia&parent=63197"}],"wp:term":[{"taxonomy":"category","embeddable":true,"href":"http:\/\/informateesquina.com\/index.php?rest_route=%2Fwp%2Fv2%2Fcategories&post=63197"},{"taxonomy":"post_tag","embeddable":true,"href":"http:\/\/informateesquina.com\/index.php?rest_route=%2Fwp%2Fv2%2Ftags&post=63197"}],"curies":[{"name":"wp","href":"https:\/\/api.w.org\/{rel}","templated":true}]}}