{"id":63202,"date":"2025-05-13T09:52:42","date_gmt":"2025-05-13T12:52:42","guid":{"rendered":"https:\/\/informateesquina.com\/?p=63202"},"modified":"2025-05-13T09:52:42","modified_gmt":"2025-05-13T12:52:42","slug":"el-gobierno-provincial-analiza-un-incremento-salarial-para-estatales","status":"publish","type":"post","link":"http:\/\/informateesquina.com\/?p=63202","title":{"rendered":"El Gobierno provincial analiza un incremento salarial para estatales"},"content":{"rendered":"<div>\n<p class=\"copete\">Tal como lo anunci\u00f3 el gobernador Gustavo Vald\u00e9s, se est\u00e1 \u201canalizando\u201d la posibilidad de un nuevo incremento salarial para los trabajadores estatales. De acuerdo a la informaci\u00f3n suministrada por el cronista de Radio Sudamericana en los pr\u00f3ximos d\u00edas habr\u00eda alg\u00fan tipo de novedades al respecto.<\/p>\n<div class=\"fotos-y-videos\">\n<div class=\"tab-content\">\n<div id=\"fotos\" class=\"tab-pane fade in active\" role=\"tabpanel\"><a class=\"fotos-desarrollo unlink\" title=\"El Gobierno provincial analiza un incremento salarial para estatales\" href=\"https:\/\/www.radiosudamericana.com\/notix\/multimedia\/imagenes\/fotos\/2025-05-13\/903727.jpg\"><img loading=\"lazy\" decoding=\"async\" class=\"img-responsive lazyload center-block\" src=\"https:\/\/www.radiosudamericana.com\/notix\/multimedia\/imagenes\/fotos\/2025-05-13\/903727.jpg_nota.jpg\" alt=\"El Gobierno provincial analiza un incremento salarial para estatales\" width=\"700\" height=\"393\" \/><\/a><\/div>\n<\/div>\n<\/div>\n<p>&nbsp;<\/p>\n<div class=\"audios-desarrollo\">\n<div id=\"audio-1\"><audio src=\"https:\/\/www.radiosudamericana.com\/notix\/multimedia\/audios\/2025-05-13\/924463.mp3\" controls=\"controls\" data-mce-fragment=\"1\"><\/audio><\/div>\n<\/div>\n<p>&nbsp;<\/p>\n<div class=\"cuerpo\">\n<p>El m\u00f3vil de Radio Sudamericana inform\u00f3 que desde el Gobierno de Corrientes est\u00e1n trabajando sobre la posibilidad de un aumento salarial para los empleados p\u00fablicos de la provincia y que en los pr\u00f3ximos d\u00edas habr\u00eda alg\u00fan tipo de novedades al respecto.<\/p>\n<p>&nbsp;<\/p>\n<\/div>\n<div>Radio Sudamericana<\/div>\n<\/div>\n","protected":false},"excerpt":{"rendered":"<p>Tal como lo anunci\u00f3 el gobernador Gustavo Vald\u00e9s, se est\u00e1 \u201canalizando\u201d la posibilidad de un nuevo incremento salarial para los trabajadores estatales. De acuerdo a la informaci\u00f3n suministrada por el cronista de Radio Sudamericana en los pr\u00f3ximos d\u00edas habr\u00eda alg\u00fan tipo de novedades al respecto. &nbsp; &nbsp; El m\u00f3vil de Radio Sudamericana inform\u00f3 que desde [&hellip;]<\/p>\n","protected":false},"author":3,"featured_media":63203,"comment_status":"open","ping_status":"open","sticky":false,"template":"","format":"standard","meta":{"footnotes":""},"categories":[9],"tags":[],"class_list":["post-63202","post","type-post","status-publish","format-standard","has-post-thumbnail","hentry","category-politica"],"_links":{"self":[{"href":"http:\/\/informateesquina.com\/index.php?rest_route=\/wp\/v2\/posts\/63202","targetHints":{"allow":["GET"]}}],"collection":[{"href":"http:\/\/informateesquina.com\/index.php?rest_route=\/wp\/v2\/posts"}],"about":[{"href":"http:\/\/informateesquina.com\/index.php?rest_route=\/wp\/v2\/types\/post"}],"author":[{"embeddable":true,"href":"http:\/\/informateesquina.com\/index.php?rest_route=\/wp\/v2\/users\/3"}],"replies":[{"embeddable":true,"href":"http:\/\/informateesquina.com\/index.php?rest_route=%2Fwp%2Fv2%2Fcomments&post=63202"}],"version-history":[{"count":1,"href":"http:\/\/informateesquina.com\/index.php?rest_route=\/wp\/v2\/posts\/63202\/revisions"}],"predecessor-version":[{"id":63204,"href":"http:\/\/informateesquina.com\/index.php?rest_route=\/wp\/v2\/posts\/63202\/revisions\/63204"}],"wp:featuredmedia":[{"embeddable":true,"href":"http:\/\/informateesquina.com\/index.php?rest_route=\/wp\/v2\/media\/63203"}],"wp:attachment":[{"href":"http:\/\/informateesquina.com\/index.php?rest_route=%2Fwp%2Fv2%2Fmedia&parent=63202"}],"wp:term":[{"taxonomy":"category","embeddable":true,"href":"http:\/\/informateesquina.com\/index.php?rest_route=%2Fwp%2Fv2%2Fcategories&post=63202"},{"taxonomy":"post_tag","embeddable":true,"href":"http:\/\/informateesquina.com\/index.php?rest_route=%2Fwp%2Fv2%2Ftags&post=63202"}],"curies":[{"name":"wp","href":"https:\/\/api.w.org\/{rel}","templated":true}]}}