{"id":63212,"date":"2025-05-13T16:35:14","date_gmt":"2025-05-13T19:35:14","guid":{"rendered":"https:\/\/informateesquina.com\/?p=63212"},"modified":"2025-05-13T16:35:14","modified_gmt":"2025-05-13T19:35:14","slug":"murio-jose-pepe-mujica-el-expresidente-de-uruguay","status":"publish","type":"post","link":"http:\/\/informateesquina.com\/?p=63212","title":{"rendered":"Muri\u00f3 Jos\u00e9 &#8220;Pepe&#8221; Mujica, el expresidente de Uruguay"},"content":{"rendered":"<div>\n<p class=\"copete\">La muerte de\u00a0Jos\u00e9 Mujica\u00a0fue anunciada por el presidente uruguayo\u00a0Yamand\u00fa Orsi. Desde hac\u00eda tiempo, el ex presidente (2010-2015), popularmente conocido como \u201cel m\u00e1s pobre del mundo\u201d, dec\u00eda que era parte de una generaci\u00f3n que se est\u00e1 yendo. Pero en abril del a\u00f1o pasado ese comentario dej\u00f3 de ser un lugar com\u00fan de un veterano sabio para convertirse en una realidad probable.<\/p>\n<div>\n<div class=\"fotos-y-videos\">\n<div class=\"tab-content\">\n<div id=\"fotos\" class=\"tab-pane fade in active\" role=\"tabpanel\"><a class=\"fotos-desarrollo unlink\" title=\"Muri\u00f3 Jos\u00e9 Pepe Mujica, el expresidente de Uruguay\" href=\"https:\/\/www.radiosudamericana.com\/notix\/multimedia\/imagenes\/fotos\/2025-05-13\/936162.jpg\"><img loading=\"lazy\" decoding=\"async\" class=\"img-responsive lazyload center-block\" src=\"https:\/\/www.radiosudamericana.com\/notix\/multimedia\/imagenes\/fotos\/2025-05-13\/936162.jpg_nota.jpg\" alt=\"Muri\u00f3 Jos\u00e9 Pepe Mujica, el expresidente de Uruguay\" width=\"700\" height=\"466\" \/><\/a><\/div>\n<\/div>\n<\/div>\n<div class=\"cuerpo\">\n<p>\u201cCon profundo dolor comunicamos que falleci\u00f3 nuestro compa\u00f1ero Pepe Mujica. Presidente, militante, referente y conductor. Te vamos a extra\u00f1ar mucho Viejo querido. Gracias por todo lo que nos diste y por tu profundo amor por tu pueblo\u201d, inform\u00f3\u00a0Orsi.<\/p>\n<p>&nbsp;<\/p>\n<p>Mujica llam\u00f3 de forma sorpresiva a una conferencia de prensa para anunciar \u00e9l mismo que ten\u00eda\u00a0c\u00e1ncer de es\u00f3fago.\u00a0Despu\u00e9s de eso vinieron 32 sesiones de radioterapia, la desaparici\u00f3n de los indicios del tumor y una dolorosa recuperaci\u00f3n con varias internaciones por los problemas para alimentarse que sufri\u00f3 el hist\u00f3rico dirigente de la izquierda.<\/p>\n<p>&nbsp;<\/p>\n<p>Pero luego lleg\u00f3 la noticia que son\u00f3 como definitiva. Otra vez \u00e9l mismo, en enero de 2025 y en este caso en una entrevista con\u00a0B\u00fasqueda, inform\u00f3 que\u00a0su c\u00e1ncer hab\u00eda hecho met\u00e1stasis\u00a0y dej\u00f3 un mensaje de despedida a la poblaci\u00f3n.\u00a0\u201cHasta ac\u00e1 llegu\u00e9\u201d, dijo, y pidi\u00f3 que lo dejaran tranquilo, que no le solicitaran m\u00e1s entrevistas, que le dejaran atravesar\u00a0la etapa final de su vida en su chacra, andando en tractor y recorriendo sus plantaciones.<\/p>\n<p>&nbsp;<\/p>\n<p>Ese pedido no se cumplir\u00eda. Debilitado, Mujica seguir\u00eda siendo parte de la vida pol\u00edtica de Uruguay y en su chacra recibir\u00eda a presidentes, ex mandatarios, periodistas y artistas. Tambi\u00e9n tendr\u00eda tiempo para salir de su casa a actos militantes y para la asunci\u00f3n del nuevo Parlamento y el nuevo presidente de Uruguay.<\/p>\n<p>&nbsp;<\/p>\n<p>En esa entrevista, Mujica coment\u00f3 que\u00a0su vida fue \u201cun poco una novela\u201d, en la que la presidencia fue \u201cuna pavada\u201d. Es que su historia es la de un viejo guerrillero, el h\u00e9roe para miles y el villano de otros tantos, que se integr\u00f3 a la pol\u00edtica formal y lleg\u00f3 al m\u00e1ximo cargo al que puede aspirar un dirigente. Pero no fue un presidente m\u00e1s de Uruguay: su forma de vida y su filosof\u00eda lo llevaron a ser un personaje atractivo en todo el mundo.<\/p>\n<p>&nbsp;<\/p>\n<p>Mujica muri\u00f3 este lunes en su chacra de Rinc\u00f3n del Cerro, a las afueras de Montevideo. El domingo, d\u00eda de las elecciones departamentales en Uruguay, no hab\u00eda podido ir a votar. \u201cEst\u00e1 en una meseta, est\u00e1 a t\u00e9rmino\u201d, dijo a Radio Sarand\u00ed su esposa, Luc\u00eda Topolansky. \u201cEstoy hace m\u00e1s de 40 a\u00f1os con \u00e9l y voy a estar hasta el final. Eso es lo que le promet\u00ed\u201d, agreg\u00f3.<\/p>\n<p>Su \u00faltimo deseo fue que sus restos se entierren en su chacra, donde tambi\u00e9n descansa uno de sus amores que tambi\u00e9n lo hizo distintivo: su perra de tres patas, Manuela.<\/p>\n<h2><strong>Mujica, el tupamaro: seis balazos y 15 a\u00f1os de c\u00e1rcel<\/strong><\/h2>\n<p>El padre de Mujica muri\u00f3 cuando \u00e9l ten\u00eda siete a\u00f1os y su madre, Lucy Cordano, fue la encargada de su crianza y tambi\u00e9n de la de su hermana menor. Viv\u00edan en una vivienda del Paso de la Arena, un barrio de clase media baja, ubicado en la zona semi rural de Montevideo, cerca de la chacra del final de sus d\u00edas.<\/p>\n<p>Jos\u00e9 Mujica\u00a0fue preso por primera vez en 1964\u00a0por robar el dep\u00f3sito de una f\u00e1brica de Montevideo. Lo hizo porque era\u00a0tupa\u00a0\u2013un integrante del\u00a0Movimiento de Liberaci\u00f3n Nacional-Tupamaros, el principal grupo armado de Uruguay en la d\u00e9cada de los 60\u2013 y hab\u00eda que juntar dinero para la organizaci\u00f3n. Estuvo en la c\u00e1rcel m\u00e1s de ocho meses por hurto, seg\u00fan narra el libro\u00a0Una oveja negra al poder,\u00a0de Andr\u00e9s Danza y Ernesto Tulbovitz.<\/p>\n<p>&nbsp;<\/p>\n<p>La segunda vez cay\u00f3 en 1970 y 1972, cuando fue detenido por ser tupamaro y luego logr\u00f3 escaparse. En el 70 lo encontraron en un bar de Montevideo y Mujica amenaz\u00f3 con resistirse. Pero\u00a0le dieron seis balazos que lo llevaron a estar cerca de la muerte. Otra vez escap\u00f3 y otra vez volvi\u00f3 a caer.<\/p>\n<p>Su ca\u00edda definitiva fue en agosto de 1972 y no saldr\u00eda hasta marzo de 1985. Estuvo en la c\u00e1rcel durante toda la dictadura militar del pa\u00eds, que se inici\u00f3 en 1973 y finaliz\u00f3 en 1985, cuando\u00a0Julio Mar\u00eda Sanguinetti\u00a0asumi\u00f3 la Presidencia del pa\u00eds. En esa oportunidad fue catalogado como uno de los ocho jefes de los guerrilleros.<\/p>\n<p>&nbsp;<\/p>\n<p>Estuvo preso en un lugar sin ventilaci\u00f3n ni colchones. Y\u00a0se volvi\u00f3 loco: empez\u00f3 a hablar con las hormigas, a tener delirios y termin\u00f3 internado en el Hospital Militar. \u201cA principios de los 80 me llevaron al Hospital Militar.\u00a0Ten\u00eda una persecuta de la gran puta, no paraba de tener visiones y cosas as\u00ed. Vino una psiquiatra a atenderme. Me dio un pu\u00f1ado de pastillas y nunca tom\u00e9 ninguna\u201d, cont\u00f3 en el libro. Pero la mujer recomend\u00f3 que lo dejaran leer y escribir y su vida cambi\u00f3 por completo.<\/p>\n<p>Mientras le llevaba libros a su hijo prisionero,\u00a0la madre de Mujica pensaba en su interior: \u201cPepe va a llegar a ser presidente\u201d. Nunca se lo dijo, pero d\u00e9cadas despu\u00e9s el tiempo le termin\u00f3 dando la raz\u00f3n.<\/p>\n<h2><strong>De la \u201cverga\u201d que no era para \u00e9l al presidente rockstar<\/strong><\/h2>\n<p>Con el colorado Julio Mar\u00eda Sanguinetti en la Presidencia, Mujica comenz\u00f3 a militar en la reconstrucci\u00f3n del Movimiento de Liberaci\u00f3n Nacional (MLN). Su figura creci\u00f3 y con sus reflexiones cautiv\u00f3 a los j\u00f3venes que se acercaban al espacio. El dirigente hablaba de la importancia del perd\u00f3n, de superar al pasado y de tener apertura a distintas ideolog\u00edas.<\/p>\n<p>\u201cNo acompa\u00f1o el camino del odio, ni aun hacia aquellos que tuvieron bajezas con nosotros. El odio no construye. Esto no es pose demag\u00f3gica, no es cosa de andar eludiendo el bulto, de poner una cara linda: es cosa de principios\u201d, dijo en su primera arenga, seg\u00fan reconstruye el libro de Danza y Tulbovitz.<\/p>\n<p>&nbsp;<\/p>\n<p>Tras salir de la c\u00e1rcel,\u00a0el viejo guerrillero dej\u00f3 de lado ese per\u00edodo de lucha contra el sistema pol\u00edtico\u00a0\u2013que fue una de las causas de la cruel dictadura que sufri\u00f3 Uruguay durante 12 a\u00f1os y sobre la que todav\u00eda quedan heridas abiertas\u2013\u00a0para adaptarse a las reglas del juego democr\u00e1tico, ser legislador durante cuatro per\u00edodos, liderar el movimiento m\u00e1s votado y llegar a ser presidente.<\/p>\n<p>Mujica lleg\u00f3 al Parlamento por primera vez en 1995 en una peque\u00f1a moto Yamaha, vestido con vaqueros y camisa de jean, y la estacion\u00f3 delante de los autos. As\u00ed comenz\u00f3 el mito. En las elecciones de 1999 \u2013en las que\u00a0Jorge Batlle\u00a0fue electo presidente\u2013, su sector pol\u00edtico, el\u00a0Movimiento de Participaci\u00f3n Popular (MPP)\u00a0fue el m\u00e1s votado, algo que se repetir\u00eda en las siguientes cinco elecciones.<\/p>\n<p>&nbsp;<\/p>\n<p>Durante 2005, durante el primer gobierno del Frente Amplio, Mujica fue ministro de Ganader\u00eda de\u00a0Tabar\u00e9 V\u00e1zquez\u00a0y,\u00a0de a poco, comenz\u00f3 a asomar su candidatura a la Presidencia para el 2009, un cargo al que \u2013al menos dec\u00eda\u2013 no se imaginaba llegar.<\/p>\n<p>En 2005, Mujica descartaba por completo esa posibilidad y lo hac\u00eda con varias excusas. Que estaba viejo, que ten\u00eda dificultades para ser un \u201cbuen administrador\u201d, que no era \u201cmas\u00f3n ni universitario\u201d, que era \u201csapo de otro pozo\u201d.\u00a0\u201cEsa verga no es para m\u00ed\u201d, le dijo a los periodistas en ese entonces. Pero mientras \u00e9l descartaba la posibilidad, su candidatura maduraba. \u00bfEra una estrategia?\u00a0Mujica corri\u00f3 por afuera la carrera presidencial hasta que confirm\u00f3 que ser\u00eda candidato.\u00a0Le gan\u00f3 la interna a\u00a0Danilo Astori\u00a0\u2013el ministro de Econom\u00eda de Tabar\u00e9 V\u00e1zquez y un sin\u00f3nimo de tranquilidad para los mercados.<\/p>\n<p>&nbsp;<\/p>\n<p>La llegada de Mujica a la Presidencia fue de muchas promesas, algunas disparatadas y que nunca se concretar\u00edan, como la intenci\u00f3n de dividir Uruguay en seis regiones y no en 19 departamentos. Pero tambi\u00e9n fue un gobierno de algunos cambios estructurales.<\/p>\n<p>En su primer discurso como presidente ante el Parlamento, Mujica\u00a0prometi\u00f3 \u201ceducaci\u00f3n, educaci\u00f3n y, una vez m\u00e1s, educaci\u00f3n\u201d.\u00a0En su mandato no logr\u00f3 una buena sacudida, pero logr\u00f3 jerarquizar la educaci\u00f3n destinada a transmitir oficios y cre\u00f3 la Universidad Tecnol\u00f3gica.<\/p>\n<p>&nbsp;<\/p>\n<p>Durante su mandato\u00a0tambi\u00e9n se concret\u00f3 el cambio de la matriz el\u00e9ctrica\u00a0(con la incorporaci\u00f3n de la energ\u00eda e\u00f3lica, solar y los biocombustibles),\u00a0apost\u00f3 por una nueva terminal regasificadora\u00a0(que termin\u00f3 fracasando y provoc\u00f3 p\u00e9rdidas millonarias para el Estado) y\u00a0concret\u00f3 una nueva interconexi\u00f3n el\u00e9ctrica con Brasil.\u00a0Las empresas p\u00fablicas aumentaron su inversi\u00f3n, lo que gener\u00f3 un\u00a0mayor dinamismo de la econom\u00eda pero tambi\u00e9n un aumento del d\u00e9ficit\u00a0\u2013cuestionado por la oposici\u00f3n y dentro del Frente Amplio, pero \u201cnecesario\u201d para Mujica.<\/p>\n<p>&nbsp;<\/p>\n<p>En su per\u00edodo tambi\u00e9n se aprobaron leyes sociales. Despu\u00e9s de un homicidio que conmocion\u00f3 a la sociedad, Mujica\u00a0promovi\u00f3 la legalizaci\u00f3n de la marihuana.\u00a0La ley fue aprobada en 2013, pero la venta legal reci\u00e9n se concretar\u00eda en 2017, durante la segunda gesti\u00f3n de Tabar\u00e9 V\u00e1zquez. Adem\u00e1s, se aprob\u00f3 la\u00a0despenalizaci\u00f3n del aborto\u00a0\u2013que hab\u00eda sido vetada por V\u00e1zquez en el primer gobierno de la izquierda\u2013 y\u00a0el matrimonio igualitario.<\/p>\n<p><strong>Su legado: una nueva Presidencia<\/strong><\/p>\n<p>Jos\u00e9 Mujica dej\u00f3 la Presidencia con 80 a\u00f1os y pens\u00f3 en ser de nuevo candidato. Las encuestas siempre lo mostraron como uno de los pol\u00edticos m\u00e1s populares del pa\u00eds, pero asumir un nuevo gobierno con 85 pod\u00eda ser un riesgo. Cuando Luis Lacalle Pou era un candidato cantado para las elecciones de 2019, se cruz\u00f3 con Mujica en el ba\u00f1o del Palacio Legislativo (el Congreso de Uruguay) y se lo consult\u00f3, seg\u00fan narr\u00f3 Danza, el bi\u00f3grafo del ex presidente fallecido.<\/p>\n<p>&nbsp;<\/p>\n<p>Mujica finalmente no fue candidato, pero fue una de las cartas que tuvo que buscar el presidenciable de la izquierda de ese a\u00f1o,\u00a0Daniel Mart\u00ednez. Antes del balotaje, el postulante anunci\u00f3 que Mujica ser\u00eda ministro de Ganader\u00eda si ganaba la elecci\u00f3n. Finalmente no sucedi\u00f3.<\/p>\n<p>El ex presidente asumi\u00f3 en el Senado, aunque renunci\u00f3 a los pocos meses\u00a0en una salida conjunta con Sanguinetti. Pero lejos estuvo de desaparecer de la agenda:\u00a0cada opini\u00f3n que daba desde su chacra ten\u00eda impacto en la ciudadan\u00eda y en el sistema pol\u00edtico. Tambi\u00e9n particip\u00f3 de varios encuentros junto a Sanguinetti y al otro ex presidente vivo, Luis Alberto Lacalle, en un gesto democr\u00e1tico destacado.<\/p>\n<p>&nbsp;<\/p>\n<p>Mujica extra\u00f1\u00f3 durante la campa\u00f1a electoral poder participar de varios actos y recorridas por el pa\u00eds como sol\u00eda hacerlo, pero de todas formas dijo presente en algunos eventos apoyando a su delf\u00edn.<\/p>\n<p>El periodista Leonardo Haberkorn escribi\u00f3 en una columna en\u00a0El Observador\u00a0que Mujica en su juventud malinterpret\u00f3 la \u201crealidad pol\u00edtica y el \u00e1nimo popular\u201d, y cometi\u00f3 \u201cerrores enormes que contribuyeron a llevar al Uruguay al momento m\u00e1s negro de su historia\u201d. Sin embargo, destac\u00f3 que al final de su vida fue un \u201cl\u00facido decodificador del clima pol\u00edtico y de las ilusiones colectivas de la mayor\u00eda de sus compatriotas\u201d.<\/p>\n<p>&nbsp;<\/p>\n<p>Enferma de c\u00e1ncer y desde su chacra,\u00a0Mujica fue una pieza clave para que el Frente Amplio volviera al poder. El MPP, su sector, tuvo una votaci\u00f3n hist\u00f3rica y tiene una amplia bancada en el Parlamento. A la hora 20.30 del 24 de noviembre de 2024, Mujica \u2013sentado al lado de su esposa,\u00a0Luc\u00eda Topolansky\u2013 vio por televisi\u00f3n que su candidato,\u00a0Yamand\u00fa Orsi, era el presidente electo de Uruguay. Y, probablemente,\u00a0en ese momento pens\u00f3 que su legado contin\u00faa.<\/p>\n<\/div>\n<\/div>\n<div id=\"Native-MultiPlex\" data-google-query-id=\"CPSfw5aYoY0DFf9s3QIdrlA9Rw\">\n<div id=\"google_ads_iframe_\/21849154601,21669678094\/Ad.Plus-MultiPlex_0__container__\">Radio Sudamericana<\/div>\n<\/div>\n<\/div>\n","protected":false},"excerpt":{"rendered":"<p>La muerte de\u00a0Jos\u00e9 Mujica\u00a0fue anunciada por el presidente uruguayo\u00a0Yamand\u00fa Orsi. Desde hac\u00eda tiempo, el ex presidente (2010-2015), popularmente conocido como \u201cel m\u00e1s pobre del mundo\u201d, dec\u00eda que era parte de una generaci\u00f3n que se est\u00e1 yendo. Pero en abril del a\u00f1o pasado ese comentario dej\u00f3 de ser un lugar com\u00fan de un veterano sabio para [&hellip;]<\/p>\n","protected":false},"author":3,"featured_media":63213,"comment_status":"open","ping_status":"open","sticky":false,"template":"","format":"standard","meta":{"footnotes":""},"categories":[5],"tags":[],"class_list":["post-63212","post","type-post","status-publish","format-standard","has-post-thumbnail","hentry","category-internacionales"],"_links":{"self":[{"href":"http:\/\/informateesquina.com\/index.php?rest_route=\/wp\/v2\/posts\/63212","targetHints":{"allow":["GET"]}}],"collection":[{"href":"http:\/\/informateesquina.com\/index.php?rest_route=\/wp\/v2\/posts"}],"about":[{"href":"http:\/\/informateesquina.com\/index.php?rest_route=\/wp\/v2\/types\/post"}],"author":[{"embeddable":true,"href":"http:\/\/informateesquina.com\/index.php?rest_route=\/wp\/v2\/users\/3"}],"replies":[{"embeddable":true,"href":"http:\/\/informateesquina.com\/index.php?rest_route=%2Fwp%2Fv2%2Fcomments&post=63212"}],"version-history":[{"count":1,"href":"http:\/\/informateesquina.com\/index.php?rest_route=\/wp\/v2\/posts\/63212\/revisions"}],"predecessor-version":[{"id":63214,"href":"http:\/\/informateesquina.com\/index.php?rest_route=\/wp\/v2\/posts\/63212\/revisions\/63214"}],"wp:featuredmedia":[{"embeddable":true,"href":"http:\/\/informateesquina.com\/index.php?rest_route=\/wp\/v2\/media\/63213"}],"wp:attachment":[{"href":"http:\/\/informateesquina.com\/index.php?rest_route=%2Fwp%2Fv2%2Fmedia&parent=63212"}],"wp:term":[{"taxonomy":"category","embeddable":true,"href":"http:\/\/informateesquina.com\/index.php?rest_route=%2Fwp%2Fv2%2Fcategories&post=63212"},{"taxonomy":"post_tag","embeddable":true,"href":"http:\/\/informateesquina.com\/index.php?rest_route=%2Fwp%2Fv2%2Ftags&post=63212"}],"curies":[{"name":"wp","href":"https:\/\/api.w.org\/{rel}","templated":true}]}}