{"id":63215,"date":"2025-05-14T09:19:28","date_gmt":"2025-05-14T12:19:28","guid":{"rendered":"https:\/\/informateesquina.com\/?p=63215"},"modified":"2025-05-14T09:19:28","modified_gmt":"2025-05-14T12:19:28","slug":"valdes-recorrio-la-obra-en-construccion-del-hotel-marriott","status":"publish","type":"post","link":"http:\/\/informateesquina.com\/?p=63215","title":{"rendered":"Vald\u00e9s recorri\u00f3 la obra en construcci\u00f3n del Hotel Marriott"},"content":{"rendered":"<div>\n<p class=\"copete\">El gobernador Gustavo Vald\u00e9s, este martes, visit\u00f3 la construcci\u00f3n del Hotel Marriott ubicado por la Costanera Sur de Corrientes Capital.<\/p>\n<div>\n<div class=\"fotos-y-videos\">\n<div class=\"tab-content\">\n<div id=\"fotos\" class=\"tab-pane fade in active\" role=\"tabpanel\"><a class=\"fotos-desarrollo unlink\" title=\"Vald\u00e9s recorri\u00f3 la obra en construcci\u00f3n del Hotel Marriott\" href=\"https:\/\/www.radiosudamericana.com\/notix\/multimedia\/imagenes\/fotos\/2025-05-13\/214571.jpg\"><img loading=\"lazy\" decoding=\"async\" class=\"img-responsive lazyload center-block\" src=\"https:\/\/www.radiosudamericana.com\/notix\/multimedia\/imagenes\/fotos\/2025-05-13\/214571.jpg_nota.jpg\" alt=\"Vald\u00e9s recorri\u00f3 la obra en construcci\u00f3n del Hotel Marriott\" width=\"700\" height=\"466\" \/><\/a><\/div>\n<\/div>\n<\/div>\n<div class=\"cuerpo\">\n<p>Sobre la misma, a trav\u00e9s de sus redes sociales, asegur\u00f3 que es \u201cuna de las inversiones en infraestructura de mayor envergadura de Corrientes, que avanza firmemente y jerarquizar\u00e1 la calidad de los servicios tur\u00edsticos de la ciudad\u201d.<\/p>\n<p><a class=\"fotos-desarrollo unlink\" title=\"Vald\u00e9s recorri\u00f3 la obra en construcci\u00f3n del Hotel Marriott\" href=\"https:\/\/www.radiosudamericana.com\/notix\/multimedia\/imagenes\/fotos\/2025-05-13\/213715.jpg\"><img decoding=\"async\" class=\"img-responsive\" src=\"https:\/\/www.radiosudamericana.com\/notix\/multimedia\/imagenes\/fotos\/2025-05-13\/213715.jpg_nota.jpg\" \/><\/a><\/p>\n<p>Asimismo, el mandatario afirm\u00f3 que \u201csu construcci\u00f3n emplea directamente a 250 personas gracias a que hay un Gobierno, el nuestro, que fomenta y protege la inversi\u00f3n privada\u201d. De esta manera, se busca que mediante la\u00a0colaboraci\u00f3n entre el sector p\u00fablico y el privado se puedan crear alianzas estrat\u00e9gicas para el desarrollo de nuevos productos y servicios.<\/p>\n<p><a class=\"fotos-desarrollo unlink\" title=\"Vald\u00e9s recorri\u00f3 la obra en construcci\u00f3n del Hotel Marriott\" href=\"https:\/\/www.radiosudamericana.com\/notix\/multimedia\/imagenes\/fotos\/2025-05-13\/460167.jpg\"><img decoding=\"async\" class=\"img-responsive\" src=\"https:\/\/www.radiosudamericana.com\/notix\/multimedia\/imagenes\/fotos\/2025-05-13\/460167.jpg_nota.jpg\" \/><\/a><\/p>\n<p>&nbsp;<\/p>\n<div id=\"leermas\"><\/div>\n<p>&nbsp;<\/p>\n<p>\u201cEl Marriott sofisticar\u00e1 a Corrientes, que con su notable desarrollo necesita de emprendimientos que, como \u00e9ste, eleven su nivel. \u00a1Adelante!\u201d, finaliz\u00f3 el jefe del Ejecutivo Provincial.<\/p>\n<p><a class=\"fotos-desarrollo unlink\" title=\"Vald\u00e9s recorri\u00f3 la obra en construcci\u00f3n del Hotel Marriott\" href=\"https:\/\/www.radiosudamericana.com\/notix\/multimedia\/imagenes\/fotos\/2025-05-13\/798594.jpg\"><img decoding=\"async\" class=\"img-responsive\" src=\"https:\/\/www.radiosudamericana.com\/notix\/multimedia\/imagenes\/fotos\/2025-05-13\/798594.jpg_nota.jpg\" \/><\/a><\/p>\n<p><a class=\"fotos-desarrollo unlink\" title=\"Vald\u00e9s recorri\u00f3 la obra en construcci\u00f3n del Hotel Marriott\" href=\"https:\/\/www.radiosudamericana.com\/notix\/multimedia\/imagenes\/fotos\/2025-05-13\/536052.jpg\"><img decoding=\"async\" class=\"img-responsive\" src=\"https:\/\/www.radiosudamericana.com\/notix\/multimedia\/imagenes\/fotos\/2025-05-13\/536052.jpg_nota.jpg\" \/><\/a><\/p>\n<\/div>\n<\/div>\n<div id=\"Native-MultiPlex\" data-google-query-id=\"CKv_otn4oo0DFR9U3QIdGv8vEQ\">\n<div id=\"google_ads_iframe_\/21849154601,21669678094\/Ad.Plus-MultiPlex_0__container__\">Radio Sudamericana<\/div>\n<\/div>\n<\/div>\n","protected":false},"excerpt":{"rendered":"<p>El gobernador Gustavo Vald\u00e9s, este martes, visit\u00f3 la construcci\u00f3n del Hotel Marriott ubicado por la Costanera Sur de Corrientes Capital. Sobre la misma, a trav\u00e9s de sus redes sociales, asegur\u00f3 que es \u201cuna de las inversiones en infraestructura de mayor envergadura de Corrientes, que avanza firmemente y jerarquizar\u00e1 la calidad de los servicios tur\u00edsticos de [&hellip;]<\/p>\n","protected":false},"author":3,"featured_media":63216,"comment_status":"open","ping_status":"open","sticky":false,"template":"","format":"standard","meta":{"footnotes":""},"categories":[9],"tags":[],"class_list":["post-63215","post","type-post","status-publish","format-standard","has-post-thumbnail","hentry","category-politica"],"_links":{"self":[{"href":"http:\/\/informateesquina.com\/index.php?rest_route=\/wp\/v2\/posts\/63215","targetHints":{"allow":["GET"]}}],"collection":[{"href":"http:\/\/informateesquina.com\/index.php?rest_route=\/wp\/v2\/posts"}],"about":[{"href":"http:\/\/informateesquina.com\/index.php?rest_route=\/wp\/v2\/types\/post"}],"author":[{"embeddable":true,"href":"http:\/\/informateesquina.com\/index.php?rest_route=\/wp\/v2\/users\/3"}],"replies":[{"embeddable":true,"href":"http:\/\/informateesquina.com\/index.php?rest_route=%2Fwp%2Fv2%2Fcomments&post=63215"}],"version-history":[{"count":1,"href":"http:\/\/informateesquina.com\/index.php?rest_route=\/wp\/v2\/posts\/63215\/revisions"}],"predecessor-version":[{"id":63217,"href":"http:\/\/informateesquina.com\/index.php?rest_route=\/wp\/v2\/posts\/63215\/revisions\/63217"}],"wp:featuredmedia":[{"embeddable":true,"href":"http:\/\/informateesquina.com\/index.php?rest_route=\/wp\/v2\/media\/63216"}],"wp:attachment":[{"href":"http:\/\/informateesquina.com\/index.php?rest_route=%2Fwp%2Fv2%2Fmedia&parent=63215"}],"wp:term":[{"taxonomy":"category","embeddable":true,"href":"http:\/\/informateesquina.com\/index.php?rest_route=%2Fwp%2Fv2%2Fcategories&post=63215"},{"taxonomy":"post_tag","embeddable":true,"href":"http:\/\/informateesquina.com\/index.php?rest_route=%2Fwp%2Fv2%2Ftags&post=63215"}],"curies":[{"name":"wp","href":"https:\/\/api.w.org\/{rel}","templated":true}]}}