{"id":63218,"date":"2025-05-14T09:23:52","date_gmt":"2025-05-14T12:23:52","guid":{"rendered":"https:\/\/informateesquina.com\/?p=63218"},"modified":"2025-05-14T09:23:52","modified_gmt":"2025-05-14T12:23:52","slug":"condenaron-a-sabag-montiel-por-distribucion-y-tenencia-de-material-de-abuso-infantil","status":"publish","type":"post","link":"http:\/\/informateesquina.com\/?p=63218","title":{"rendered":"Condenaron a Sabag Montiel por distribuci\u00f3n y tenencia de material de abuso infantil"},"content":{"rendered":"<div>\n<p class=\"copete\">El acusado por el intento de asesinato a Cristina Kirchner recibi\u00f3 una pena de m\u00e1s de cuatro a\u00f1os de prisi\u00f3n tras hallarse material de explotaci\u00f3n sexual infantil en una tarjeta de memoria secuestrada durante su detenci\u00f3n en 2022.<\/p>\n<div>\n<div class=\"fotos-y-videos\">\n<div class=\"tab-content\">\n<div id=\"fotos\" class=\"tab-pane fade in active\" role=\"tabpanel\"><a class=\"fotos-desarrollo unlink\" title=\"Condenaron a Sabag Montiel por distribuci\u00f3n y tenencia de material de abuso infantil\" href=\"https:\/\/www.radiosudamericana.com\/notix\/multimedia\/imagenes\/fotos\/2025-05-14\/954305.jpg\"><img loading=\"lazy\" decoding=\"async\" class=\"img-responsive lazyload center-block\" src=\"https:\/\/www.radiosudamericana.com\/notix\/multimedia\/imagenes\/fotos\/2025-05-14\/954305.jpg_nota.jpg\" alt=\"Condenaron a Sabag Montiel por distribuci\u00f3n y tenencia de material de abuso infantil\" width=\"700\" height=\"467\" \/><\/a><\/div>\n<\/div>\n<\/div>\n<div class=\"cuerpo\">\n<p>Fernando Sabag Montiel, procesado por el intento de asesinato a la expresidenta y exvicepresidenta Cristina Fern\u00e1ndez de Kirchner, fue condenado a cuatro a\u00f1os y tres meses de prisi\u00f3n efectiva por los delitos de distribuci\u00f3n y tenencia de material de abuso sexual infantil.<\/p>\n<p>&nbsp;<\/p>\n<div id=\"leermas\">\n<div class=\"mitad\"><\/div>\n<\/div>\n<p>&nbsp;<\/p>\n<p>La sentencia fue dictada en las \u00faltimas horas por la jueza Julia Correa, titular del Juzgado Penal, Contravencional y de Faltas N\u00b028 de la Ciudad de Buenos Aires, en el marco de un juicio abreviado impulsado por la Unidad Fiscal Especializada en Delitos y Contravenciones Inform\u00e1ticas (UFEDyCI), encabezada por la fiscal Daniela Dupuy.<\/p>\n<p>La causa se origin\u00f3 el 1 de septiembre de 2022, cuando Sabag Montiel fue detenido tras intentar asesinar a Cristina Kirchner. Durante el procedimiento, las autoridades secuestraron su tel\u00e9fono celular, donde hallaron una tarjeta de memoria que conten\u00eda 17 im\u00e1genes y 102 videos con contenido expl\u00edcito de explotaci\u00f3n sexual infantil.<\/p>\n<p>Adem\u00e1s, la fiscal\u00eda comprob\u00f3 que el imputado hab\u00eda compartido al menos tres veces este tipo de material a trav\u00e9s de la red social Instagram. En consecuencia, la jueza lo declar\u00f3 culpable de poseer y distribuir contenido que involucraba a menores de 13 a\u00f1os.<\/p>\n<p><strong><em>\u201cEn la Ciudad de Buenos Aires no hay margen para la impunidad en delitos que atentan contra la integridad de ni\u00f1os, ni\u00f1as y adolescentes\u201d<\/em><\/strong>, expres\u00f3 el fiscal general Juan Bautista Mahiques, quien destac\u00f3 el trabajo del equipo de la UFEDyCI y la eficacia del sistema judicial porte\u00f1o.<\/p>\n<p>Radio Sudamericana<\/p>\n<\/div>\n<\/div>\n<\/div>\n","protected":false},"excerpt":{"rendered":"<p>El acusado por el intento de asesinato a Cristina Kirchner recibi\u00f3 una pena de m\u00e1s de cuatro a\u00f1os de prisi\u00f3n tras hallarse material de explotaci\u00f3n sexual infantil en una tarjeta de memoria secuestrada durante su detenci\u00f3n en 2022. Fernando Sabag Montiel, procesado por el intento de asesinato a la expresidenta y exvicepresidenta Cristina Fern\u00e1ndez de [&hellip;]<\/p>\n","protected":false},"author":3,"featured_media":63220,"comment_status":"open","ping_status":"open","sticky":false,"template":"","format":"standard","meta":{"footnotes":""},"categories":[8],"tags":[],"class_list":["post-63218","post","type-post","status-publish","format-standard","has-post-thumbnail","hentry","category-policiales"],"_links":{"self":[{"href":"http:\/\/informateesquina.com\/index.php?rest_route=\/wp\/v2\/posts\/63218","targetHints":{"allow":["GET"]}}],"collection":[{"href":"http:\/\/informateesquina.com\/index.php?rest_route=\/wp\/v2\/posts"}],"about":[{"href":"http:\/\/informateesquina.com\/index.php?rest_route=\/wp\/v2\/types\/post"}],"author":[{"embeddable":true,"href":"http:\/\/informateesquina.com\/index.php?rest_route=\/wp\/v2\/users\/3"}],"replies":[{"embeddable":true,"href":"http:\/\/informateesquina.com\/index.php?rest_route=%2Fwp%2Fv2%2Fcomments&post=63218"}],"version-history":[{"count":1,"href":"http:\/\/informateesquina.com\/index.php?rest_route=\/wp\/v2\/posts\/63218\/revisions"}],"predecessor-version":[{"id":63221,"href":"http:\/\/informateesquina.com\/index.php?rest_route=\/wp\/v2\/posts\/63218\/revisions\/63221"}],"wp:featuredmedia":[{"embeddable":true,"href":"http:\/\/informateesquina.com\/index.php?rest_route=\/wp\/v2\/media\/63220"}],"wp:attachment":[{"href":"http:\/\/informateesquina.com\/index.php?rest_route=%2Fwp%2Fv2%2Fmedia&parent=63218"}],"wp:term":[{"taxonomy":"category","embeddable":true,"href":"http:\/\/informateesquina.com\/index.php?rest_route=%2Fwp%2Fv2%2Fcategories&post=63218"},{"taxonomy":"post_tag","embeddable":true,"href":"http:\/\/informateesquina.com\/index.php?rest_route=%2Fwp%2Fv2%2Ftags&post=63218"}],"curies":[{"name":"wp","href":"https:\/\/api.w.org\/{rel}","templated":true}]}}